{"id":10944,"date":"2026-04-25T21:50:00","date_gmt":"2026-04-25T19:50:00","guid":{"rendered":"https:\/\/altinisik.org\/?p=10944"},"modified":"2026-04-25T21:50:00","modified_gmt":"2026-04-25T19:50:00","slug":"kuresel-merkez-turkiyeye-kayiyor","status":"publish","type":"post","link":"https:\/\/altinisik.org\/?p=10944","title":{"rendered":"K\u00fcresel Merkez T\u00fcrkiye\u2019ye Kay\u0131yor"},"content":{"rendered":"\n<p><\/p>\n\n\n\n<p>Son a\u00e7\u0131klanan vergi te\u015fvik paketini yaln\u0131zca teknik bir mali d\u00fczenleme olarak de\u011ferlendirmek, i\u00e7inde bulundu\u011fumuz tarihsel k\u0131r\u0131lmay\u0131 kavrayamamak anlam\u0131na gelir. \u00c7\u00fcnk\u00fc burada s\u00f6z konusu olan, klasik ekonomi politikalar\u0131n\u0131n s\u0131n\u0131rlar\u0131n\u0131 a\u015fan bir y\u00f6n de\u011fi\u015fimidir. T\u00fcrkiye art\u0131k k\u00fcresel sistemde yer arayan bir \u00fclke de\u011fil; yer tayin etme iradesi g\u00f6steren bir akt\u00f6r olarak konumlanmaktad\u0131r. Cumhurba\u015fkan\u0131 Recep Tayyip Erdo\u011fan\u2019\u0131n \u0130stanbul Finans Merkezi ekseninde a\u00e7\u0131klad\u0131\u011f\u0131 vergi avantajlar\u0131, y\u00fczeyde yat\u0131r\u0131m \u00e7ekme hamlesi gibi okunabilir. Ancak bu ad\u0131m\u0131n ger\u00e7ek anlam\u0131, k\u00fcresel sermaye ak\u0131mlar\u0131n\u0131n y\u00f6n\u00fcne m\u00fcdahale etme iddias\u0131nda sakl\u0131d\u0131r. Bu, edilgen bir ekonomik strateji de\u011fil; aktif bir sistem kurma refleksidir.<\/p>\n\n\n\n<p>Bu y\u00f6n de\u011fi\u015fiminin ilk i\u015fareti, kamuoyunda yeterince tart\u0131\u015f\u0131lmayan fakat ekonomi \u00e7evrelerinde dikkatle analiz edilen bir temasla ortaya konmu\u015ftur. D\u00fcnyan\u0131n en b\u00fcy\u00fck varl\u0131k y\u00f6netim \u015firketlerinden BlackRock\u2019un CEO\u2019su Larry Fink ile ger\u00e7ekle\u015ftirilen g\u00f6r\u00fc\u015fme, s\u0131radan bir yat\u0131r\u0131m diyalo\u011fu olarak okunamaz. Bu temas, k\u00fcresel finans mimarisinin merkezinde yer alan akt\u00f6rlere verilmi\u015f stratejik bir mesajd\u0131r. Zira BlackRock gibi kurumlar yaln\u0131zca sermayeyi y\u00f6neten yap\u0131lar de\u011fildir; ayn\u0131 zamanda sermayenin y\u00f6n\u00fcn\u00fc belirleyen, ba\u015fka bir ifadeyle k\u00fcresel ekonomik akl\u0131n y\u00f6n tayin edici unsurlar\u0131d\u0131r. Bu ba\u011flamda s\u00f6z konusu g\u00f6r\u00fc\u015fme, T\u00fcrkiye\u2019nin k\u00fcresel finans sistemine entegrasyon aray\u0131\u015f\u0131n\u0131n \u00f6tesine ge\u00e7ti\u011fini, bu sistem i\u00e7erisinde yeniden konumlanma iradesi ortaya koydu\u011funu g\u00f6stermektedir.<\/p>\n\n\n\n<p>Bug\u00fcn kamuoyunda s\u0131kl\u0131kla kullan\u0131lan \u201cDubai\u2019den ka\u00e7an sermaye\u201d s\u00f6ylemi, meseleyi daraltan ve y\u00fczeyselle\u015ftiren bir \u00e7er\u00e7eve sunmaktad\u0131r. Oysa ya\u015fanan s\u00fcre\u00e7, sermayenin bir co\u011frafyadan di\u011ferine basit bir hareketi de\u011fil; k\u00fcresel finansal merkezlerin yeniden da\u011f\u0131l\u0131m\u0131d\u0131r. K\u00f6rfez\u2019in sa\u011flad\u0131\u011f\u0131 avantajlar jeopolitik k\u0131r\u0131lganl\u0131klarla g\u00f6lgelenirken, Bat\u0131 finans sistemi artan reg\u00fclasyon y\u00fck\u00fc alt\u0131nda esnekli\u011fini kaybetmekte, Asya ise hen\u00fcz kurumsal g\u00fcven \u00fcretme kapasitesini tam anlam\u0131yla tesis edememektedir. Bu \u00fc\u00e7l\u00fc s\u0131k\u0131\u015fma, yeni merkezlerin do\u011fu\u015funu zorunlu k\u0131lmaktad\u0131r. T\u00fcrkiye tam da bu noktada, co\u011frafi konumunun \u00f6tesine ge\u00e7en diplomatik esnekli\u011fi, \u00e7ok katmanl\u0131 ili\u015fki kurabilme kabiliyeti ve kriz y\u00f6netimindeki pragmatik yakla\u015f\u0131m\u0131yla alternatif bir \u00e7ekim alan\u0131 olu\u015fturmaktad\u0131r. Bu, klasik anlamda yat\u0131r\u0131m \u00e7ekme politikas\u0131ndan farkl\u0131 olarak, sermayenin y\u00f6n\u00fcn\u00fc etkileyen bir merkez olma iddias\u0131d\u0131r.<\/p>\n\n\n\n<p>T\u00fcrkiye\u2019nin son y\u0131llarda izledi\u011fi d\u0131\u015f politika \u00e7izgisi de bu d\u00f6n\u00fc\u015f\u00fcm\u00fcn tamamlay\u0131c\u0131 unsurudur. Ukrayna-Rusya sava\u015f\u0131 ba\u015fta olmak \u00fczere, Orta Do\u011fu\u2019daki k\u0131r\u0131lmalar ve k\u00fcresel g\u00fc\u00e7 rekabetinin yo\u011funla\u015ft\u0131\u011f\u0131 alanlarda sergilenen yakla\u015f\u0131m, normatif ittifak kal\u0131plar\u0131na s\u0131k\u0131\u015fmayan bir akl\u0131 yans\u0131tmaktad\u0131r. Bu ak\u0131l, konjonkt\u00fcrel esneklik ile stratejik s\u00fcreklili\u011fi ayn\u0131 potada eriten bir devlet refleksidir. Art\u0131k s\u00f6z konusu olan, klasik denge politikas\u0131 de\u011fil; \u00e7ok kutuplu sistemde ba\u011f\u0131ms\u0131z hareket edebilme kapasitesidir. Savunma sanayiinde at\u0131lan ad\u0131mlar\u0131n ge\u00e7ici politik tercihlerden ziyade uzun vadeli bir devlet stratejisi haline gelmesi, bu yakla\u015f\u0131m\u0131n kurumsalla\u015ft\u0131\u011f\u0131n\u0131 g\u00f6stermektedir. Teknolojik ba\u011f\u0131ms\u0131zl\u0131k aray\u0131\u015f\u0131 da bu \u00e7er\u00e7evede, ekonomik bir tercihten \u00e7ok jeopolitik bir zorunluluk olarak ortaya \u00e7\u0131kmaktad\u0131r.<\/p>\n\n\n\n<p>Bu tablo, uluslararas\u0131 sistemde daha geni\u015f bir d\u00f6n\u00fc\u015f\u00fcm\u00fcn par\u00e7as\u0131d\u0131r. So\u011fuk Sava\u015f sonras\u0131 kurulan tek kutuplu d\u00fczen art\u0131k s\u00fcrd\u00fcr\u00fclebilirli\u011fini kaybetmektedir. ABD merkezli yap\u0131 sorgulanmakta, \u00c7in alternatif bir g\u00fc\u00e7 oda\u011f\u0131 in\u015fa etmeye \u00e7al\u0131\u015fmakta, Avrupa ise i\u00e7 \u00e7eli\u015fkileriyle y\u00f6n\u00fcn\u00fc tayin etmekte zorlanmaktad\u0131r. Bu \u00e7\u00f6z\u00fclme, yaln\u0131zca g\u00fc\u00e7 kayb\u0131 de\u011fil, ayn\u0131 zamanda yeni g\u00fc\u00e7 merkezlerinin ortaya \u00e7\u0131k\u0131\u015f\u0131 anlam\u0131na gelmektedir. T\u00fcrkiye bu s\u00fcre\u00e7te, mevcut kutuplardan birine eklemlenmek yerine kendi eksenini olu\u015fturma y\u00f6n\u00fcnde bilin\u00e7li bir tercih ortaya koymaktad\u0131r. Bu tercih, uluslararas\u0131 ili\u015fkiler literat\u00fcr\u00fcnde \u201cstratejik otonomi\u201d olarak kavramsalla\u015ft\u0131r\u0131lan yakla\u015f\u0131m\u0131n somut bir tezah\u00fcr\u00fcd\u00fcr. Ancak T\u00fcrkiye \u00f6rne\u011finde bu kavram, teorik bir \u00e7er\u00e7evenin \u00f6tesine ge\u00e7erek pratik bir devlet politikas\u0131 haline gelmi\u015ftir.<\/p>\n\n\n\n<p>D\u0131\u015far\u0131da bu \u00f6l\u00e7ekte bir d\u00f6n\u00fc\u015f\u00fcm ya\u015fan\u0131rken, i\u00e7erideki siyasal yap\u0131n\u0131n statik kalmas\u0131 d\u00fc\u015f\u00fcn\u00fclemez. K\u00fcresel \u00f6l\u00e7ekte rol talep eden bir \u00fclkenin i\u00e7 siyasetinde, sistemi yava\u015flatan ve yaln\u0131zca reaksiyon \u00fcreten yap\u0131lar\u0131n uzun vadede varl\u0131klar\u0131n\u0131 s\u00fcrd\u00fcrmeleri m\u00fcmk\u00fcn de\u011fildir. Bu noktada tart\u0131\u015f\u0131lmas\u0131 gereken muhalefetin varl\u0131\u011f\u0131 de\u011fil, i\u015flevselli\u011fidir. Yeni d\u00f6nemde siyasal rekabet, devlet kapasitesini a\u015f\u0131nd\u0131rmak \u00fczerinden de\u011fil, onu daha ileriye ta\u015f\u0131ma iddias\u0131 \u00fczerinden \u015fekillenmek zorundad\u0131r. Aksi halde siyaset, k\u00fcresel d\u00f6n\u00fc\u015f\u00fcm\u00fcn h\u0131z\u0131na yeti\u015femeyen bir alan haline gelir ve kendi me\u015fruiyet zeminini zay\u0131flat\u0131r.<\/p>\n\n\n\n<p>T\u00fcm bu geli\u015fmeler birlikte ele al\u0131nd\u0131\u011f\u0131nda, T\u00fcrkiye\u2019nin i\u00e7inden ge\u00e7ti\u011fi s\u00fcreci \u201cyeni bir d\u00f6nem\u201d olarak tan\u0131mlamak yetersiz kalmaktad\u0131r. \u00c7\u00fcnk\u00fc ya\u015fanan \u015fey, d\u00f6nemsel bir de\u011fi\u015fim de\u011fil; yap\u0131sal bir d\u00f6n\u00fc\u015f\u00fcmd\u00fcr. Ekonomiden d\u0131\u015f politikaya, savunmadan teknolojiye kadar uzanan bu \u00e7ok katmanl\u0131 de\u011fi\u015fim, T\u00fcrkiye\u2019nin k\u00fcresel sistemdeki konumunu yeniden tan\u0131mlamaktad\u0131r. Bu ba\u011flamda art\u0131k tart\u0131\u015f\u0131lmas\u0131 gereken, T\u00fcrkiye\u2019nin de\u011fi\u015fip de\u011fi\u015fmedi\u011fi de\u011fil, bu de\u011fi\u015fimin ne \u00f6l\u00e7\u00fcde derinle\u015fece\u011fi ve ne kadar s\u00fcrd\u00fcr\u00fclebilir olaca\u011f\u0131d\u0131r. Bu sorunun cevab\u0131 ise yaln\u0131zca ekonomik verilerde de\u011fil; devlet akl\u0131n\u0131n s\u00fcreklili\u011finde, toplumsal uyum kapasitesinde ve siyasal rekabetin niteli\u011finde sakl\u0131d\u0131r.<\/p>\n\n\n\n<p>Bu nedenle ortaya \u00e7\u0131kan tabloyu bir \u00fclke hikayesi olarak okumak eksik kal\u0131r. Daha do\u011fru olan, bunu yeni bir tarihsel momentin ba\u015flang\u0131c\u0131 olarak de\u011ferlendirmektir. \u00c7\u00fcnk\u00fc baz\u0131 d\u00f6nemler vard\u0131r; \u00fclkeler o d\u00f6nemlerin i\u00e7inde yer al\u0131r. Ancak baz\u0131 d\u00f6nemlerde \u00fclkeler, bizzat o d\u00f6nemin ad\u0131n\u0131 belirler. T\u00fcrkiye bug\u00fcn tam da b\u00f6yle bir e\u015fi\u011fin \u00fczerindedir.<\/p>\n","protected":false},"excerpt":{"rendered":"<p>Son a\u00e7\u0131klanan vergi te\u015fvik paketini yaln\u0131zca teknik bir mali d\u00fczenleme olarak de\u011ferlendirmek, i\u00e7inde bulundu\u011fumuz tarihsel k\u0131r\u0131lmay\u0131 kavrayamamak anlam\u0131na gelir. \u00c7\u00fcnk\u00fc burada s\u00f6z konusu olan, klasik ekonomi politikalar\u0131n\u0131n s\u0131n\u0131rlar\u0131n\u0131 a\u015fan bir y\u00f6n de\u011fi\u015fimidir. T\u00fcrkiye art\u0131k k\u00fcresel sistemde yer arayan bir \u00fclke de\u011fil; yer tayin etme iradesi g\u00f6steren bir akt\u00f6r olarak konumlanmaktad\u0131r. Cumhurba\u015fkan\u0131 Recep Tayyip Erdo\u011fan\u2019\u0131n \u0130stanbul Finans Merkezi ekseninde a\u00e7\u0131klad\u0131\u011f\u0131 vergi avantajlar\u0131, y\u00fczeyde yat\u0131r\u0131m \u00e7ekme hamlesi gibi okunabilir. Ancak bu ad\u0131m\u0131n ger\u00e7ek anlam\u0131, k\u00fcresel sermaye ak\u0131mlar\u0131n\u0131n y\u00f6n\u00fcne m\u00fcdahale etme iddias\u0131nda sakl\u0131d\u0131r. Bu, edilgen bir ekonomik strateji de\u011fil; aktif bir sistem kurma refleksidir.<\/p>\n","protected":false},"author":2,"featured_media":10943,"comment_status":"","ping_status":"","sticky":false,"template":"","format":"aside","meta":{"_jetpack_memberships_contains_paid_content":false,"footnotes":""},"categories":[4],"tags":[],"class_list":["post-10944","post","type-post","status-publish","format-aside","has-post-thumbnail","hentry","category-sivil-toplum-hareketi","post_format-post-format-aside"],"jetpack_featured_media_url":"https:\/\/altinisik.org\/wp-content\/uploads\/2026\/04\/10d5c594-e3b9-4912-9ebe-3bb2a8a3a3b8.jpg","jetpack_sharing_enabled":true,"_links":{"self":[{"href":"https:\/\/altinisik.org\/index.php?rest_route=\/wp\/v2\/posts\/10944","targetHints":{"allow":["GET"]}}],"collection":[{"href":"https:\/\/altinisik.org\/index.php?rest_route=\/wp\/v2\/posts"}],"about":[{"href":"https:\/\/altinisik.org\/index.php?rest_route=\/wp\/v2\/types\/post"}],"author":[{"embeddable":true,"href":"https:\/\/altinisik.org\/index.php?rest_route=\/wp\/v2\/users\/2"}],"replies":[{"embeddable":true,"href":"https:\/\/altinisik.org\/index.php?rest_route=%2Fwp%2Fv2%2Fcomments&post=10944"}],"version-history":[{"count":0,"href":"https:\/\/altinisik.org\/index.php?rest_route=\/wp\/v2\/posts\/10944\/revisions"}],"wp:featuredmedia":[{"embeddable":true,"href":"https:\/\/altinisik.org\/index.php?rest_route=\/wp\/v2\/media\/10943"}],"wp:attachment":[{"href":"https:\/\/altinisik.org\/index.php?rest_route=%2Fwp%2Fv2%2Fmedia&parent=10944"}],"wp:term":[{"taxonomy":"category","embeddable":true,"href":"https:\/\/altinisik.org\/index.php?rest_route=%2Fwp%2Fv2%2Fcategories&post=10944"},{"taxonomy":"post_tag","embeddable":true,"href":"https:\/\/altinisik.org\/index.php?rest_route=%2Fwp%2Fv2%2Ftags&post=10944"}],"curies":[{"name":"wp","href":"https:\/\/api.w.org\/{rel}","templated":true}]}}