{"id":10887,"date":"2025-12-23T22:42:09","date_gmt":"2025-12-23T21:42:09","guid":{"rendered":"https:\/\/altinisik.org\/?p=10887"},"modified":"2025-12-23T22:42:09","modified_gmt":"2025-12-23T21:42:09","slug":"turkiyenin-dijital-gelecegi-icin-stratejik-bir-cagri-trabzon","status":"publish","type":"post","link":"https:\/\/altinisik.org\/?p=10887","title":{"rendered":"T\u00fcrkiye\u2019nin Dijital Gelece\u011fi \u0130\u00e7in Stratejik Bir \u00c7a\u011fr\u0131: Trabzon"},"content":{"rendered":"\n<p><\/p>\n\n\n\n<p>T\u00fcrkiye\u2019nin dijital merkez \u00fcss\u00fc olma hedefi, yaln\u0131zca bir teknoloji yat\u0131r\u0131m\u0131 de\u011fil; egemenlik, g\u00fcvenlik ve k\u00fcresel rekabet meselesidir. Bu vizyon, k\u0131sa vadeli kolayl\u0131klarla de\u011fil, uzun vadeli devlet akl\u0131yla hayata ge\u00e7irilmelidir.<\/p>\n\n\n\n<p>Bu \u00e7er\u00e7evede a\u00e7\u0131k ve net bir \u00e7a\u011fr\u0131da bulunuyoruz: T\u00fcrkiye\u2019nin dijital merkez \u00fcss\u00fc i\u00e7in Trabzon g\u00fc\u00e7l\u00fc ve stratejik bir adayd\u0131r.<\/p>\n\n\n\n<p>Trabzon;<\/p>\n\n\n\n<p>Karadeniz havzas\u0131nda Avrupa, Kafkasya ve Orta Asya\u2019y\u0131 birbirine ba\u011flayan jeostratejik konumu, dijital altyap\u0131lar\u0131n g\u00fcvenli\u011fi a\u00e7\u0131s\u0131ndan sundu\u011fu co\u011frafi da\u011f\u0131l\u0131m ve dayan\u0131kl\u0131l\u0131k avantaj\u0131, \u00fcniversiteleri ve gen\u00e7 n\u00fcfusuyla olu\u015fturabilece\u011fi s\u00fcrd\u00fcr\u00fclebilir teknoloji ekosistemi, b\u00f6lgesel kalk\u0131nmay\u0131 h\u0131zland\u0131racak \u00e7arpan etkisi ile bu vizyonun do\u011fal merkezlerinden biridir.<\/p>\n\n\n\n<p>Dijital altyap\u0131lar\u0131n birka\u00e7 metropole s\u0131k\u0131\u015fmas\u0131, modern devletler i\u00e7in stratejik k\u0131r\u0131lganl\u0131k \u00fcretir. Trabzon\u2019un bu s\u00fcrece dahil edilmesi ise T\u00fcrkiye\u2019nin dijital kapasitesini dengeleyen, g\u00fc\u00e7lendiren ve g\u00fcvence alt\u0131na alan bir tercihtir.<\/p>\n\n\n\n<p>Bug\u00fcn yap\u0131lacak do\u011fru konumland\u0131rma, yar\u0131n\u0131n dijital ba\u011f\u0131ms\u0131zl\u0131\u011f\u0131n\u0131 belirleyecektir.<\/p>\n\n\n\n<p>Bu nedenle \u00e7a\u011fr\u0131m\u0131z nettir:<\/p>\n\n\n\n<p>Trabzon, T\u00fcrkiye\u2019nin dijital gelece\u011finde tali bir se\u00e7enek de\u011fil; stratejik bir merkez olarak de\u011ferlendirilmelidir.<\/p>\n\n\n\n<p>Bu mesele yerel de\u011fil, millidir. Bu \u00e7a\u011fr\u0131 bir talep de\u011fil, stratejik bir gerekliliktir.<\/p>\n","protected":false},"excerpt":{"rendered":"<p>T\u00fcrkiye\u2019nin dijital merkez \u00fcss\u00fc olma hedefi, yaln\u0131zca bir teknoloji yat\u0131r\u0131m\u0131 de\u011fil; egemenlik, g\u00fcvenlik ve k\u00fcresel rekabet meselesidir. Bu vizyon, k\u0131sa vadeli kolayl\u0131klarla de\u011fil, uzun vadeli devlet akl\u0131yla hayata ge\u00e7irilmelidir.<\/p>\n","protected":false},"author":2,"featured_media":10886,"comment_status":"","ping_status":"","sticky":false,"template":"","format":"aside","meta":{"_jetpack_memberships_contains_paid_content":false,"footnotes":""},"categories":[4],"tags":[],"class_list":["post-10887","post","type-post","status-publish","format-aside","has-post-thumbnail","hentry","category-sivil-toplum-hareketi","post_format-post-format-aside"],"jetpack_featured_media_url":"https:\/\/altinisik.org\/wp-content\/uploads\/2025\/12\/img_5890.jpg","jetpack_sharing_enabled":true,"_links":{"self":[{"href":"https:\/\/altinisik.org\/index.php?rest_route=\/wp\/v2\/posts\/10887","targetHints":{"allow":["GET"]}}],"collection":[{"href":"https:\/\/altinisik.org\/index.php?rest_route=\/wp\/v2\/posts"}],"about":[{"href":"https:\/\/altinisik.org\/index.php?rest_route=\/wp\/v2\/types\/post"}],"author":[{"embeddable":true,"href":"https:\/\/altinisik.org\/index.php?rest_route=\/wp\/v2\/users\/2"}],"replies":[{"embeddable":true,"href":"https:\/\/altinisik.org\/index.php?rest_route=%2Fwp%2Fv2%2Fcomments&post=10887"}],"version-history":[{"count":0,"href":"https:\/\/altinisik.org\/index.php?rest_route=\/wp\/v2\/posts\/10887\/revisions"}],"wp:featuredmedia":[{"embeddable":true,"href":"https:\/\/altinisik.org\/index.php?rest_route=\/wp\/v2\/media\/10886"}],"wp:attachment":[{"href":"https:\/\/altinisik.org\/index.php?rest_route=%2Fwp%2Fv2%2Fmedia&parent=10887"}],"wp:term":[{"taxonomy":"category","embeddable":true,"href":"https:\/\/altinisik.org\/index.php?rest_route=%2Fwp%2Fv2%2Fcategories&post=10887"},{"taxonomy":"post_tag","embeddable":true,"href":"https:\/\/altinisik.org\/index.php?rest_route=%2Fwp%2Fv2%2Ftags&post=10887"}],"curies":[{"name":"wp","href":"https:\/\/api.w.org\/{rel}","templated":true}]}}