{"id":10881,"date":"2025-12-13T19:31:04","date_gmt":"2025-12-13T18:31:04","guid":{"rendered":"https:\/\/altinisik.org\/?p=10881"},"modified":"2025-12-13T19:31:04","modified_gmt":"2025-12-13T18:31:04","slug":"deprem-devlet-meselesidir-ihmal-yerelde-ve-toplumdadir","status":"publish","type":"post","link":"https:\/\/altinisik.org\/?p=10881","title":{"rendered":"Deprem Devlet Meselesidir, \u0130hmal Yerelde ve Toplumdad\u0131r"},"content":{"rendered":"\n<p>Amerikan bas\u0131n\u0131 \u0130stanbul i\u00e7in \u201cgeri say\u0131m h\u0131zlan\u0131yor\u201d diyor. Bu c\u00fcmle bizi korkutmal\u0131 m\u0131? Hay\u0131r. As\u0131l korkutmas\u0131 gereken \u015fey, bu ger\u00e7e\u011fi h\u00e2l\u00e2 ba\u015fkalar\u0131ndan duyuyor olmam\u0131zd\u0131r.<\/p>\n\n\n\n<p>\u0130stanbul\u2019un deprem kenti oldu\u011fu yeni bir bilgi de\u011fil. Marmara Fay\u0131 y\u0131llard\u0131r yerinde duruyor. Bilim insanlar\u0131 y\u0131llard\u0131r ayn\u0131 uyar\u0131y\u0131 yap\u0131yor. Devlet de bu uyar\u0131lara kay\u0131ts\u0131z kalm\u0131\u015f de\u011fil.<\/p>\n\n\n\n<p>Bug\u00fcn y\u00fcr\u00fcrl\u00fckte olan deprem y\u00f6netmelikleri, kentsel d\u00f6n\u00fc\u015f\u00fcm yasalar\u0131, afet planlar\u0131 ortada. Merkezi idare, imk\u00e2nlar\u0131 \u00f6l\u00e7\u00fcs\u00fcnde bu riski azaltmaya \u00e7al\u0131\u015f\u0131yor. Mesele ink\u00e2r de\u011fil, uygulama meselesi.<\/p>\n\n\n\n<p>Sorun tam da burada ba\u015fl\u0131yor.<\/p>\n\n\n\n<p>Deprem devlet meselesidir;<br \/>ama ihmal yerelde, vurdumduymazl\u0131k ise toplumdad\u0131r.<\/p>\n\n\n\n<p>Yerel y\u00f6netimler, depremi bir \u015fehir g\u00fcvenli\u011fi meselesi olarak de\u011fil, \u00e7o\u011fu zaman bir siyasi maliyet hesab\u0131 olarak g\u00f6r\u00fcyor. Riskli yap\u0131lar biliniyor, raporlar ortada; ancak kararl\u0131 ad\u0131mlar at\u0131lm\u0131yor. \u00c7\u00fcnk\u00fc d\u00f6n\u00fc\u015f\u00fcm g\u00fcr\u00fclt\u00fc \u00e7\u0131kar\u0131r, tepki do\u011furur, konfor bozar.<\/p>\n\n\n\n<p>Toplum cephesinde tablo daha da \u00e7arp\u0131c\u0131d\u0131r.<\/p>\n\n\n\n<p>Herkes g\u00fcvenli \u015fehir istiyor. Herkes depremden korkuyor. Ama s\u0131ra kendi binas\u0131na gelince, herkes susuyor.<\/p>\n\n\n\n<p>Felaket konu\u015fuluyor, fedak\u00e2rl\u0131k konu\u015fulmuyor.<\/p>\n\n\n\n<p>Riskli bina tespiti yap\u0131ld\u0131\u011f\u0131nda itiraz ediliyor. Y\u0131k\u0131m karar\u0131 \u00e7\u0131kt\u0131\u011f\u0131nda ertelenmesi isteniyor. Ge\u00e7ici ta\u015f\u0131nma gerekti\u011finde bahaneler s\u0131ralan\u0131yor. Herkes d\u00f6n\u00fc\u015f\u00fcmden yana; kendi evi hari\u00e7.<\/p>\n\n\n\n<p>Oysa bu topraklar\u0131n gelene\u011finde afetle m\u00fccadele, yaln\u0131zca devletin de\u011fil, toplumun da sorumlulu\u011fudur. Devlet plan yapar, yasa \u00e7\u0131kar\u0131r, kaynak ay\u0131r\u0131r. Yerel y\u00f6netimler uygular. Toplum da bedel \u00f6der, fedak\u00e2rl\u0131k yapar. Zincirin bir halkas\u0131 koptu mu, sonu\u00e7 ka\u00e7\u0131n\u0131lmaz olur.<\/p>\n\n\n\n<p>Deprem kader de\u011fildir. Ama tedbirsizlik a\u00e7\u0131k bir ihmaldir.<\/p>\n\n\n\n<p>Ve unutulmamal\u0131d\u0131r: Deprem geldi\u011finde su\u00e7lu fay hatt\u0131 olmayacak. Su\u00e7lu, g\u00f6revini erteleyenler olacak. Su\u00e7lu, \u201csonra bakar\u0131z\u201d diyen anlay\u0131\u015f olacak.<\/p>\n\n\n\n<p>Amerikan bas\u0131n\u0131n\u0131n yazd\u0131\u011f\u0131 \u015fey yeni de\u011fil. Yeni olan, h\u00e2l\u00e2 ayn\u0131 c\u00fcmleleri konu\u015fup ayn\u0131 hatalar\u0131 tekrar ediyor olmam\u0131zd\u0131r.<\/p>\n\n\n\n<p>Deprem gelmeden konu\u015fmak kolayd\u0131r. As\u0131l mesele, gelmeden \u00f6nce fedak\u00e2rl\u0131k yapabilmektir.<\/p>\n","protected":false},"excerpt":{"rendered":"<p>Amerikan bas\u0131n\u0131 \u0130stanbul i\u00e7in \u201cgeri say\u0131m h\u0131zlan\u0131yor\u201d diyor. Bu c\u00fcmle bizi korkutmal\u0131 m\u0131? Hay\u0131r. As\u0131l korkutmas\u0131 gereken \u015fey, bu ger\u00e7e\u011fi h\u00e2l\u00e2 ba\u015fkalar\u0131ndan duyuyor olmam\u0131zd\u0131r.<\/p>\n","protected":false},"author":2,"featured_media":10553,"comment_status":"","ping_status":"","sticky":false,"template":"","format":"aside","meta":{"_jetpack_memberships_contains_paid_content":false,"footnotes":""},"categories":[4],"tags":[],"class_list":["post-10881","post","type-post","status-publish","format-aside","has-post-thumbnail","hentry","category-sivil-toplum-hareketi","post_format-post-format-aside"],"jetpack_featured_media_url":"https:\/\/altinisik.org\/wp-content\/uploads\/2022\/01\/Quer-Banner-Schmal-2.jpg","jetpack_sharing_enabled":true,"_links":{"self":[{"href":"https:\/\/altinisik.org\/index.php?rest_route=\/wp\/v2\/posts\/10881","targetHints":{"allow":["GET"]}}],"collection":[{"href":"https:\/\/altinisik.org\/index.php?rest_route=\/wp\/v2\/posts"}],"about":[{"href":"https:\/\/altinisik.org\/index.php?rest_route=\/wp\/v2\/types\/post"}],"author":[{"embeddable":true,"href":"https:\/\/altinisik.org\/index.php?rest_route=\/wp\/v2\/users\/2"}],"replies":[{"embeddable":true,"href":"https:\/\/altinisik.org\/index.php?rest_route=%2Fwp%2Fv2%2Fcomments&post=10881"}],"version-history":[{"count":0,"href":"https:\/\/altinisik.org\/index.php?rest_route=\/wp\/v2\/posts\/10881\/revisions"}],"wp:featuredmedia":[{"embeddable":true,"href":"https:\/\/altinisik.org\/index.php?rest_route=\/wp\/v2\/media\/10553"}],"wp:attachment":[{"href":"https:\/\/altinisik.org\/index.php?rest_route=%2Fwp%2Fv2%2Fmedia&parent=10881"}],"wp:term":[{"taxonomy":"category","embeddable":true,"href":"https:\/\/altinisik.org\/index.php?rest_route=%2Fwp%2Fv2%2Fcategories&post=10881"},{"taxonomy":"post_tag","embeddable":true,"href":"https:\/\/altinisik.org\/index.php?rest_route=%2Fwp%2Fv2%2Ftags&post=10881"}],"curies":[{"name":"wp","href":"https:\/\/api.w.org\/{rel}","templated":true}]}}