{"id":10880,"date":"2025-12-11T14:05:43","date_gmt":"2025-12-11T13:05:43","guid":{"rendered":"https:\/\/altinisik.org\/?p=10880"},"modified":"2025-12-11T14:05:43","modified_gmt":"2025-12-11T13:05:43","slug":"almanyada-sosyal-devletin-sessiz-tasfiyesi","status":"publish","type":"post","link":"https:\/\/altinisik.org\/?p=10880","title":{"rendered":"Almanya&#8217;da Sosyal Devletin Sessiz Tasfiyesi"},"content":{"rendered":"\n<p><\/p>\n\n\n\n<p>Almanya\u2019da uzun s\u00fcredir tart\u0131\u015f\u0131lan emeklilik reformu art\u0131k sadece teknik bir d\u00fczenleme de\u011fil; \u00fclkenin y\u00fcz y\u0131l\u0131 a\u015fk\u0131n sosyal devlet gelene\u011finde k\u00f6kl\u00fc bir k\u0131r\u0131lma noktas\u0131d\u0131r. Refah devleti, nesiller aras\u0131 dayan\u0131\u015fman\u0131n omurgas\u0131n\u0131 olu\u015fturan \u201c\u00e7al\u0131\u015f\u0131rken \u00f6dersin, ya\u015flan\u0131nca devlet seni korur\u201d s\u00f6zle\u015fmesinin yerini; belirsiz piyasalara, bireysel risk i\u015ftah\u0131na ve sermaye piyasalar\u0131n\u0131n ini\u015fli \u00e7\u0131k\u0131\u015fl\u0131 dalgalar\u0131na b\u0131rak\u0131yor. Bu, modernle\u015fme de\u011fil; kamusal g\u00fcvenlik a\u011f\u0131n\u0131n sistematik bi\u00e7imde daralt\u0131lmas\u0131d\u0131r.<\/p>\n\n\n\n<p>Siyasi iktidar\u0131n reformu \u201czorunluluk\u201d diye sunmas\u0131, asl\u0131nda kendi tercihlerini gizlemek i\u00e7in kullan\u0131lan eski bir retoriktir. \u00c7\u00fcnk\u00fc hi\u00e7bir zorunluluk, sosyal devletin temel ilkelerinin bu kadar kolay feda edilmesini a\u00e7\u0131klamaz. N\u00fcfus ya\u015flan\u0131yor olabilir; ancak \u00e7\u00f6z\u00fcm, devleti geri \u00e7ekmek de\u011fil, sosyal korumay\u0131 g\u00fc\u00e7lendirmektir. Almanya, \u0130kinci D\u00fcnya Sava\u015f\u0131\u2019n\u0131n enkaz\u0131ndan bir sosyal devlet yaratt\u0131ysa, bug\u00fcn de n\u00fcfus dinamiklerine uygun yeni bir dayan\u0131\u015fma modeli yaratabilir. \u0130rade ba\u015fka bir yere kaym\u0131\u015ft\u0131r: devletin g\u00fcvencesi yerine bireyin yaln\u0131zla\u015ft\u0131r\u0131lmas\u0131.<\/p>\n\n\n\n<p>Reformun ilan edilen amac\u0131, \u201csistemi s\u00fcrd\u00fcr\u00fclebilir k\u0131lmak.\u201d Oysa s\u00fcrd\u00fcr\u00fclebilirlik, sosyal devletin tasfiyesi anlam\u0131na gelmemelidir. Bug\u00fcn getirilen karma model bir k\u0131sm\u0131 piyasalara ba\u011flanan bireysel birikim, bir k\u0131sm\u0131 devlet g\u00fcvencesi asl\u0131nda riskin b\u00fct\u00fcn\u00fcyle vatanda\u015fa devredilmesidir. Borsa d\u00fc\u015ferse maa\u015f\u0131 d\u00fc\u015fecek, enflasyon artarsa gelecek g\u00fcvencesi eriyecek, ekonomik krizlerde en \u00e7ok darbe yiyecek olan yine emek\u00e7i olacakt\u0131r. Sosyal devletin \u00f6z\u00fc tam da burada ba\u015flard\u0131: bireyi piyasan\u0131n insaf\u0131na b\u0131rakmamak.<\/p>\n\n\n\n<p>Daha vahimi, bu reformun sessiz bi\u00e7imde ku\u015faklar aras\u0131 \u00e7atla\u011f\u0131 b\u00fcy\u00fctmesidir. Bug\u00fcn gen\u00e7 ku\u015faklara \u201cdevlet g\u00fcvencesine g\u00fcvenme, kendi birikimini kendin yarat\u201d deniliyor. Bu asl\u0131nda siyasi bir beyand\u0131r: Devlet art\u0131k senin ya\u015fl\u0131l\u0131\u011f\u0131n\u0131 garanti etmiyor. Bu c\u00fcmleyi kibarla\u015ft\u0131rmak i\u00e7in karma model, vergi muafiyeti, fon getirisi gibi kavramlar dola\u015f\u0131ma sokuluyor. Fakat ger\u00e7e\u011fin \u00f6z\u00fc de\u011fi\u015fmiyor: sosyal devlet geri \u00e7ekiliyor, vatanda\u015f kendi kaderine b\u0131rak\u0131l\u0131yor.<\/p>\n\n\n\n<p>Kad\u0131nlara ve \u00e7ocuk b\u00fcy\u00fctm\u00fc\u015f ailelere getirilen iyile\u015ftirmeler ise reformun sosyal etkilerini yumu\u015fatmaya y\u00f6nelik vitrin d\u00fczenlemesinden \u00f6teye gitmiyor. \u00c7\u00fcnk\u00fc yap\u0131sal d\u00f6n\u00fc\u015f\u00fcm\u00fcn y\u00f6n\u00fc \u00e7ok a\u00e7\u0131k: sorumlulu\u011fu devlet de\u011fil birey ta\u015f\u0131yacak. Bu, Almanya\u2019n\u0131n y\u00fczy\u0131ll\u0131k sosyal devlet miras\u0131n\u0131n ruhuna ayk\u0131r\u0131d\u0131r.<\/p>\n\n\n\n<p>Elbette reformun savunucular\u0131, piyasa temelli bir yap\u0131n\u0131n modern d\u00fcnyan\u0131n gere\u011fi oldu\u011funu iddia edecek. Oysa modernlik, devletin vatanda\u015f\u0131na s\u0131rt\u0131n\u0131 d\u00f6nmesi de\u011fildir. Modernlik, sosyal korumay\u0131 bilimin, demografinin ve ekonominin de\u011fi\u015fen \u015fartlar\u0131na g\u00f6re yeniden g\u00fc\u00e7lendirmektir. E\u011fer Almanya sermaye piyasalar\u0131na ba\u011f\u0131ml\u0131 bir emeklilik sistemi kuruyorsa, bu ilerleme de\u011fil; neoliberal ortodokslu\u011fun ge\u00e7 kalm\u0131\u015f bir tekrar\u0131ndan ibarettir.<\/p>\n\n\n\n<p>Bu reform, bir teknik d\u00fczenleme de\u011fil, politik bir tercihtir. Tercih edilen \u015fey ise sosyal devletin korunmas\u0131 de\u011fil, k\u0131smi tasfiyesidir. Almanya\u2019n\u0131n refah devletini in\u015fa eden ku\u015faklar, toplumsal dayan\u0131\u015fmay\u0131 devlet eliyle g\u00fcvence alt\u0131na alm\u0131\u015ft\u0131. Bug\u00fcn ise bu g\u00fcvence, bireyselle\u015ftirilmi\u015f fon hesaplar\u0131na teslim ediliyor.<\/p>\n\n\n\n<p>Tarih bize \u015funu \u00f6\u011fretmi\u015ftir: Bir toplum sosyal devletini kaybetti\u011finde sadece ekonomik bir mekanizma de\u011fi\u015fmez; insanlar\u0131n devlete duydu\u011fu g\u00fcven, gelece\u011fe duydu\u011fu umut ve ku\u015faklar aras\u0131 dayan\u0131\u015fma da zay\u0131flar. E\u011fer reformun y\u00f6n\u00fc bu \u015fekilde devam ederse, Almanya\u2019n\u0131n as\u0131l kaybedece\u011fi \u015fey emekli maa\u015flar\u0131 de\u011fil, sosyal s\u00f6zle\u015fmenin kendisi olacakt\u0131r.<\/p>\n","protected":false},"excerpt":{"rendered":"<p>Almanya\u2019da uzun s\u00fcredir tart\u0131\u015f\u0131lan emeklilik reformu art\u0131k sadece teknik bir d\u00fczenleme de\u011fil; \u00fclkenin y\u00fcz y\u0131l\u0131 a\u015fk\u0131n sosyal devlet gelene\u011finde k\u00f6kl\u00fc bir k\u0131r\u0131lma noktas\u0131d\u0131r. Refah devleti, nesiller aras\u0131 dayan\u0131\u015fman\u0131n omurgas\u0131n\u0131 olu\u015fturan \u201c\u00e7al\u0131\u015f\u0131rken \u00f6dersin, ya\u015flan\u0131nca devlet seni korur\u201d s\u00f6zle\u015fmesinin yerini; belirsiz piyasalara, bireysel risk i\u015ftah\u0131na ve sermaye piyasalar\u0131n\u0131n ini\u015fli \u00e7\u0131k\u0131\u015fl\u0131 dalgalar\u0131na b\u0131rak\u0131yor. Bu, modernle\u015fme de\u011fil; kamusal g\u00fcvenlik a\u011f\u0131n\u0131n sistematik bi\u00e7imde daralt\u0131lmas\u0131d\u0131r.<\/p>\n","protected":false},"author":2,"featured_media":10879,"comment_status":"","ping_status":"","sticky":false,"template":"","format":"aside","meta":{"_jetpack_memberships_contains_paid_content":false,"footnotes":""},"categories":[4],"tags":[],"class_list":["post-10880","post","type-post","status-publish","format-aside","has-post-thumbnail","hentry","category-sivil-toplum-hareketi","post_format-post-format-aside"],"jetpack_featured_media_url":"https:\/\/altinisik.org\/wp-content\/uploads\/2025\/12\/2e2001ac-077f-475e-b317-c1d84f12c749.jpg","jetpack_sharing_enabled":true,"_links":{"self":[{"href":"https:\/\/altinisik.org\/index.php?rest_route=\/wp\/v2\/posts\/10880","targetHints":{"allow":["GET"]}}],"collection":[{"href":"https:\/\/altinisik.org\/index.php?rest_route=\/wp\/v2\/posts"}],"about":[{"href":"https:\/\/altinisik.org\/index.php?rest_route=\/wp\/v2\/types\/post"}],"author":[{"embeddable":true,"href":"https:\/\/altinisik.org\/index.php?rest_route=\/wp\/v2\/users\/2"}],"replies":[{"embeddable":true,"href":"https:\/\/altinisik.org\/index.php?rest_route=%2Fwp%2Fv2%2Fcomments&post=10880"}],"version-history":[{"count":0,"href":"https:\/\/altinisik.org\/index.php?rest_route=\/wp\/v2\/posts\/10880\/revisions"}],"wp:featuredmedia":[{"embeddable":true,"href":"https:\/\/altinisik.org\/index.php?rest_route=\/wp\/v2\/media\/10879"}],"wp:attachment":[{"href":"https:\/\/altinisik.org\/index.php?rest_route=%2Fwp%2Fv2%2Fmedia&parent=10880"}],"wp:term":[{"taxonomy":"category","embeddable":true,"href":"https:\/\/altinisik.org\/index.php?rest_route=%2Fwp%2Fv2%2Fcategories&post=10880"},{"taxonomy":"post_tag","embeddable":true,"href":"https:\/\/altinisik.org\/index.php?rest_route=%2Fwp%2Fv2%2Ftags&post=10880"}],"curies":[{"name":"wp","href":"https:\/\/api.w.org\/{rel}","templated":true}]}}