{"id":10878,"date":"2025-12-11T14:04:28","date_gmt":"2025-12-11T13:04:28","guid":{"rendered":"https:\/\/altinisik.org\/?p=10878"},"modified":"2025-12-11T14:04:28","modified_gmt":"2025-12-11T13:04:28","slug":"iklim-zirvelerinin-gercek-yuzu","status":"publish","type":"post","link":"https:\/\/altinisik.org\/?p=10878","title":{"rendered":"\u0130klim Zirvelerinin Ger\u00e7ek Y\u00fcz\u00fc"},"content":{"rendered":"\n<p><\/p>\n\n\n\n<p>D\u00fcnyan\u0131n d\u00f6rt bir yan\u0131ndan liderler, uzmanlar ve kurumlar her y\u0131l b\u00fcy\u00fck bir co\u015fkuyla toplan\u0131yor; salonlar doluyor, kameralar \u00e7al\u0131\u015f\u0131yor, bildirgeler alk\u0131\u015flarla kabul ediliyor. Ad\u0131na \u201c\u0130klim Zirvesi\u201d deniyor ama ortaya \u00e7\u0131kan sonu\u00e7lara bak\u0131nca insan\u0131n akl\u0131na ister istemez \u015fu soru geliyor: Bu kadar s\u00f6z\u00fcn d\u00fcnyay\u0131 ne kadar de\u011fi\u015ftirdi\u011fini ger\u00e7ekten sorguluyor muyuz?<\/p>\n\n\n\n<p>Ben y\u0131llard\u0131r bu toplant\u0131lar\u0131 takip eden biri olarak s\u00f6yleyeyim: Fazla romantizme gerek yok. S\u00f6z var ama icraat yok. Emisyonlar d\u00fc\u015fm\u00fcyor, taahh\u00fctlerin \u00e7o\u011funun ka\u011f\u0131t \u00fczerinde kald\u0131\u011f\u0131n\u0131 g\u00f6rmek i\u00e7in uzman olmaya gerek bile yok. Herkes konu\u015fup da\u011f\u0131l\u0131yor; yapt\u0131r\u0131m yok, sorumluluk yok. D\u00fcnya yanarken deklarasyon topluyoruz.<\/p>\n\n\n\n<p>Daha da ilgin\u00e7 olan\u0131, bu zirvelerin g\u00f6lgesinde dola\u015fan lobi ordusu. Fosil yak\u0131t devlerinin temsilcileri art\u0131k baz\u0131 \u00fclke delegasyonlar\u0131n\u0131 bile geride b\u0131rak\u0131yor. Hem sahada oyuncu olup hem masada hakemlik yapan bir d\u00fczen. Sonra da iklim adaletinden s\u00f6z ediyorlar. Buna kim inan\u0131r?<\/p>\n\n\n\n<p>Di\u011fer yanda zengin \u00fclkelerin y\u0131llard\u0131r s\u00fcrd\u00fcrd\u00fc\u011f\u00fc o so\u011fuk mesafe var: Tarih boyunca karbonu onlar sald\u0131, ama temiz enerjiye ge\u00e7i\u015fin bedelini geli\u015fmekte olan \u00fclkelere \u00f6detmeye \u00e7al\u0131\u015f\u0131yorlar. Finansman s\u00f6zleri eksik, teknoloji payla\u015f\u0131m\u0131 g\u00f6n\u00fcls\u00fcz, verilen vaatler s\u00fcrekli erteleniyor. E\u015fitsizli\u011fin en \u00e7\u0131plak hali masada duruyor.<\/p>\n\n\n\n<p>D\u00fcnya sahnesine bakt\u0131\u011f\u0131m\u0131zda herkes kendi \u00e7\u0131kar\u0131n\u0131n n\u00f6bet\u00e7isi. OPEC \u00fclkeleri fosilin azalt\u0131lmas\u0131na bile s\u0131cak bakm\u0131yor. \u00c7in k\u00f6m\u00fcrden kopmak istemiyor. Hindistan ki\u015fi ba\u015f\u0131 emisyon d\u00fc\u015f\u00fck diye bask\u0131y\u0131 hafifletmeye \u00e7al\u0131\u015f\u0131yor. ABD i\u00e7 siyasi kavgalar y\u00fcz\u00fcnden tutars\u0131z bir seyir izliyor. Avrupa Birli\u011fi en istekli taraf ama onlar da sanayi ve tar\u0131m lobilerinin bask\u0131s\u0131yla geri ad\u0131mlar at\u0131yor. Yani k\u00fcresel uzla\u015f\u0131 de\u011fil, \u00e7\u0131kar sava\u015flar\u0131 ya\u015fan\u0131yor.<\/p>\n\n\n\n<p>T\u00fcrkiye\u2019nin duru\u015fu ise daha farkl\u0131 ve daha ger\u00e7ek\u00e7i. Enerji ithalat\u00e7\u0131s\u0131 bir \u00fclkeyiz; bir anda \u201ck\u00f6m\u00fcr\u00fc b\u0131rak\u0131yoruz\u201d dersen \u0131\u015f\u0131k bile yanmaz. Arz g\u00fcvenli\u011fi bizim i\u00e7in hayati. Bu nedenle T\u00fcrkiye temkinli ve kontroll\u00fc bir \u00e7izgi izliyor. Ayn\u0131 zamanda hakl\u0131 bir talep de ortaya koyuyor: Tarihi karbon borcu olan \u00f6desin. Finansman sa\u011flans\u0131n. Teknoloji payla\u015f\u0131ls\u0131n. Y\u00fck adil da\u011f\u0131ls\u0131n. Bu yakla\u015f\u0131m romantizm de\u011fil, devlet akl\u0131d\u0131r.<\/p>\n\n\n\n<p>Ama \u015fu ger\u00e7e\u011fi de teslim etmek gerekir: T\u00fcrkiye isterse bu b\u00f6lgenin temiz enerji lideri olabilir. G\u00fcne\u015fimiz var, r\u00fczg\u00e2r\u0131m\u0131z var, gen\u00e7 n\u00fcfusumuz var. Yeter ki mesele duygusal de\u011fil, ak\u0131lc\u0131 ele al\u0131ns\u0131n. Ani fren yapmak de\u011fil, ama direksiyonu bo\u015f b\u0131rakmak da de\u011fil. Kademeli, ak\u0131ll\u0131, sa\u011flam ad\u0131mlarla ilerlemek bu \u00fclkenin karakterine daha uygun.<\/p>\n\n\n\n<p>Bug\u00fcn yap\u0131lmas\u0131 gereken yol da asl\u0131nda belli: Enerji g\u00fcvenli\u011fini tehlikeye atmadan d\u00f6n\u00fc\u015fmek, sanayiyi k\u00fcresel rekabetin yeni \u015fartlar\u0131na haz\u0131rlamak, uluslararas\u0131 finansman masalar\u0131nda g\u00fc\u00e7l\u00fc bir akt\u00f6r olmak, yerli teknolojiyi geli\u015ftirmek ve iklim krizinin getirdi\u011fi risklere kar\u015f\u0131 kendimizi korumak. T\u00fcrkiye\u2019nin gelene\u011fi hep ayn\u0131 olmu\u015ftur: Akl\u0131yla y\u00fcr\u00fcr, ad\u0131m\u0131yla tartar, \u00e7\u0131kar\u0131n\u0131 korur. \u0130klim meselesi de tam bu anlay\u0131\u015fla ele al\u0131nmal\u0131d\u0131r.<\/p>\n\n\n\n<p>\u0130klim zirvelerinin s\u00fcsl\u00fc sahnesinin arkas\u0131ndaki ger\u00e7ek y\u00fcz\u00fc g\u00f6rd\u00fc\u011f\u00fcm\u00fczde, T\u00fcrkiye\u2019nin neden temkinli ama ayn\u0131 zamanda vizyon sahibi bir \u00e7izgide ilerlemesi gerekti\u011fi daha iyi anla\u015f\u0131l\u0131yor. Bu kavga deklarasyonlarla de\u011fil, sa\u011flam politikalarla kazan\u0131l\u0131r.<\/p>\n","protected":false},"excerpt":{"rendered":"<p>D\u00fcnyan\u0131n d\u00f6rt bir yan\u0131ndan liderler, uzmanlar ve kurumlar her y\u0131l b\u00fcy\u00fck bir co\u015fkuyla toplan\u0131yor; salonlar doluyor, kameralar \u00e7al\u0131\u015f\u0131yor, bildirgeler alk\u0131\u015flarla kabul ediliyor. Ad\u0131na \u201c\u0130klim Zirvesi\u201d deniyor ama ortaya \u00e7\u0131kan sonu\u00e7lara bak\u0131nca insan\u0131n akl\u0131na ister istemez \u015fu soru geliyor: Bu kadar s\u00f6z\u00fcn d\u00fcnyay\u0131 ne kadar de\u011fi\u015ftirdi\u011fini ger\u00e7ekten sorguluyor muyuz? Ben y\u0131llard\u0131r bu toplant\u0131lar\u0131 takip eden biri [&hellip;]<\/p>\n","protected":false},"author":2,"featured_media":10290,"comment_status":"","ping_status":"","sticky":false,"template":"","format":"aside","meta":{"_jetpack_memberships_contains_paid_content":false,"footnotes":""},"categories":[83],"tags":[],"class_list":["post-10878","post","type-post","status-publish","format-aside","has-post-thumbnail","hentry","category-cevre-ve-politika","post_format-post-format-aside"],"jetpack_featured_media_url":"https:\/\/altinisik.org\/wp-content\/uploads\/2022\/01\/Salih-Altinisik-2.jpg","jetpack_sharing_enabled":true,"_links":{"self":[{"href":"https:\/\/altinisik.org\/index.php?rest_route=\/wp\/v2\/posts\/10878","targetHints":{"allow":["GET"]}}],"collection":[{"href":"https:\/\/altinisik.org\/index.php?rest_route=\/wp\/v2\/posts"}],"about":[{"href":"https:\/\/altinisik.org\/index.php?rest_route=\/wp\/v2\/types\/post"}],"author":[{"embeddable":true,"href":"https:\/\/altinisik.org\/index.php?rest_route=\/wp\/v2\/users\/2"}],"replies":[{"embeddable":true,"href":"https:\/\/altinisik.org\/index.php?rest_route=%2Fwp%2Fv2%2Fcomments&post=10878"}],"version-history":[{"count":0,"href":"https:\/\/altinisik.org\/index.php?rest_route=\/wp\/v2\/posts\/10878\/revisions"}],"wp:featuredmedia":[{"embeddable":true,"href":"https:\/\/altinisik.org\/index.php?rest_route=\/wp\/v2\/media\/10290"}],"wp:attachment":[{"href":"https:\/\/altinisik.org\/index.php?rest_route=%2Fwp%2Fv2%2Fmedia&parent=10878"}],"wp:term":[{"taxonomy":"category","embeddable":true,"href":"https:\/\/altinisik.org\/index.php?rest_route=%2Fwp%2Fv2%2Fcategories&post=10878"},{"taxonomy":"post_tag","embeddable":true,"href":"https:\/\/altinisik.org\/index.php?rest_route=%2Fwp%2Fv2%2Ftags&post=10878"}],"curies":[{"name":"wp","href":"https:\/\/api.w.org\/{rel}","templated":true}]}}