{"id":10877,"date":"2025-12-11T14:02:33","date_gmt":"2025-12-11T13:02:33","guid":{"rendered":"https:\/\/altinisik.org\/?p=10877"},"modified":"2025-12-11T14:02:33","modified_gmt":"2025-12-11T13:02:33","slug":"gurultude-kaybolan-liderlik","status":"publish","type":"post","link":"https:\/\/altinisik.org\/?p=10877","title":{"rendered":"G\u00fcr\u00fclt\u00fcde Kaybolan Liderlik"},"content":{"rendered":"\n<p><\/p>\n\n\n\n<p>Zaman h\u0131zland\u0131k\u00e7a toplumun liderlerden beklentileri de sessizce y\u00f6n de\u011fi\u015ftiriyor. Ne var ki bu de\u011fi\u015fimin ruhunu pek az ki\u015fi fark edebiliyor. Liderlik \u00fczerine konu\u015fan \u00e7ok, isimleri tart\u0131\u015fan \u00e7ok, su\u00e7layan \u00e7ok\u2026 Ancak as\u0131l mesele g\u00f6zden ka\u00e7\u0131yor: Bug\u00fcn\u00fcn liderlik krizi, liderlerden \u00f6nce zaman\u0131n kendi d\u00f6n\u00fc\u015f\u00fcm\u00fcnde sakl\u0131.<\/p>\n\n\n\n<p>Eskiden bir liderin s\u00f6z\u00fcn\u00fcn a\u011f\u0131rl\u0131\u011f\u0131, o s\u00f6z\u00fcn arkas\u0131ndaki \u00f6m\u00fcrle \u00f6l\u00e7\u00fcl\u00fcrd\u00fc. Bir c\u00fcmle bazen y\u0131llar\u0131n sesini ta\u015f\u0131rd\u0131. Bug\u00fcn ise milyonlarca c\u00fcmle aras\u0131nda bir tane bile ruh ta\u015f\u0131yan kelime bulmak g\u00fc\u00e7le\u015fti. Eski d\u00fcnyan\u0131n vakar\u0131, yerini h\u0131z\u0131n ve g\u00f6sterinin h\u00fck\u00fcm s\u00fcrd\u00fc\u011f\u00fc bir \u00e7a\u011fa b\u0131rakt\u0131. \u0130nsanlar art\u0131k otoriter bir ses de\u011fil; kendi i\u00e7 duygusuna benzeyen bir yak\u0131nl\u0131k ar\u0131yor. K\u0131sacas\u0131, toplumun nabz\u0131 de\u011fi\u015fti; ama bu nabz\u0131n ritmini anlayan \u00e7ok az.<\/p>\n\n\n\n<p>Liderlik krizini yaln\u0131zca g\u00fcn\u00fcn polemiklerinden okumaya \u00e7al\u0131\u015fmak, b\u00fcy\u00fck resmi karartmakt\u0131r. \u00c7\u00fcnk\u00fc as\u0131l k\u0131r\u0131lma ki\u015filerde de\u011fil; \u00e7a\u011f\u0131n talebindedir. Toplumun haf\u0131zas\u0131 sessizce d\u00f6n\u00fc\u015ft\u00fc. De\u011fer alg\u0131s\u0131 de\u011fi\u015fti. \u0130nsan art\u0131k sadece y\u00f6n g\u00f6steren de\u011fil, kendini anlayan bir \u00f6nder ar\u0131yor. Bu y\u00fczden eski liderlik modelleri toplumun yeni ruhuna \u00e7arpt\u0131\u011f\u0131nda yank\u0131 bulmuyor. Toplum, belki fark\u0131nda olmadan, ba\u015fka bir temsil bi\u00e7imi istiyor.<\/p>\n\n\n\n<p>Bug\u00fcn herkes konu\u015fuyor, herkes g\u00f6r\u00fcyor, herkes fikir \u00fcretiyor gibi g\u00f6r\u00fcn\u00fcyor\u2026 Ama b\u00fct\u00fcn bu g\u00fcr\u00fclt\u00fcn\u00fcn ortas\u0131nda toplum h\u00e2l\u00e2 ayn\u0131 c\u00fcmleyi kendi kendine soruyor: \u201cBenim i\u00e7imden ge\u00e7en duyguyu kim anlayacak?\u201d<\/p>\n\n\n\n<p>Ekranlarda fig\u00fcr \u00e7ok, ses \u00e7ok, slogan \u00e7ok\u2026 Ama toplumun arad\u0131\u011f\u0131 \u015fey bir fig\u00fcr de\u011fil; bir duru\u015f. G\u00f6steri\u015fsiz ama sahici, iddias\u0131z ama a\u011f\u0131r, aceleci de\u011fil ama net\u2026 Kendisini temsil edebilecek bir tutarl\u0131l\u0131k. \u0130\u015fte bu y\u00fczden, toplumda duyulamayan o ince aray\u0131\u015f\u0131 hissedebilen kalemler her d\u00f6nemde bir ad\u0131m \u00f6ne \u00e7\u0131kar. \u00c7\u00fcnk\u00fc bir yazar\u0131n k\u0131ymeti, g\u00f6rd\u00fc\u011f\u00fcn\u00fc yazmas\u0131nda de\u011fil; g\u00f6r\u00fclmeyeni fark edebilmesindedir.<\/p>\n\n\n\n<p>Bug\u00fcn\u00fcn liderlik krizini anlamak i\u00e7in g\u00f6ze de\u011fil, sezgiye ihtiya\u00e7 var. Toplumun duygu ak\u0131\u015f\u0131ndaki de\u011fi\u015fimi, hayal k\u0131r\u0131kl\u0131klar\u0131n\u0131, unuttu\u011fu de\u011ferleri ve yeniden arad\u0131\u011f\u0131 g\u00fcveni hissedebilmek gerekir. Bunu fark eden herkes bilir: Zaman liderleri de\u011fil, liderlik anlay\u0131\u015f\u0131n\u0131 de\u011fi\u015ftiriyor. Bu de\u011fi\u015fimi okuyamayanlar, y\u00fczeydeki tart\u0131\u015fmalarda bo\u011fulurken; okuyabilenler, gelece\u011fi \u015fekillendirecek d\u00fc\u015f\u00fcnsel zemini bug\u00fcnden kuruyor.<\/p>\n\n\n\n<p>Zaman h\u0131zland\u0131 ama hikmet geride kald\u0131. G\u00fcr\u00fclt\u00fc \u00e7o\u011fald\u0131 ama anlam inceldi. Fig\u00fcr artt\u0131 ama \u00f6nder azald\u0131. Bu y\u00fczden liderlik krizi dedi\u011fimiz \u015fey bir ki\u015fiyle ilgili de\u011fil; bir \u00e7a\u011f\u0131n aynaya bak\u0131p kendi g\u00f6lgesini tan\u0131yamamas\u0131yla ilgili bir sanc\u0131d\u0131r.<\/p>\n\n\n\n<p>Belki de \u00e7\u00f6z\u00fcm, liderleri su\u00e7lamak ya da toplumu yormakta de\u011fil; \u00e7a\u011f\u0131n bize ne s\u00f6ylemeye \u00e7al\u0131\u015ft\u0131\u011f\u0131n\u0131 duymaktad\u0131r. \u00c7\u00fcnk\u00fc toplumun y\u00f6n\u00fcn\u00fc de\u011fi\u015ftiren \u015fey bazen b\u00fcy\u00fck bir fig\u00fcr de\u011fil, do\u011fru zamanda yaz\u0131lm\u0131\u015f bir c\u00fcmle olur. S\u00f6z\u00fcn de\u011feri de burada ortaya \u00e7\u0131kar: Sadece a\u00e7\u0131klamak i\u00e7in de\u011fil, g\u00f6rmek i\u00e7in yazan kalemlerin \u00f6nemi\u2026<\/p>\n\n\n\n<p>Zaman, liderlerin y\u00fcz\u00fcn\u00fc de\u011fi\u015ftirir; ama liderli\u011fi anlayabilen kalemler, her \u00e7a\u011fda yol g\u00f6sterir.<\/p>\n\n\n\n<p>Zaman\u0131n de\u011fi\u015fimini okumaya \u00e7al\u0131\u015fan bir yolcunun sat\u0131rlar\u0131\u2026<\/p>\n","protected":false},"excerpt":{"rendered":"<p>Zaman h\u0131zland\u0131k\u00e7a toplumun liderlerden beklentileri de sessizce y\u00f6n de\u011fi\u015ftiriyor. Ne var ki bu de\u011fi\u015fimin ruhunu pek az ki\u015fi fark edebiliyor. Liderlik \u00fczerine konu\u015fan \u00e7ok, isimleri tart\u0131\u015fan \u00e7ok, su\u00e7layan \u00e7ok\u2026 Ancak as\u0131l mesele g\u00f6zden ka\u00e7\u0131yor: Bug\u00fcn\u00fcn liderlik krizi, liderlerden \u00f6nce zaman\u0131n kendi d\u00f6n\u00fc\u015f\u00fcm\u00fcnde sakl\u0131.<\/p>\n","protected":false},"author":2,"featured_media":10876,"comment_status":"","ping_status":"","sticky":false,"template":"","format":"aside","meta":{"_jetpack_memberships_contains_paid_content":false,"footnotes":""},"categories":[4],"tags":[],"class_list":["post-10877","post","type-post","status-publish","format-aside","has-post-thumbnail","hentry","category-sivil-toplum-hareketi","post_format-post-format-aside"],"jetpack_featured_media_url":"https:\/\/altinisik.org\/wp-content\/uploads\/2025\/12\/14c87ba3-7430-40ca-bb4a-c7dedb56232e.jpg","jetpack_sharing_enabled":true,"_links":{"self":[{"href":"https:\/\/altinisik.org\/index.php?rest_route=\/wp\/v2\/posts\/10877","targetHints":{"allow":["GET"]}}],"collection":[{"href":"https:\/\/altinisik.org\/index.php?rest_route=\/wp\/v2\/posts"}],"about":[{"href":"https:\/\/altinisik.org\/index.php?rest_route=\/wp\/v2\/types\/post"}],"author":[{"embeddable":true,"href":"https:\/\/altinisik.org\/index.php?rest_route=\/wp\/v2\/users\/2"}],"replies":[{"embeddable":true,"href":"https:\/\/altinisik.org\/index.php?rest_route=%2Fwp%2Fv2%2Fcomments&post=10877"}],"version-history":[{"count":0,"href":"https:\/\/altinisik.org\/index.php?rest_route=\/wp\/v2\/posts\/10877\/revisions"}],"wp:featuredmedia":[{"embeddable":true,"href":"https:\/\/altinisik.org\/index.php?rest_route=\/wp\/v2\/media\/10876"}],"wp:attachment":[{"href":"https:\/\/altinisik.org\/index.php?rest_route=%2Fwp%2Fv2%2Fmedia&parent=10877"}],"wp:term":[{"taxonomy":"category","embeddable":true,"href":"https:\/\/altinisik.org\/index.php?rest_route=%2Fwp%2Fv2%2Fcategories&post=10877"},{"taxonomy":"post_tag","embeddable":true,"href":"https:\/\/altinisik.org\/index.php?rest_route=%2Fwp%2Fv2%2Ftags&post=10877"}],"curies":[{"name":"wp","href":"https:\/\/api.w.org\/{rel}","templated":true}]}}