{"id":10875,"date":"2025-12-02T09:13:49","date_gmt":"2025-12-02T08:13:49","guid":{"rendered":"https:\/\/altinisik.org\/?p=10875"},"modified":"2025-12-02T09:13:49","modified_gmt":"2025-12-02T08:13:49","slug":"trabzonun-stratejik-sicrama-ani","status":"publish","type":"post","link":"https:\/\/altinisik.org\/?p=10875","title":{"rendered":"Trabzon\u2019un Stratejik S\u0131\u00e7rama An\u0131"},"content":{"rendered":"\n<p><\/p>\n\n\n\n<p>Trabzon\u2019un yar\u0131n\u0131na dair s\u00f6ylenecek en ger\u00e7ek\u00e7i ve ayn\u0131 zamanda en iddial\u0131 c\u00fcmle \u015fudur: Bu \u015fehir, do\u011fru stratejik tercihlerle teknoloji \u00e7a\u011f\u0131n\u0131n akt\u00f6r\u00fc olabilir. Bug\u00fcn d\u00fcnyada ekonomik rekabeti, g\u00fcvenlik mimarisini, \u00fcretim kapasitesini ve toplumsal d\u00f6n\u00fc\u015f\u00fcm\u00fc belirleyen temel unsur art\u0131k sermayenin geleneksel bi\u00e7imleri de\u011fil; verinin kendisidir. Veriyi depolayan, i\u015fleyen ve y\u00f6neten \u015fehirler, k\u00fcresel sistemde s\u00f6z sahibi olmakta; y\u00f6netemeyenler ise ka\u00e7\u0131n\u0131lmaz \u015fekilde edilgen konuma d\u00fc\u015fmektedir.<\/p>\n\n\n\n<p>Trabzon\u2019un co\u011frafi, iklimsel ve altyap\u0131sal \u00f6zellikleri, T\u00fcrkiye\u2019de veri merkezi kurulmas\u0131 i\u00e7in en elveri\u015fli zeminlerden birini olu\u015fturuyor. K\u00fcresel \u0131s\u0131nmadan g\u00f6rece az etkilenmesi, su arz\u0131ndaki g\u00fcvenilirlik, deprem riski a\u00e7\u0131s\u0131ndan avantajl\u0131 konumu ve mevcut fiber altyap\u0131s\u0131, bu \u015fehrin teknolojik altyap\u0131da \u00f6ne \u00e7\u0131kmas\u0131n\u0131 do\u011fal k\u0131l\u0131yor. B\u00fcy\u00fck teknoloji \u015firketlerinin maliyet bask\u0131s\u0131 nedeniyle nitelikli insan g\u00fcc\u00fcn\u00fc metropollerde tutmakta zorland\u0131\u011f\u0131 bir d\u00f6nemde, Trabzon\u2019un daha dengeli ve s\u00fcrd\u00fcr\u00fclebilir ya\u015fam ko\u015fullar\u0131 da stratejik bir \u00e7ekim merkezi olu\u015fturuyor.<\/p>\n\n\n\n<p>Bir veri merkezi yat\u0131r\u0131m\u0131n\u0131 yaln\u0131zca teknik bir karar olarak g\u00f6rmek ciddi bir eksiklik olur. Bu t\u00fcr bir yat\u0131r\u0131m; yapay zek\u00e2dan savunma teknolojilerine, yaz\u0131l\u0131mdan sa\u011fl\u0131k sistemlerine kadar her sekt\u00f6r\u00fcn katma de\u011ferini belirleyen temel omurgay\u0131 olu\u015fturur. Bir \u015fehrin ekonomik \u00e7e\u015fitlili\u011fini, istihdam niteli\u011fini ve rekabet kapasitesini yeniden tan\u0131mlar. Bug\u00fcn k\u00fc\u00e7\u00fck bir telefon servis at\u00f6lyesi olarak g\u00f6r\u00fclen bir\u00e7ok i\u015fletme bile yak\u0131n gelecekte yapay zek\u00e2 destekli cihazlar\u0131n bak\u0131m ve teknoloji hizmetlerini sunacak bir yap\u0131ya evrilecektir. Dolay\u0131s\u0131yla bu d\u00f6n\u00fc\u015f\u00fcm, b\u00fct\u00fcn \u015fehir ekonomisini ku\u015fatan bir yenilenme anlam\u0131na gelir.<\/p>\n\n\n\n<p>Trabzon\u2019un b\u00f6yle bir yat\u0131r\u0131m i\u00e7in hi\u00e7bir eksi\u011fi yoktur; eksik olan yaln\u0131zca gerekli iradenin, ortak akl\u0131n ve g\u00fc\u00e7l\u00fc talebin \u00f6rg\u00fctlenmesidir. Hem kamunun hem \u00f6zel sekt\u00f6r\u00fcn Trabzon k\u00f6kenli g\u00fc\u00e7l\u00fc akt\u00f6rlere sahip olmas\u0131, do\u011fru lobi ve kararl\u0131 bir \u015fehir vizyonuyla bu yat\u0131r\u0131m\u0131 m\u00fcmk\u00fcn k\u0131lmaktad\u0131r.<\/p>\n\n\n\n<p>Bug\u00fcn veri merkezi m\u00fccadelesi asl\u0131nda bir \u015fehir ideali m\u00fccadelesidir. E\u011fer Trabzon, teknoloji \u00e7a\u011f\u0131n\u0131n gerektirdi\u011fi bu stratejik s\u0131\u00e7ramay\u0131 ger\u00e7ekle\u015ftirirse, yaln\u0131zca b\u00f6lgesel bir merkez olmakla kalmayacak, ulusal \u00f6l\u00e7ekte de a\u011f\u0131rl\u0131\u011f\u0131 olan bir teknoloji \u00fcss\u00fcne d\u00f6n\u00fc\u015fecektir. Gelece\u011fin rekabetinde geri kalmak istemiyorsak, bu hamle ertelenemez; \u00e7\u00fcnk\u00fc veri, \u00e7a\u011f\u0131m\u0131z\u0131n en g\u00fc\u00e7l\u00fc sermayesi ve onu y\u00f6neten \u015fehirler gelece\u011fin y\u00f6neticileridir.<\/p>\n","protected":false},"excerpt":{"rendered":"<p>Trabzon\u2019un yar\u0131n\u0131na dair s\u00f6ylenecek en ger\u00e7ek\u00e7i ve ayn\u0131 zamanda en iddial\u0131 c\u00fcmle \u015fudur: Bu \u015fehir, do\u011fru stratejik tercihlerle teknoloji \u00e7a\u011f\u0131n\u0131n akt\u00f6r\u00fc olabilir. Bug\u00fcn d\u00fcnyada ekonomik rekabeti, g\u00fcvenlik mimarisini, \u00fcretim kapasitesini ve toplumsal d\u00f6n\u00fc\u015f\u00fcm\u00fc belirleyen temel unsur art\u0131k sermayenin geleneksel bi\u00e7imleri de\u011fil; verinin kendisidir. Veriyi depolayan, i\u015fleyen ve y\u00f6neten \u015fehirler, k\u00fcresel sistemde s\u00f6z sahibi olmakta; y\u00f6netemeyenler ise ka\u00e7\u0131n\u0131lmaz \u015fekilde edilgen konuma d\u00fc\u015fmektedir.<\/p>\n","protected":false},"author":2,"featured_media":9816,"comment_status":"","ping_status":"","sticky":false,"template":"","format":"aside","meta":{"_jetpack_memberships_contains_paid_content":false,"footnotes":""},"categories":[82],"tags":[],"class_list":["post-10875","post","type-post","status-publish","format-aside","has-post-thumbnail","hentry","category-trabzon","post_format-post-format-aside"],"jetpack_featured_media_url":"https:\/\/altinisik.org\/wp-content\/uploads\/2021\/12\/trabzon-city-in-turkey.jpg","jetpack_sharing_enabled":true,"_links":{"self":[{"href":"https:\/\/altinisik.org\/index.php?rest_route=\/wp\/v2\/posts\/10875","targetHints":{"allow":["GET"]}}],"collection":[{"href":"https:\/\/altinisik.org\/index.php?rest_route=\/wp\/v2\/posts"}],"about":[{"href":"https:\/\/altinisik.org\/index.php?rest_route=\/wp\/v2\/types\/post"}],"author":[{"embeddable":true,"href":"https:\/\/altinisik.org\/index.php?rest_route=\/wp\/v2\/users\/2"}],"replies":[{"embeddable":true,"href":"https:\/\/altinisik.org\/index.php?rest_route=%2Fwp%2Fv2%2Fcomments&post=10875"}],"version-history":[{"count":0,"href":"https:\/\/altinisik.org\/index.php?rest_route=\/wp\/v2\/posts\/10875\/revisions"}],"wp:featuredmedia":[{"embeddable":true,"href":"https:\/\/altinisik.org\/index.php?rest_route=\/wp\/v2\/media\/9816"}],"wp:attachment":[{"href":"https:\/\/altinisik.org\/index.php?rest_route=%2Fwp%2Fv2%2Fmedia&parent=10875"}],"wp:term":[{"taxonomy":"category","embeddable":true,"href":"https:\/\/altinisik.org\/index.php?rest_route=%2Fwp%2Fv2%2Fcategories&post=10875"},{"taxonomy":"post_tag","embeddable":true,"href":"https:\/\/altinisik.org\/index.php?rest_route=%2Fwp%2Fv2%2Ftags&post=10875"}],"curies":[{"name":"wp","href":"https:\/\/api.w.org\/{rel}","templated":true}]}}