{"id":10874,"date":"2025-12-02T09:11:54","date_gmt":"2025-12-02T08:11:54","guid":{"rendered":"https:\/\/altinisik.org\/?p=10874"},"modified":"2025-12-02T09:11:54","modified_gmt":"2025-12-02T08:11:54","slug":"turkiyenin-soz-vakti","status":"publish","type":"post","link":"https:\/\/altinisik.org\/?p=10874","title":{"rendered":"T\u00fcrkiye\u2019nin S\u00f6z Vakti"},"content":{"rendered":"\n<p><\/p>\n\n\n\n<p>Geride b\u0131rakt\u0131\u011f\u0131m\u0131z hafta, T\u00fcrkiye sadece diplomatik protokoller \u00fczerinden de\u011fil, k\u00fcresel g\u00fc\u00e7 dengeleri, medeniyet siyaseti ve toplumsal vicdan \u00fczerinden okundu\u011funda tarih\u00ee de\u011feri y\u00fcksek mesajlar verdi. Papa\u2019n\u0131n g\u00f6reve geldikten sonra ger\u00e7ekle\u015ftirdi\u011fi ilk yurt d\u0131\u015f\u0131 ziyaretini T\u00fcrkiye\u2019ye yapmas\u0131, uluslararas\u0131 ili\u015fkiler literat\u00fcr\u00fcnde \u201csembolik diplomasi\u201d kavram\u0131na textbook niteli\u011finde bir \u00f6rnek olarak kaydedilmelidir. Zira Papa\u2019n\u0131n bir \u00fclkeye ilk ziyaret tercihi, Vatikan\u2019\u0131n o \u00fclkeye ili\u015fkin uzun vadeli stratejik konumland\u0131rmas\u0131n\u0131 g\u00f6steren en y\u00fcksek d\u00fczeyde politik i\u015farettir. Diplomasi tarih\u00e7ileri taraf\u0131ndan \u201cfirst visit effect\u201d olarak tan\u0131mlanan bu durum, devletlerin yumu\u015fak g\u00fc\u00e7 kapasitesinin k\u00fcresel alg\u0131 \u00fczerindeki etkisine i\u015faret eder. Joseph Nye\u2019\u0131n kavramsalla\u015ft\u0131rd\u0131\u011f\u0131 soft power teorisine g\u00f6re, bir devletin k\u00fclt\u00fcrel, dini ve tarihsel sermayesi, uluslararas\u0131 alanda etki \u00fcretme kapasitesinin en \u00f6nemli belirleyicilerindendir.<\/p>\n\n\n\n<p>Papa\u2019n\u0131n T\u00fcrkiye ziyaretine e\u015flik eden detaylar ise bu teorinin sahadaki somut kar\u015f\u0131l\u0131\u011f\u0131n\u0131 olu\u015fturdu. Cumhurba\u015fkan\u0131\u2019n\u0131n Millet K\u00fct\u00fcphanesi\u2019ni bas\u0131n a\u00e7\u0131klamas\u0131n\u0131n mek\u00e2n\u0131 olarak se\u00e7mesi, bir yandan T\u00fcrkiye\u2019nin entelekt\u00fcel \u00f6zg\u00fcvenini g\u00f6r\u00fcn\u00fcr k\u0131larken, \u00f6te yandan modern devlet akl\u0131n\u0131n \u201cbilgi ve medeniyet\u201d ekseninde konumland\u0131\u011f\u0131n\u0131 vurgulayan ince bir sembolik jestti. K\u00fct\u00fcphanelerin tarih boyunca devletlerin haf\u0131za ve kimlik in\u015fas\u0131nda \u00fcstlendi\u011fi rol, Peter Burke ve Fran\u00e7ois Hartog gibi haf\u0131za teorisyenlerinin \u00e7al\u0131\u015fmalar\u0131nda geni\u015f bi\u00e7imde ele al\u0131n\u0131r. Bu ba\u011flamda T\u00fcrkiye\u2019nin mesaj\u0131 nettir: \u201cBiz kendimizi medeniyet miras\u0131m\u0131z \u00fczerinden tan\u0131mlar\u0131z ve uluslararas\u0131 ili\u015fkilerde k\u00fclt\u00fcrel derinlik iddias\u0131yla hareket ederiz.\u201d<\/p>\n\n\n\n<p>Ziyarette icra edilen ve \u0130slam\u2019a davet eden ilahiler ise din, diplomasi ve estetik aras\u0131ndaki kadim ba\u011f\u0131n modern bir yans\u0131mas\u0131yd\u0131. Diplomasi literat\u00fcr\u00fcnde \u201ccivilizational signaling\u201d olarak adland\u0131r\u0131lan bu y\u00f6ntem, bir devletin kendi kimli\u011fi \u00fczerinden k\u00fcresel akt\u00f6rlere mesaj vermesi anlam\u0131na gelir. T\u00fcrkiye\u2019nin bu tercihi, \u201ckimli\u011fimizden geri ad\u0131m atmaks\u0131z\u0131n evrensel d\u00fcnyan\u0131n par\u00e7as\u0131y\u0131z\u201d s\u00f6ylemini ritmik bir \u015fekilde g\u00f6r\u00fcn\u00fcr k\u0131lm\u0131\u015ft\u0131r.<\/p>\n\n\n\n<p>Papa\u2019n\u0131n \u0130znik ziyaretinin \u00f6nemi ise hem teolojik hem tarihsel hem de k\u00fclt\u00fcrel derinlik ta\u015f\u0131r. \u0130znik, Birinci ve \u0130kinci Ek\u00fcmenik Konsillerin merkezi olarak Hristiyan d\u00fcnyan\u0131n doktrin tarihinde belirleyici bir yere sahiptir. Akademik literat\u00fcrde \u201cChristianity\u2019s early urban hubs\u201d olarak tan\u0131mlanan bu kentlerin b\u00fcy\u00fck b\u00f6l\u00fcm\u00fc bug\u00fcn Ortado\u011fu ve Anadolu co\u011frafyas\u0131nda yer almaktad\u0131r. Papa\u2019n\u0131n \u0130znik\u2019e gitmesi, T\u00fcrkiye\u2019nin yaln\u0131zca M\u00fcsl\u00fcman d\u00fcnyaya de\u011fil, Hristiyan medeniyetine ait k\u00f6klerin de do\u011fal sahibi oldu\u011funu g\u00f6steren \u00e7arp\u0131c\u0131 bir sembold\u00fcr. Bu, T\u00fcrkiye\u2019nin d\u00fcnya kamuoyuna \u201cbiz sadece bir \u00fclke de\u011filiz; farkl\u0131 inan\u00e7lar\u0131n tarihsel haf\u0131zas\u0131n\u0131 bar\u0131nd\u0131ran bir medeniyet kav\u015fa\u011f\u0131y\u0131z\u201d \u015feklinde okunan g\u00fc\u00e7l\u00fc bir mesajd\u0131r.<\/p>\n\n\n\n<p>Haftan\u0131n di\u011fer \u00f6nemli geli\u015fmesi ise uluslararas\u0131 siyasetin vicdan boyutunu spor \u00fczerinden g\u00f6r\u00fcn\u00fcr k\u0131lan bir karard\u0131. Gazze\u2019de binlerce masumun \u00f6ld\u00fcr\u00fcld\u00fc\u011f\u00fc, Birle\u015fmi\u015f Milletler \u0130nsan Haklar\u0131 Konseyi\u2019nin raporlar\u0131nda \u201cciddi insan haklar\u0131 ihlalleri\u201d ve \u201cmuhtemel sava\u015f su\u00e7lar\u0131\u201d kategorisinde de\u011ferlendirilen eylemlerin[1] yo\u011fun \u015fekilde s\u00fcrd\u00fc\u011f\u00fc bir d\u00f6nemde, Coca-Cola\u2019n\u0131n \u0130srail\u2019e verdi\u011fi a\u00e7\u0131k destek kamuoyunda hakl\u0131 tepkilere yol a\u00e7m\u0131\u015ft\u0131. \u015eirketin T\u00fcrkiye\u2019deki d\u00f6rt b\u00fcy\u00fck futbol kul\u00fcb\u00fcne sponsorluk teklifinde bulunmas\u0131, ekonomik \u00e7\u0131karlarla ahlaki tutum aras\u0131ndaki gerilimi bir kez daha g\u00fcndeme ta\u015f\u0131d\u0131.<\/p>\n\n\n\n<p>Bu noktada Trabzonspor Ba\u015fkan\u0131\u2019n\u0131n, Gazze\u2019de \u00f6ld\u00fcr\u00fclen \u00e7ocuklara ve sivillere i\u015faret ederek sponsorluk teklifini reddetmesi; spor sosyolojisi a\u00e7\u0131s\u0131ndan \u201cetik karar alma\u201d literat\u00fcr\u00fcne \u00f6rnek g\u00f6sterilebilecek nitelikte bir duru\u015ftur. Bourdieu\u2019nun spor alan\u0131n\u0131 toplumsal habitus\u2019un bir par\u00e7as\u0131 olarak de\u011ferlendiren yakla\u015f\u0131m\u0131 d\u00fc\u015f\u00fcn\u00fcld\u00fc\u011f\u00fcnde, Trabzonspor\u2019un karar\u0131 sadece ekonomik de\u011fil, k\u00fclt\u00fcrel bir kimlik tercihi olarak da okunmal\u0131d\u0131r. T\u00fcrkiye\u2019nin vicdan merkezli d\u0131\u015f politika \u00e7izgisiyle paralellik ta\u015f\u0131yan bu duru\u015f, toplumsal haf\u0131zada g\u00fc\u00e7l\u00fc bir yer edindi ve geni\u015f kesimlerin takdirini kazand\u0131.<\/p>\n\n\n\n<p>B\u00fct\u00fcn bu geli\u015fmeler, T\u00fcrkiye\u2019nin ayn\u0131 hafta i\u00e7inde hem diplomatik hem k\u00fclt\u00fcrel hem de insani \u00f6l\u00e7eklerde verdi\u011fi mesajlar\u0131n ortak bir matrise oturdu\u011funu g\u00f6stermektedir. Bu matris, T\u00fcrkiye\u2019nin uluslararas\u0131 arenada sadece bir devlet olarak de\u011fil, medeniyet iddias\u0131 olan bir akt\u00f6r olarak y\u00fckseldi\u011fini ortaya koymaktad\u0131r. Papa\u2019n\u0131n T\u00fcrkiye\u2019ye y\u00f6nelen sembolik yak\u0131nl\u0131\u011f\u0131, Cumhurba\u015fkan\u0131\u2019n\u0131n kimlik ve medeniyet eksenli diplomatik mesajlar\u0131, \u0130znik\u2019in evrensel tarih i\u00e7indeki g\u00f6r\u00fcn\u00fcrl\u00fc\u011f\u00fc ve Trabzonspor\u2019un Gazze merkezli vicdani tavr\u0131, b\u00fct\u00fcnc\u00fcl bir resmin par\u00e7alar\u0131d\u0131r.<\/p>\n\n\n\n<p>O resmin ad\u0131 \u015fudur:<br \/>T\u00fcrkiye, insanl\u0131\u011f\u0131n akl\u0131 ile vicdan\u0131n\u0131n bulu\u015ftu\u011fu bir anlam merkezidir.<\/p>\n\n\n\n<p>[1] Bu bilgiler, BM \u0130nsan Haklar\u0131 Konseyi raporlar\u0131nda yer alan genel nitelikli de\u011ferlendirmelere dayanmaktad\u0131r.<\/p>\n","protected":false},"excerpt":{"rendered":"<p>eride b\u0131rakt\u0131\u011f\u0131m\u0131z hafta, T\u00fcrkiye sadece diplomatik protokoller \u00fczerinden de\u011fil, k\u00fcresel g\u00fc\u00e7 dengeleri, medeniyet siyaseti ve toplumsal vicdan \u00fczerinden okundu\u011funda tarih\u00ee de\u011feri y\u00fcksek mesajlar verdi. Papa\u2019n\u0131n g\u00f6reve geldikten sonra ger\u00e7ekle\u015ftirdi\u011fi ilk yurt d\u0131\u015f\u0131 ziyaretini T\u00fcrkiye\u2019ye yapmas\u0131, uluslararas\u0131 ili\u015fkiler literat\u00fcr\u00fcnde \u201csembolik diplomasi\u201d kavram\u0131na textbook niteli\u011finde bir \u00f6rnek olarak kaydedilmelidir. Zira Papa\u2019n\u0131n bir \u00fclkeye ilk ziyaret tercihi, Vatikan\u2019\u0131n o \u00fclkeye ili\u015fkin uzun vadeli stratejik konumland\u0131rmas\u0131n\u0131 g\u00f6steren en y\u00fcksek d\u00fczeyde politik i\u015farettir.<\/p>\n","protected":false},"author":2,"featured_media":10873,"comment_status":"","ping_status":"","sticky":false,"template":"","format":"aside","meta":{"_jetpack_memberships_contains_paid_content":false,"footnotes":""},"categories":[83],"tags":[],"class_list":["post-10874","post","type-post","status-publish","format-aside","has-post-thumbnail","hentry","category-cevre-ve-politika","post_format-post-format-aside"],"jetpack_featured_media_url":"https:\/\/altinisik.org\/wp-content\/uploads\/2025\/12\/aa362e17-4f4f-409d-bab3-6ddba457c304.jpg","jetpack_sharing_enabled":true,"_links":{"self":[{"href":"https:\/\/altinisik.org\/index.php?rest_route=\/wp\/v2\/posts\/10874","targetHints":{"allow":["GET"]}}],"collection":[{"href":"https:\/\/altinisik.org\/index.php?rest_route=\/wp\/v2\/posts"}],"about":[{"href":"https:\/\/altinisik.org\/index.php?rest_route=\/wp\/v2\/types\/post"}],"author":[{"embeddable":true,"href":"https:\/\/altinisik.org\/index.php?rest_route=\/wp\/v2\/users\/2"}],"replies":[{"embeddable":true,"href":"https:\/\/altinisik.org\/index.php?rest_route=%2Fwp%2Fv2%2Fcomments&post=10874"}],"version-history":[{"count":0,"href":"https:\/\/altinisik.org\/index.php?rest_route=\/wp\/v2\/posts\/10874\/revisions"}],"wp:featuredmedia":[{"embeddable":true,"href":"https:\/\/altinisik.org\/index.php?rest_route=\/wp\/v2\/media\/10873"}],"wp:attachment":[{"href":"https:\/\/altinisik.org\/index.php?rest_route=%2Fwp%2Fv2%2Fmedia&parent=10874"}],"wp:term":[{"taxonomy":"category","embeddable":true,"href":"https:\/\/altinisik.org\/index.php?rest_route=%2Fwp%2Fv2%2Fcategories&post=10874"},{"taxonomy":"post_tag","embeddable":true,"href":"https:\/\/altinisik.org\/index.php?rest_route=%2Fwp%2Fv2%2Ftags&post=10874"}],"curies":[{"name":"wp","href":"https:\/\/api.w.org\/{rel}","templated":true}]}}