{"id":10860,"date":"2025-10-30T19:53:49","date_gmt":"2025-10-30T18:53:49","guid":{"rendered":"https:\/\/altinisik.org\/?p=10860"},"modified":"2025-10-30T19:53:49","modified_gmt":"2025-10-30T18:53:49","slug":"avrupali-turklere-haksiz-fatura","status":"publish","type":"post","link":"https:\/\/altinisik.org\/?p=10860","title":{"rendered":"Avrupal\u0131 T\u00fcrklere Haks\u0131z Fatura"},"content":{"rendered":"\n<p><\/p>\n\n\n\n<p>Ge\u00e7ti\u011fimiz g\u00fcnlerde Cumhuriyet Halk Partisi (CHP), Bel\u00e7ika\u2019da bir miting d\u00fczenleyece\u011fini duyurmu\u015ftu. Ancak beklenenin aksine, s\u00f6z konusu miting ne kamuoyu ilgisi ne de kitlesel kat\u0131l\u0131m a\u00e7\u0131s\u0131ndan arzulanan sonucu do\u011furabildi. Bu tablo, parti y\u00f6netimi ve \u00e7evresinde ciddi bir moral bozuklu\u011fu yaratm\u0131\u015f olacak ki, ya\u015fanan hayal k\u0131r\u0131kl\u0131\u011f\u0131n\u0131n faturas\u0131 sistematik bir bi\u00e7imde Avrupa\u2019daki T\u00fcrk toplumuna kesilmeye ba\u015fland\u0131.<\/p>\n\n\n\n<p>Mitingin ard\u0131ndan CHP\u2019ye yak\u0131n baz\u0131 yaz\u0131l\u0131, g\u00f6rsel ve dijital medya organlar\u0131nda; ayr\u0131ca partiyle ideolojik yak\u0131nl\u0131k ta\u015f\u0131yan baz\u0131 \u201cs\u00f6zde akademisyenler\u201d arac\u0131l\u0131\u011f\u0131yla Avrupa\u2019daki T\u00fcrk vatanda\u015flar\u0131n\u0131 hedef alan, karalay\u0131c\u0131 bir s\u00f6ylem \u00fcretildi\u011fi dikkat \u00e7ekiyor. Adeta organize bir bi\u00e7imde y\u00fcr\u00fct\u00fclen bu alg\u0131 operasyonunda, Avrupal\u0131 T\u00fcrkler, haks\u0131z ve mesnetsiz su\u00e7lamalarla kar\u015f\u0131 kar\u015f\u0131ya b\u0131rak\u0131l\u0131yor.<\/p>\n\n\n\n<p>Oysa Avrupa\u2019da ya\u015fayan T\u00fcrk toplumu, T\u00fcrkiye Cumhuriyeti\u2019nin ikinci s\u0131n\u0131f vatanda\u015flar\u0131 de\u011fildir. T\u00fcrkiye, hi\u00e7bir zaman bir \u201capartheid rejimi\u201d gibi davranmam\u0131\u015f, yurtd\u0131\u015f\u0131ndaki vatanda\u015flar\u0131na e\u015fitlik ve aidiyet temelinde yakla\u015fm\u0131\u015ft\u0131r. Ancak ne yaz\u0131k ki, CHP \u00e7evresinden y\u00fckselen bu sald\u0131rgan dil, hem partinin siyasal \u00f6zg\u00fcven krizini hem de yurtd\u0131\u015f\u0131ndaki T\u00fcrklerin ger\u00e7ekli\u011fini kavrayamayan dar ideolojik bak\u0131\u015f a\u00e7\u0131s\u0131n\u0131 a\u00e7\u0131k\u00e7a ortaya koymaktad\u0131r.<\/p>\n\n\n\n<p>Bu durum yaln\u0131zca bir ileti\u015fim kazas\u0131 de\u011fil; T\u00fcrkiye\u2019deki muhalefetin kronik bir zaaf\u0131n\u0131n yans\u0131mas\u0131d\u0131r. Ele\u015ftiri k\u00fclt\u00fcr\u00fc yerine su\u00e7lama refleksini, toplumsal analiz yerine \u00f6nyarg\u0131y\u0131, demokratik rekabet yerine \u00f6fke siyasetiyle hareket eden bir anlay\u0131\u015f, hem kendi toplumsal taban\u0131n\u0131 daraltmakta hem de T\u00fcrkiye demokrasisine zarar vermektedir.<\/p>\n\n\n\n<p>Bug\u00fcn CHP, Avrupa\u2019daki T\u00fcrk toplumunu \u201coy vermeyen kitle\u201d olarak de\u011fil, T\u00fcrkiye\u2019nin k\u00fcresel birikiminin par\u00e7as\u0131 olan vatanda\u015flar olarak g\u00f6rmek zorundad\u0131r. Aksi halde bu t\u00fcr politik tutumlar, partiyi i\u00e7e kapan\u0131k, reaksiyoner ve ulusal \u00f6l\u00e7ekte temsil kabiliyeti zay\u0131flam\u0131\u015f bir yap\u0131ya d\u00f6n\u00fc\u015ft\u00fcr\u00fcr.<\/p>\n\n\n\n<p>Avrupal\u0131 T\u00fcrkler, T\u00fcrkiye\u2019nin sosyal, k\u00fclt\u00fcrel ve ekonomik g\u00fcc\u00fcn\u00fcn uzant\u0131s\u0131d\u0131r. Onlar\u0131n demokratik hak taleplerini \u201ctehdit\u201d olarak g\u00f6ren her siyasi zihniyet, asl\u0131nda T\u00fcrkiye\u2019nin \u00e7o\u011fulcu gelece\u011fine set \u00e7ekmektedir. Bizler, yurtd\u0131\u015f\u0131nda ya\u015fayan T\u00fcrklerin eksik kalm\u0131\u015f haklar\u0131n\u0131n iadesi, temsil adaleti ve anayasal e\u015fitli\u011fi i\u00e7in m\u00fccadele ederken; bu m\u00fccadeleyi itibars\u0131zla\u015ft\u0131ran bir siyasi partinin \u201cs\u00f6zde halk\u00e7\u0131l\u0131k\u201d iddias\u0131, milletimiz ad\u0131na b\u00fcy\u00fck bir talihsizliktir.<\/p>\n\n\n\n<p>T\u00fcrkiye\u2019nin ihtiyac\u0131 olan, yurtd\u0131\u015f\u0131ndaki vatanda\u015flar\u0131n\u0131 su\u00e7layan de\u011fil, onlarla birlikte yeni bir gelecek in\u015fa etmeye \u00e7al\u0131\u015fan siyaset\u00e7ilerdir. Avrupa\u2019daki T\u00fcrkler, bu \u00fclkenin d\u0131\u015f halkas\u0131 de\u011fil; bilakis milletimizin onurlu bir par\u00e7as\u0131d\u0131r.<\/p>\n","protected":false},"excerpt":{"rendered":"<p>Ge\u00e7ti\u011fimiz g\u00fcnlerde Cumhuriyet Halk Partisi (CHP), Bel\u00e7ika\u2019da bir miting d\u00fczenleyece\u011fini duyurmu\u015ftu. Ancak beklenenin aksine, s\u00f6z konusu miting ne kamuoyu ilgisi ne de kitlesel kat\u0131l\u0131m a\u00e7\u0131s\u0131ndan arzulanan sonucu do\u011furabildi. Bu tablo, parti y\u00f6netimi ve \u00e7evresinde ciddi bir moral bozuklu\u011fu yaratm\u0131\u015f olacak ki, ya\u015fanan hayal k\u0131r\u0131kl\u0131\u011f\u0131n\u0131n faturas\u0131 sistematik bir bi\u00e7imde Avrupa\u2019daki T\u00fcrk toplumuna kesilmeye ba\u015fland\u0131.<\/p>\n","protected":false},"author":2,"featured_media":10859,"comment_status":"","ping_status":"","sticky":false,"template":"","format":"aside","meta":{"_jetpack_memberships_contains_paid_content":false,"footnotes":""},"categories":[83],"tags":[],"class_list":["post-10860","post","type-post","status-publish","format-aside","has-post-thumbnail","hentry","category-cevre-ve-politika","post_format-post-format-aside"],"jetpack_featured_media_url":"https:\/\/altinisik.org\/wp-content\/uploads\/2025\/10\/a6d1667f-537e-4c7c-81e7-49e949d27511.jpg","jetpack_sharing_enabled":true,"_links":{"self":[{"href":"https:\/\/altinisik.org\/index.php?rest_route=\/wp\/v2\/posts\/10860","targetHints":{"allow":["GET"]}}],"collection":[{"href":"https:\/\/altinisik.org\/index.php?rest_route=\/wp\/v2\/posts"}],"about":[{"href":"https:\/\/altinisik.org\/index.php?rest_route=\/wp\/v2\/types\/post"}],"author":[{"embeddable":true,"href":"https:\/\/altinisik.org\/index.php?rest_route=\/wp\/v2\/users\/2"}],"replies":[{"embeddable":true,"href":"https:\/\/altinisik.org\/index.php?rest_route=%2Fwp%2Fv2%2Fcomments&post=10860"}],"version-history":[{"count":0,"href":"https:\/\/altinisik.org\/index.php?rest_route=\/wp\/v2\/posts\/10860\/revisions"}],"wp:featuredmedia":[{"embeddable":true,"href":"https:\/\/altinisik.org\/index.php?rest_route=\/wp\/v2\/media\/10859"}],"wp:attachment":[{"href":"https:\/\/altinisik.org\/index.php?rest_route=%2Fwp%2Fv2%2Fmedia&parent=10860"}],"wp:term":[{"taxonomy":"category","embeddable":true,"href":"https:\/\/altinisik.org\/index.php?rest_route=%2Fwp%2Fv2%2Fcategories&post=10860"},{"taxonomy":"post_tag","embeddable":true,"href":"https:\/\/altinisik.org\/index.php?rest_route=%2Fwp%2Fv2%2Ftags&post=10860"}],"curies":[{"name":"wp","href":"https:\/\/api.w.org\/{rel}","templated":true}]}}