{"id":10856,"date":"2025-10-29T13:29:00","date_gmt":"2025-10-29T12:29:00","guid":{"rendered":"https:\/\/altinisik.org\/?p=10856"},"modified":"2025-10-29T13:29:00","modified_gmt":"2025-10-29T12:29:00","slug":"yurtdisi-turkleri-uzerinden-siyaset-yapmak","status":"publish","type":"post","link":"https:\/\/altinisik.org\/?p=10856","title":{"rendered":"Yurtd\u0131\u015f\u0131 T\u00fcrkleri \u00dczerinden Siyaset Yapmak"},"content":{"rendered":"\n<p><\/p>\n\n\n\n<p>T\u00fcrkiye B\u00fcy\u00fck Millet Meclisi\u2019nde ge\u00e7ti\u011fimiz g\u00fcnlerde \u201cgurbet\u00e7iler\u201d ba\u015fl\u0131\u011f\u0131yla g\u00fcndeme getirilen \u00f6neri, y\u0131llard\u0131r s\u00fcre gelen bir zihniyet ar\u0131zas\u0131n\u0131 bir kez daha g\u00f6zler \u00f6n\u00fcne serdi. Saadet Partisi taraf\u0131ndan sunulan 15 maddelik \u201cYurtd\u0131\u015f\u0131 T\u00fcrklerin Talepleri\u201d listesi ilk bak\u0131\u015fta cazip bir paket gibi g\u00f6r\u00fcnse de, bu \u00f6nerinin i\u00e7eri\u011fi kadar niyeti de sorgulanmaya de\u011ferdir. Zira mesele, ne bedelli askerlik \u00fccreti, ne u\u00e7ak bileti fiyat\u0131 ne de ara\u00e7 kal\u0131\u015f s\u00fcresidir. Mesele, do\u011frudan do\u011fruya siyasal temsilin kurumsalla\u015fmas\u0131d\u0131r.<\/p>\n\n\n\n<p>Saadet Partisi\u2019nin bu 15 maddeyi bir \u201ciyi niyet beyan\u0131\u201d gibi Meclis g\u00fcndemine ta\u015f\u0131mas\u0131, d\u0131\u015far\u0131dan bak\u0131ld\u0131\u011f\u0131nda diaspora dostu bir giri\u015fim izlenimi verebilir. Fakat teklifin merkezine yerle\u015ftirilmesi gereken en kritik unsur olan \u201cYurtd\u0131\u015f\u0131 Se\u00e7im B\u00f6lgesi\u201d maddesi, tali bir detay\u0131n i\u00e7ine s\u0131k\u0131\u015ft\u0131r\u0131lm\u0131\u015ft\u0131r. Bu durum, asl\u0131nda meselenin \u00f6z\u00fcn\u00fcn de\u011fil, g\u00f6r\u00fcnt\u00fcs\u00fcn\u00fcn hedeflendi\u011fini a\u00e7\u0131k\u00e7a g\u00f6stermektedir. Bu bir hak savunusu de\u011fil, siyasi bir manevrad\u0131r. \u201cBiz istedik, onlar reddetti\u201d diyebilmek i\u00e7in tasarlanm\u0131\u015f, i\u00e7 politikaya d\u00f6n\u00fck bir vitrin hareketidir.<\/p>\n\n\n\n<p>Yurtd\u0131\u015f\u0131nda ya\u015fayan milyonlarca vatanda\u015f\u0131m\u0131z\u0131n taleplerinin, i\u00e7 siyaset hesaplar\u0131 u\u011fruna ara\u00e7salla\u015ft\u0131r\u0131lmas\u0131 art\u0131k kabul edilemez bir noktaya gelmi\u015ftir. \u00c7\u00fcnk\u00fc bu insanlar, T\u00fcrkiye\u2019nin ekonomik, k\u00fclt\u00fcrel ve siyasal kapasitesine katk\u0131 sunan, kimlik bilinci geli\u015fmi\u015f, d\u00f6rd\u00fcnc\u00fc nesil bir toplulu\u011fu temsil ediyor. Onlar art\u0131k ne aldat\u0131labilir bir kitle ne de retorik s\u00fcs\u00fcd\u00fcr. Bizim meselemiz yard\u0131m edilmek de\u011fil, yetki verilmek meselesidir. Bu yetki de sembolik jestlerle de\u011fil, anayasal d\u00fczenlemelerle tesis edilir.<\/p>\n\n\n\n<p>\u201cGurbet\u00e7i\u201d kavram\u0131 nostaljik bir \u00e7a\u011fr\u0131\u015f\u0131m ta\u015f\u0131sa da art\u0131k bu toplulu\u011fu tan\u0131mlamakta yetersizdir. Bug\u00fcn Avrupa\u2019daki T\u00fcrkler, bulunduklar\u0131 \u00fclkelerde \u00fcretimden siyasete, e\u011fitimden y\u00f6netime kadar her alanda kal\u0131c\u0131 akt\u00f6rlerdir. Onlara h\u00e2l\u00e2 \u201cgurbet\u00e7i\u201d denmesi, hem sosyolojik hem de siyasal bak\u0131mdan k\u00fc\u00e7\u00fclt\u00fcc\u00fc bir tav\u0131rd\u0131r. Bu insanlar \u201cd\u0131\u015far\u0131dakiler\u201d de\u011fil, T\u00fcrkiye Cumhuriyeti\u2019nin do\u011fal uzant\u0131s\u0131, k\u00fclt\u00fcrel ve demokratik kimli\u011finin asli par\u00e7as\u0131d\u0131r. Onlar \u201cYurtd\u0131\u015f\u0131 T\u00fcrkleri\u201ddir.<\/p>\n\n\n\n<p>T\u00fcrkiye, demokrasisini g\u00fc\u00e7lendirmek istiyorsa, bu kitleyi art\u0131k oy torbas\u0131 ya da se\u00e7im malzemesi olarak de\u011fil, siyasal bir \u00f6zne olarak g\u00f6rmek zorundad\u0131r. Bug\u00fcnk\u00fc se\u00e7im sistemiyle Yurtd\u0131\u015f\u0131 T\u00fcrklerinin iradesi yaln\u0131zca posta zarflar\u0131na s\u0131k\u0131\u015ft\u0131r\u0131lmakta, bu da demokratik temsilde a\u00e7\u0131k bir adaletsizlik yaratmaktad\u0131r. Her d\u00f6rt-be\u015f y\u0131lda bir havaalanlar\u0131nda hat\u0131rlanan, oylar\u0131yla \u00f6v\u00fcn\u00fclen ama sonras\u0131nda unutulan bir kitle olmay\u0131 hak etmiyoruz.<\/p>\n\n\n\n<p>Yurtd\u0131\u015f\u0131 Se\u00e7im B\u00f6lgesi kurulmad\u0131\u011f\u0131 s\u00fcrece hi\u00e7bir partinin \u201cdiaspora dostu\u201d oldu\u011fundan s\u00f6z edilemez. \u00c7\u00fcnk\u00fc temsil yoksa adalet de yoktur. Bu nedenle ger\u00e7ek samimiyet testi, hi\u00e7bir iktidar ya da muhalefet s\u00f6yleminde de\u011fil, bu d\u00fczenlemenin Meclis\u2019te yasal kar\u015f\u0131l\u0131k bulup bulmamas\u0131ndad\u0131r. Saadet Partisi dahil hi\u00e7bir partinin, bu talebi tali k\u0131l\u0131p yerine s\u00fcs maddeleri koyma hakk\u0131 yoktur. Bu, siyaset de\u011fil, aldatma sanat\u0131d\u0131r.<\/p>\n\n\n\n<p>Bug\u00fcn Avrupa\u2019daki T\u00fcrkler, ekonomik g\u00fc\u00e7leri kadar politik bilin\u00e7leriyle de tan\u0131mlanmal\u0131d\u0131r. Onlar\u0131n kurdu\u011fu dernekler, medya organlar\u0131, akademik \u00e7evreler ve i\u015f d\u00fcnyas\u0131, T\u00fcrkiye\u2019nin k\u00fcresel kimli\u011finin en stratejik dayanak noktalar\u0131d\u0131r. Fakat bu potansiyel, her se\u00e7im \u00f6ncesi ucuz s\u00f6ylemlerle t\u00fcketiliyor. T\u00fcrkiye\u2019nin gelece\u011fi, diaspora ile kurulacak yeni bir toplumsal s\u00f6zle\u015fmede gizlidir. Bu s\u00f6zle\u015fmenin temeli temsilde e\u015fitliktir.<\/p>\n\n\n\n<p>Saadet Partisi\u2019nin bu hamlesi, g\u00f6r\u00fcn\u00fc\u015fte \u201ciyi niyetli\u201d bir \u00e7aban\u0131n arkas\u0131na saklanm\u0131\u015f klasik bir politik senaryodur. Ama\u00e7 \u00e7\u00f6z\u00fcm \u00fcretmek de\u011fil, \u201cbiz istedik, onlar reddetti\u201d diyebilmektir. Oysa bizim meselemiz se\u00e7im \u00f6ncesi slogan de\u011fil, tarih\u00ee bir adaletin tesisi meselesidir. Yurtd\u0131\u015f\u0131 T\u00fcrkleri art\u0131k siyasetin nesnesi de\u011fil, yeni d\u00f6nemin \u00f6znesidir.<\/p>\n\n\n\n<p>Bug\u00fcn kimse bizden hamaset beklemesin. Art\u0131k kimseyle de\u011fil, sadece hakikatle konu\u015fma vaktidir. \u00c7\u00fcnk\u00fc biz, se\u00e7im meydanlar\u0131n\u0131n de\u011fil, tarihin adalet terazisinde yerimizi almak istiyoruz. Ger\u00e7ek temsilin yolu, s\u00f6zde de\u011fil \u00f6zde siyasetten&nbsp;ge\u00e7er.<\/p>\n","protected":false},"excerpt":{"rendered":"<p>T\u00fcrkiye B\u00fcy\u00fck Millet Meclisi\u2019nde ge\u00e7ti\u011fimiz g\u00fcnlerde \u201cgurbet\u00e7iler\u201d ba\u015fl\u0131\u011f\u0131yla g\u00fcndeme getirilen \u00f6neri, y\u0131llard\u0131r s\u00fcre gelen bir zihniyet ar\u0131zas\u0131n\u0131 bir kez daha g\u00f6zler \u00f6n\u00fcne serdi. Saadet Partisi taraf\u0131ndan sunulan 15 maddelik \u201cYurtd\u0131\u015f\u0131 T\u00fcrklerin Talepleri\u201d listesi ilk bak\u0131\u015fta cazip bir paket gibi g\u00f6r\u00fcnse de, bu \u00f6nerinin i\u00e7eri\u011fi kadar niyeti de sorgulanmaya de\u011ferdir. Zira mesele, ne bedelli askerlik \u00fccreti, ne u\u00e7ak bileti fiyat\u0131 ne de ara\u00e7 kal\u0131\u015f s\u00fcresidir. Mesele, do\u011frudan do\u011fruya siyasal temsilin kurumsalla\u015fmas\u0131d\u0131r.<\/p>\n","protected":false},"author":2,"featured_media":10857,"comment_status":"closed","ping_status":"","sticky":false,"template":"","format":"standard","meta":{"_jetpack_memberships_contains_paid_content":false,"footnotes":""},"categories":[83],"tags":[],"class_list":["post-10856","post","type-post","status-publish","format-standard","has-post-thumbnail","hentry","category-cevre-ve-politika"],"jetpack_featured_media_url":"https:\/\/altinisik.org\/wp-content\/uploads\/2025\/10\/WhatsApp-Bild-2025-10-27-um-00.38.15_56360e9e.jpg","jetpack_sharing_enabled":true,"_links":{"self":[{"href":"https:\/\/altinisik.org\/index.php?rest_route=\/wp\/v2\/posts\/10856","targetHints":{"allow":["GET"]}}],"collection":[{"href":"https:\/\/altinisik.org\/index.php?rest_route=\/wp\/v2\/posts"}],"about":[{"href":"https:\/\/altinisik.org\/index.php?rest_route=\/wp\/v2\/types\/post"}],"author":[{"embeddable":true,"href":"https:\/\/altinisik.org\/index.php?rest_route=\/wp\/v2\/users\/2"}],"replies":[{"embeddable":true,"href":"https:\/\/altinisik.org\/index.php?rest_route=%2Fwp%2Fv2%2Fcomments&post=10856"}],"version-history":[{"count":1,"href":"https:\/\/altinisik.org\/index.php?rest_route=\/wp\/v2\/posts\/10856\/revisions"}],"predecessor-version":[{"id":10858,"href":"https:\/\/altinisik.org\/index.php?rest_route=\/wp\/v2\/posts\/10856\/revisions\/10858"}],"wp:featuredmedia":[{"embeddable":true,"href":"https:\/\/altinisik.org\/index.php?rest_route=\/wp\/v2\/media\/10857"}],"wp:attachment":[{"href":"https:\/\/altinisik.org\/index.php?rest_route=%2Fwp%2Fv2%2Fmedia&parent=10856"}],"wp:term":[{"taxonomy":"category","embeddable":true,"href":"https:\/\/altinisik.org\/index.php?rest_route=%2Fwp%2Fv2%2Fcategories&post=10856"},{"taxonomy":"post_tag","embeddable":true,"href":"https:\/\/altinisik.org\/index.php?rest_route=%2Fwp%2Fv2%2Ftags&post=10856"}],"curies":[{"name":"wp","href":"https:\/\/api.w.org\/{rel}","templated":true}]}}