{"id":10851,"date":"2025-10-25T11:08:43","date_gmt":"2025-10-25T09:08:43","guid":{"rendered":"https:\/\/altinisik.org\/?p=10851"},"modified":"2025-10-25T11:08:43","modified_gmt":"2025-10-25T09:08:43","slug":"yeni-donemin-aktorleri","status":"publish","type":"post","link":"https:\/\/altinisik.org\/?p=10851","title":{"rendered":"Yeni D\u00f6nemin Akt\u00f6rleri"},"content":{"rendered":"\n<p><\/p>\n\n\n\n<p>Avrupa\u2019ya y\u00f6nelik g\u00f6\u00e7\u00fcn \u00fczerinden tam altm\u0131\u015f d\u00f6rt y\u0131l ge\u00e7ti. Bug\u00fcn, 2025 y\u0131l\u0131 itibar\u0131yla, art\u0131k d\u00f6rd\u00fcnc\u00fc nesil Yurtd\u0131\u015f\u0131 T\u00fcrklerinden s\u00f6z ediyoruz. Bu topluluk, yaln\u0131zca ya\u015fad\u0131klar\u0131 \u00fclkelerin ekonomik ve k\u00fclt\u00fcrel yap\u0131s\u0131nda de\u011fil; ayn\u0131 zamanda sosyal ya\u015fam ve siyaset sahnesinde de dikkate de\u011fer bir d\u00fczeye eri\u015fmi\u015f durumda. Ne var ki, b\u00fct\u00fcn bu nitelikli ve nicelikli insan kayna\u011f\u0131na ra\u011fmen, Yurtd\u0131\u015f\u0131 T\u00fcrklerinin anavatanla olan ili\u015fkisi hi\u00e7bir zaman hak etti\u011fi derinlikte ele al\u0131nmad\u0131.<\/p>\n\n\n\n<p>Uzun y\u0131llar boyunca bu insanlar, kimi zaman \u201cd\u00f6viz g\u00f6nderen i\u015f\u00e7i\u201d, kimi zaman da \u201cpolitik ara\u00e7\u201d olarak g\u00f6r\u00fcld\u00fc. Bir d\u00f6nem \u201calt\u0131n yumurtlayan tavuk\u201d olarak alk\u0131\u015flanan Yurtd\u0131\u015f\u0131 T\u00fcrkleri, ba\u015fka bir d\u00f6nemde hedeflere ula\u015fmak i\u00e7in basamak niyetine kullan\u0131ld\u0131. Kimileri, kendi vatanlar\u0131nda dahi \u201cikinci s\u0131n\u0131f vatanda\u015f\u201d muamelesi g\u00f6rd\u00fc. Bu tablo, hem T\u00fcrkiye\u2019nin i\u00e7 siyaseti hem de d\u0131\u015f politika vizyonu a\u00e7\u0131s\u0131ndan tarih\u00ee bir kay\u0131pt\u0131r.<\/p>\n\n\n\n<p>Oysa bug\u00fcn geldi\u011fimiz noktada tablo de\u011fi\u015fmi\u015ftir. Yurtd\u0131\u015f\u0131 T\u00fcrkleri art\u0131k yaln\u0131zca hat\u0131rlanmas\u0131 gereken bir diaspora de\u011fil; T\u00fcrkiye\u2019nin sosyopolitik denkleminin ayr\u0131lmaz bir bile\u015fenidir. Avrupa\u2019daki ekonomik ba\u015far\u0131lar\u0131, kurumsal temsil kabiliyetleri ve k\u00fclt\u00fcrel dayan\u0131\u015fma a\u011flar\u0131, onlar\u0131 T\u00fcrkiye\u2019nin gelece\u011finde s\u00f6z sahibi olmaya haz\u0131r bir konuma getirmi\u015ftir.<\/p>\n\n\n\n<p>Ne var ki, ge\u00e7mi\u015fte yap\u0131lan hatalar (\u00f6zellikle siyaseten d\u0131\u015flanma ve de\u011fersizle\u015ftirme) toplumsal bir yara b\u0131rakm\u0131\u015ft\u0131r. Bu yara, zamanla bilin\u00e7li bir talebe d\u00f6n\u00fc\u015fm\u00fc\u015ft\u00fcr: Tan\u0131nma, temsil edilme ve karar mekanizmalar\u0131nda yer alma talebi. \u00c7\u00fcnk\u00fc Yurtd\u0131\u015f\u0131 T\u00fcrkleri art\u0131k edilgen bir kitle de\u011fildir; \u00f6znele\u015fen, siyasi bilin\u00e7 kazanan ve stratejik fark\u0131ndal\u0131\u011f\u0131 y\u00fcksek bir topluluktur.<\/p>\n\n\n\n<p>Bug\u00fcn T\u00fcrkiye, ciddi bir ahlaki ve kurumsal erozyonla y\u00fczle\u015firken, yurtd\u0131\u015f\u0131ndaki vatanda\u015flar\u0131m\u0131z bu s\u00fcrecin d\u0131\u015f\u0131nda kalmak istemiyor. Aksine, bu yeniden in\u015fa s\u00fcrecinin aktif unsuru olmay\u0131 arzuluyorlar. Bunun en somut ad\u0131m\u0131 ise, y\u0131llard\u0131r dile getirilen \u201cYurtd\u0131\u015f\u0131 Se\u00e7im B\u00f6lgesi\u201d talebinin yasal zemine kavu\u015fmas\u0131yla at\u0131lacakt\u0131r.<\/p>\n\n\n\n<p>Bu d\u00fczenleme yaln\u0131zca bir se\u00e7im reformu de\u011fildir. Bu, tarihin adalet terazisinde dengeyi yeniden kurmak anlam\u0131na gelir. \u00c7\u00fcnk\u00fc se\u00e7me hakk\u0131 kadar, se\u00e7ilme hakk\u0131 da demokrasinin asli unsurudur. Yurtd\u0131\u015f\u0131nda ya\u015fayan milyonlarca vatanda\u015f\u0131n temsil g\u00fcc\u00fc, art\u0131k sembolik de\u011fil, kurumsal bir ger\u00e7ekli\u011fe d\u00f6n\u00fc\u015fmelidir.<\/p>\n\n\n\n<p>Art\u0131k vakit, o vakittir.<br>T\u00fcrkiye\u2019nin k\u00fcresel kimli\u011fini g\u00fc\u00e7lendirecek olan, s\u0131n\u0131rlar\u0131n \u00f6tesindeki T\u00fcrklerin birikimi, vizyonu ve cesaretidir. Onlar\u0131 ger\u00e7ek anlamda siyasetin, karar\u0131n ve gelece\u011fin merkezine ta\u015f\u0131mak; sadece bir hak de\u011fil, tarih\u00ee bir sorumluluktur.<\/p>\n","protected":false},"excerpt":{"rendered":"<p>Avrupa\u2019ya y\u00f6nelik g\u00f6\u00e7\u00fcn \u00fczerinden tam altm\u0131\u015f d\u00f6rt y\u0131l ge\u00e7ti. Bug\u00fcn, 2025 y\u0131l\u0131 itibar\u0131yla, art\u0131k d\u00f6rd\u00fcnc\u00fc nesil Yurtd\u0131\u015f\u0131 T\u00fcrklerinden s\u00f6z ediyoruz. Bu topluluk, yaln\u0131zca ya\u015fad\u0131klar\u0131 \u00fclkelerin ekonomik ve k\u00fclt\u00fcrel yap\u0131s\u0131nda de\u011fil; ayn\u0131 zamanda sosyal ya\u015fam ve siyaset sahnesinde de dikkate de\u011fer bir d\u00fczeye eri\u015fmi\u015f durumda. Ne var ki, b\u00fct\u00fcn bu nitelikli ve nicelikli insan kayna\u011f\u0131na ra\u011fmen, Yurtd\u0131\u015f\u0131 T\u00fcrklerinin anavatanla olan ili\u015fkisi hi\u00e7bir zaman hak etti\u011fi derinlikte ele al\u0131nmad\u0131.<\/p>\n","protected":false},"author":2,"featured_media":0,"comment_status":"","ping_status":"","sticky":false,"template":"","format":"standard","meta":{"_jetpack_memberships_contains_paid_content":false,"footnotes":""},"categories":[83],"tags":[],"class_list":["post-10851","post","type-post","status-publish","format-standard","hentry","category-cevre-ve-politika"],"jetpack_featured_media_url":"","jetpack_sharing_enabled":true,"_links":{"self":[{"href":"https:\/\/altinisik.org\/index.php?rest_route=\/wp\/v2\/posts\/10851","targetHints":{"allow":["GET"]}}],"collection":[{"href":"https:\/\/altinisik.org\/index.php?rest_route=\/wp\/v2\/posts"}],"about":[{"href":"https:\/\/altinisik.org\/index.php?rest_route=\/wp\/v2\/types\/post"}],"author":[{"embeddable":true,"href":"https:\/\/altinisik.org\/index.php?rest_route=\/wp\/v2\/users\/2"}],"replies":[{"embeddable":true,"href":"https:\/\/altinisik.org\/index.php?rest_route=%2Fwp%2Fv2%2Fcomments&post=10851"}],"version-history":[{"count":0,"href":"https:\/\/altinisik.org\/index.php?rest_route=\/wp\/v2\/posts\/10851\/revisions"}],"wp:attachment":[{"href":"https:\/\/altinisik.org\/index.php?rest_route=%2Fwp%2Fv2%2Fmedia&parent=10851"}],"wp:term":[{"taxonomy":"category","embeddable":true,"href":"https:\/\/altinisik.org\/index.php?rest_route=%2Fwp%2Fv2%2Fcategories&post=10851"},{"taxonomy":"post_tag","embeddable":true,"href":"https:\/\/altinisik.org\/index.php?rest_route=%2Fwp%2Fv2%2Ftags&post=10851"}],"curies":[{"name":"wp","href":"https:\/\/api.w.org\/{rel}","templated":true}]}}