{"id":10849,"date":"2025-10-24T07:54:29","date_gmt":"2025-10-24T05:54:29","guid":{"rendered":"https:\/\/altinisik.org\/?p=10849"},"modified":"2025-10-24T07:54:29","modified_gmt":"2025-10-24T05:54:29","slug":"bakude-yanlis-bir-adim","status":"publish","type":"post","link":"https:\/\/altinisik.org\/?p=10849","title":{"rendered":"Bak\u00fc\u2019de Yanl\u0131\u015f Bir Ad\u0131m"},"content":{"rendered":"\n<p><\/p>\n\n\n\n<p>Avrupa Hahamlar Konferans\u0131\u2019n\u0131n Bak\u00fc\u2019de yap\u0131lmas\u0131, T\u00fcrk-\u0130slam d\u00fcnyas\u0131nda medeniyet bilincini tart\u0131\u015fmaya a\u00e7an sembolik bir s\u0131navd\u0131r.<\/p>\n\n\n\n<p>Kas\u0131m 2025\u2019te Bak\u00fc\u2019de d\u00fczenlenece\u011fi a\u00e7\u0131klanan Avrupa Hahamlar Konferans\u0131, ilk bak\u0131\u015fta din\u00ee bir toplant\u0131 gibi g\u00f6r\u00fcnse de, arka plan\u0131nda derin bir jeopolitik anlam ta\u015f\u0131maktad\u0131r. Y\u00fczlerce haham\u0131n bir araya gelece\u011fi, \u201c\u0130brahim Anla\u015fmalar\u0131\u201dn\u0131n geni\u015fletilmesi ve Siyonizme kar\u015f\u0131 faaliyetlerin de\u011ferlendirilmesi gibi ba\u015fl\u0131klar\u0131n konu\u015fulaca\u011f\u0131 iddia edilen bu konferans, s\u0131radan bir dinler aras\u0131 bulu\u015fma de\u011fil; Bat\u0131 Asya\u2019n\u0131n stratejik dengelerini yeniden bi\u00e7imlendirmeyi ama\u00e7layan bir yumu\u015fak g\u00fc\u00e7 operasyonu izlenimi vermektedir.<\/p>\n\n\n\n<p>Avrupa Hahamlar Konferans\u0131 bug\u00fcne kadar hi\u00e7bir M\u00fcsl\u00fcman ya da T\u00fcrk \u00fclkesinde d\u00fczenlenmemi\u015ftir. Dolay\u0131s\u0131yla bu y\u0131lki toplant\u0131n\u0131n Bak\u00fc\u2019de yap\u0131lmas\u0131, sadece bir yer de\u011fi\u015fikli\u011fi de\u011fil, sembolik bir hamledir. Bu sembol, y\u00fczy\u0131llard\u0131r T\u00fcrk-\u0130slam medeniyetinin kalbinde ya\u015fayan ortak kimlik bilincine y\u00f6nelen yeni bir testtir. Zira Azerbaycan gibi hem T\u00fcrk d\u00fcnyas\u0131n\u0131n hem de \u0130slam co\u011frafyas\u0131n\u0131n onurlu bir \u00fcyesi olan bir \u00fclkenin, \u0130srail merkezli bir dini organizasyona ev sahipli\u011fi yapmas\u0131, \u201cnormalle\u015fme\u201d ad\u0131 alt\u0131nda y\u00fcr\u00fct\u00fclen ideolojik ku\u015fatman\u0131n Kafkasya\u2019ya ta\u015f\u0131nmas\u0131 anlam\u0131na gelir.<\/p>\n\n\n\n<p>\u0130brahim Anla\u015fmalar\u0131, 2020\u2019den bu yana \u0130srail\u2019in Arap d\u00fcnyas\u0131nda uygulad\u0131\u011f\u0131 bir alg\u0131 m\u00fchendisli\u011fi projesidir. Ama\u00e7, Siyonist siyasetin me\u015fruiyetini geni\u015fletmek, direni\u015f hatt\u0131n\u0131 psikolojik olarak \u00e7\u00f6zmek ve \u0130slam d\u00fcnyas\u0131nda al\u0131\u015fkanl\u0131k e\u015fi\u011fini y\u00fckseltmektir. Bu anla\u015fmalar\u0131n bir uzant\u0131s\u0131 olarak kurgulanan din\u00ee konferanslar, diplomatik ili\u015fkilerin \u00f6tesine ge\u00e7ip zihinsel teslimiyeti hedefler. Dolay\u0131s\u0131yla mesele hahamlar\u0131n toplanmas\u0131 de\u011fil, o toplant\u0131n\u0131n nerede yap\u0131ld\u0131\u011f\u0131 ve neye hizmet etti\u011fidir. Bu bak\u0131mdan Bak\u00fc se\u00e7imi rastlant\u0131 de\u011fil, bilin\u00e7li bir tercihtir. \u00c7\u00fcnk\u00fc Kafkasya, Asya\u2019n\u0131n bat\u0131 kap\u0131s\u0131d\u0131r; kim bu kap\u0131y\u0131 zihinsel olarak a\u015farsa, Asya\u2019n\u0131n kalbine girece\u011fini d\u00fc\u015f\u00fcn\u00fcr.<\/p>\n\n\n\n<p>Karde\u015f Azerbaycan, tarih boyunca ba\u011f\u0131ms\u0131z duru\u015funu, T\u00fcrk kimli\u011fiyle \u0130slam bilincini birle\u015ftirerek korumu\u015ftur. Karaba\u011f zaferi, bu bilincin modern \u00e7a\u011fdaki destans\u0131 \u00f6rne\u011fidir. Ancak bug\u00fcn ayn\u0131 Azerbaycan\u2019\u0131n, fark\u0131nda olmadan, Siyonizmin yumu\u015fak n\u00fcfuz ara\u00e7lar\u0131ndan biri haline gelecek bir organizasyona ev sahipli\u011fi yapmas\u0131, karde\u015flik ruhuna zarar verebilir. \u00c7\u00fcnk\u00fc bu t\u00fcr etkinlikler, g\u00f6r\u00fcn\u00fcrde diyalog zemininde ilerlese de, ger\u00e7ekte k\u00fclt\u00fcrel kodlar\u0131n a\u015f\u0131nd\u0131r\u0131lmas\u0131, ortak kimli\u011fin suland\u0131r\u0131lmas\u0131 ve siyasi duru\u015fun n\u00f6tralize edilmesi sonucunu do\u011furur.<\/p>\n\n\n\n<p>Tarih, baz\u0131 hatalar\u0131n niyetle de\u011fil, sonu\u00e7la \u00f6l\u00e7\u00fcld\u00fc\u011f\u00fcn\u00fc bize defalarca g\u00f6stermi\u015ftir. 20. y\u00fczy\u0131l boyunca Ortado\u011fu\u2019da yap\u0131lan her \u201ciyi niyetli\u201d diplomatik jest, sonunda \u0130srail\u2019in alan\u0131n\u0131 geni\u015fletmi\u015f, direni\u015f co\u011frafyas\u0131n\u0131n alan\u0131n\u0131 daraltm\u0131\u015ft\u0131r. Bug\u00fcn Gazze\u2019de, Kud\u00fcs\u2019te, Bat\u0131 \u015eeria\u2019da ya\u015fanan trajediler bu \u201cnormalle\u015fme\u201d politikas\u0131n\u0131n bedelleridir. \u0130\u015fte bu y\u00fczden Bak\u00fc\u2019de bir hahamlar konferans\u0131, sadece bir organizasyon de\u011fil, tarih \u00f6n\u00fcnde bir s\u0131navd\u0131r.<\/p>\n\n\n\n<p>Azerbaycan\u2019\u0131n ba\u011f\u0131ms\u0131zl\u0131\u011f\u0131 elbette tart\u0131\u015fmas\u0131zd\u0131r; fakat ba\u011f\u0131ms\u0131zl\u0131k, sadece siyasal bir stat\u00fc de\u011fil, ayn\u0131 zamanda bir medeniyet bilincidir. Bu bilin\u00e7, atalar\u0131n kan\u0131yla yaz\u0131lm\u0131\u015f bir onurun devam\u0131d\u0131r. Karde\u015f Azerbaycan\u2019\u0131n liderli\u011fi, bu onuru \u015fimdiye kadar b\u00fcy\u00fck bir basiretle ta\u015f\u0131m\u0131\u015ft\u0131r. Ancak bu defa mesele, sadece diplomasi masas\u0131nda de\u011fil, kalplerin terazisindedir. Filistin yanarken, Kud\u00fcs a\u011flarken, Gazze\u2019nin \u00e7ocuklar\u0131 enkaz alt\u0131nda can verirken, bir M\u00fcsl\u00fcman ba\u015fkentte Siyonizmin temsilcileri toplan\u0131yorsa, bu durum hi\u00e7bir gerek\u00e7eyle izah edilemez.<\/p>\n\n\n\n<p>Bak\u00fc, bizim i\u00e7in sadece bir ba\u015fkent de\u011fil, ortak ruhun ve ortak kaderin sembol\u00fcd\u00fcr. O \u015fehirde ezan sesinin yank\u0131s\u0131, T\u00fcrk\u00e7e dualar\u0131n t\u0131n\u0131s\u0131yla birle\u015fir. Bu y\u00fczden orada yap\u0131lacak her uluslararas\u0131 toplant\u0131, sadece Azerbaycan\u2019\u0131 de\u011fil, b\u00fct\u00fcn T\u00fcrk-\u0130slam d\u00fcnyas\u0131n\u0131 temsil eder. B\u00f6yle bir zeminde d\u00fczenlenecek Hahamlar Konferans\u0131, gelecekte karde\u015fli\u011fin tarihine g\u00f6lge d\u00fc\u015f\u00fcrecek bir hat\u0131ra olarak kalabilir.<\/p>\n\n\n\n<p>Bug\u00fcn yap\u0131lmas\u0131 gereken \u015fey, bu konferans\u0131n iptal edilmesi de\u011filse bile, en az\u0131ndan i\u00e7eri\u011finin ve amac\u0131n\u0131n yeniden tan\u0131mlanmas\u0131d\u0131r. Azerbaycan bu s\u00fcreci, kendi onurunu koruyarak, T\u00fcrk d\u00fcnyas\u0131yla isti\u015fare i\u00e7inde y\u00f6netmelidir. \u00c7\u00fcnk\u00fc medeniyetler aras\u0131 sayg\u0131, \u00f6nce kimli\u011fe sahip \u00e7\u0131kmakla ba\u015flar.<\/p>\n\n\n\n<p>Bak\u00fc\u2019n\u00fcn kalbi, T\u00fcrk d\u00fcnyas\u0131n\u0131n kalbidir. O kalpte atacak her yanl\u0131\u015f ad\u0131m, b\u00fct\u00fcn co\u011frafyay\u0131 sarsar. Karde\u015fli\u011fimizin, ortak tarihimizin ve gelecek ideallerimizin hat\u0131r\u0131na; bu yanl\u0131\u015f ad\u0131m at\u0131lmadan \u00f6nce, akl\u0131n ve vicdan\u0131n sesi duyulmal\u0131d\u0131r.<\/p>\n","protected":false},"excerpt":{"rendered":"<p>Avrupa Hahamlar Konferans\u0131\u2019n\u0131n Bak\u00fc\u2019de yap\u0131lmas\u0131, T\u00fcrk-\u0130slam d\u00fcnyas\u0131nda medeniyet bilincini tart\u0131\u015fmaya a\u00e7an sembolik bir s\u0131navd\u0131r.<\/p>\n","protected":false},"author":2,"featured_media":10848,"comment_status":"","ping_status":"","sticky":false,"template":"","format":"aside","meta":{"_jetpack_memberships_contains_paid_content":false,"footnotes":""},"categories":[83],"tags":[],"class_list":["post-10849","post","type-post","status-publish","format-aside","has-post-thumbnail","hentry","category-cevre-ve-politika","post_format-post-format-aside"],"jetpack_featured_media_url":"https:\/\/altinisik.org\/wp-content\/uploads\/2025\/10\/11220524-a14b-4024-87c2-b25879adb93c.jpg","jetpack_sharing_enabled":true,"_links":{"self":[{"href":"https:\/\/altinisik.org\/index.php?rest_route=\/wp\/v2\/posts\/10849","targetHints":{"allow":["GET"]}}],"collection":[{"href":"https:\/\/altinisik.org\/index.php?rest_route=\/wp\/v2\/posts"}],"about":[{"href":"https:\/\/altinisik.org\/index.php?rest_route=\/wp\/v2\/types\/post"}],"author":[{"embeddable":true,"href":"https:\/\/altinisik.org\/index.php?rest_route=\/wp\/v2\/users\/2"}],"replies":[{"embeddable":true,"href":"https:\/\/altinisik.org\/index.php?rest_route=%2Fwp%2Fv2%2Fcomments&post=10849"}],"version-history":[{"count":0,"href":"https:\/\/altinisik.org\/index.php?rest_route=\/wp\/v2\/posts\/10849\/revisions"}],"wp:featuredmedia":[{"embeddable":true,"href":"https:\/\/altinisik.org\/index.php?rest_route=\/wp\/v2\/media\/10848"}],"wp:attachment":[{"href":"https:\/\/altinisik.org\/index.php?rest_route=%2Fwp%2Fv2%2Fmedia&parent=10849"}],"wp:term":[{"taxonomy":"category","embeddable":true,"href":"https:\/\/altinisik.org\/index.php?rest_route=%2Fwp%2Fv2%2Fcategories&post=10849"},{"taxonomy":"post_tag","embeddable":true,"href":"https:\/\/altinisik.org\/index.php?rest_route=%2Fwp%2Fv2%2Ftags&post=10849"}],"curies":[{"name":"wp","href":"https:\/\/api.w.org\/{rel}","templated":true}]}}