{"id":10804,"date":"2025-09-24T12:36:32","date_gmt":"2025-09-24T10:36:32","guid":{"rendered":"https:\/\/altinisik.org\/?p=10804"},"modified":"2025-09-24T12:36:32","modified_gmt":"2025-09-24T10:36:32","slug":"insanligin-aynasi-ve-bizim-cikmazimiz","status":"publish","type":"post","link":"https:\/\/altinisik.org\/?p=10804","title":{"rendered":"\u0130nsanl\u0131\u011f\u0131n Aynas\u0131 ve Bizim \u00c7\u0131kmaz\u0131m\u0131z"},"content":{"rendered":"\n<p><\/p>\n\n\n\n<p>Gazze\u2026 Bug\u00fcn insanl\u0131\u011f\u0131n en yumu\u015fak karn\u0131, ayn\u0131 zamanda en b\u00fcy\u00fck utanc\u0131d\u0131r. \u00c7ocuklar\u0131n \u00e7\u0131\u011fl\u0131klar\u0131, annelerin \u00e7aresizli\u011fi, evlerin y\u0131k\u0131nt\u0131lar\u0131 alt\u0131nda kalan hayatlar sadece Filistin\u2019in de\u011fil, t\u00fcm insanl\u0131\u011f\u0131n vicdan\u0131na vurulmu\u015f a\u011f\u0131r bir damgad\u0131r.<\/p>\n\n\n\n<p>T\u00fcrkiye, bu vah\u015fete kar\u015f\u0131 d\u00fcnyada en \u00fcst seviyede tepki veren \u00fclkelerden biridir. Devletin resmi dili, siyasi iradenin sesleni\u015fi her f\u0131rsatta mazlumun yan\u0131nda durmu\u015ftur. Fakat bir hakikati g\u00f6z ard\u0131 edemeyiz: \u0130srail ve T\u00fcrkiye kimli\u011fi ta\u015f\u0131yan ciddi bir kesim, bu \u00fclkenin ekonomisinin can damar\u0131n\u0131 elinde tutmaktad\u0131r. Bankalardan enerjiye, g\u0131dadan teknolojiye kadar pek \u00e7ok stratejik alan\u0131n anahtar \u015firketleri, maalesef siyonist akl\u0131n kontrol\u00fcndedir.<\/p>\n\n\n\n<p>Evet, iktidar olduk; ama muktedir olabildik mi? \u0130\u015fte sorunun \u00f6z\u00fc burada gizlidir. Siyaseten y\u00fcksek sesle hakikati hayk\u0131rmak, kalabal\u0131klara umut vermek elbette k\u0131ymetlidir. Lakin bu g\u00fcr sesin kar\u015f\u0131s\u0131nda sermayenin sessiz ve g\u00f6r\u00fcnmez a\u011f\u0131rl\u0131\u011f\u0131 vard\u0131r. Bug\u00fcn ne yaz\u0131k ki bu ger\u00e7ek, siyasi retori\u011fin g\u00f6lgesini a\u015fmakta ve b\u00fct\u00fcn toplumsal iradenin \u00fczerinde bir pranga gibi durmaktad\u0131r.<\/p>\n\n\n\n<p>\u015eunu da biliyorum: Bu sat\u0131rlar sert tepkiler do\u011furacak. Kimileriniz bana ayet ve hadislerle s\u00fcsl\u00fc cevaplar verecek. Kimi \u201cahlaki \u00e7\u00f6k\u00fc\u015f\u201dten bahsedecek ama kendisine toz kondurmayacak. Oysa hepimiz \u00e7ok iyi biliyoruz ki \u00fclkemizde ahlaki erozyon zirve yapm\u0131\u015f durumda. Biz, bu \u00e7\u00f6k\u00fc\u015f\u00fcn d\u0131\u015f\u0131nda, tertemiz kalm\u0131\u015f bir ada oldu\u011fumuzu mu san\u0131yoruz?<\/p>\n\n\n\n<p>\u00d6nce kendimizi sorgulamal\u0131y\u0131z. Nerede yanl\u0131\u015f yapt\u0131\u011f\u0131m\u0131z\u0131, nerede yolumuzu kaybetti\u011fimizi d\u00fc\u015f\u00fcnmeliyiz. \u00c7\u00fcnk\u00fc art\u0131k dip yapt\u0131k. Davam\u0131z\u0131n en temel meselelerine bile ikircikli yakla\u015f\u0131yoruz. S\u00f6zde b\u00fcy\u00fck hedefler pe\u015finde ko\u015farken, k\u00fc\u00e7\u00fck menfaatlere esir d\u00fc\u015ft\u00fc\u011f\u00fcm\u00fcz\u00fc fark etmiyoruz.<\/p>\n\n\n\n<p>Gazze sadece Filistin\u2019in de\u011fil, bizim de turnusol k\u00e2\u011f\u0131d\u0131m\u0131zd\u0131r. Orada verilen hayat m\u00fccadelesi, burada verdi\u011fimiz irade imtihan\u0131n\u0131 a\u00e7\u0131\u011fa \u00e7\u0131kar\u0131yor. E\u011fer biz bu imtihanda s\u0131n\u0131fta kal\u0131yorsak, bunun su\u00e7unu sadece d\u0131\u015f g\u00fc\u00e7lere, siyonist akla ya da k\u00fcresel oyunlara atamay\u0131z. \u00d6nce kendi nefsimizi, kendi toplumumuzu, kendi \u00e7\u00fcr\u00fcm\u00fc\u015fl\u00fc\u011f\u00fcm\u00fcz\u00fc g\u00f6rmeliyiz.<\/p>\n\n\n\n<p>Ve nihayetinde tek bir duayla bitirmekten ba\u015fka yol kalm\u0131yor:<br>Allah\u2019\u0131m, bizi do\u011fru&nbsp;yoldan&nbsp;ay\u0131rma.<\/p>\n","protected":false},"excerpt":{"rendered":"<p>Gazze\u2026 Bug\u00fcn insanl\u0131\u011f\u0131n en yumu\u015fak karn\u0131, ayn\u0131 zamanda en b\u00fcy\u00fck utanc\u0131d\u0131r. \u00c7ocuklar\u0131n \u00e7\u0131\u011fl\u0131klar\u0131, annelerin \u00e7aresizli\u011fi, evlerin y\u0131k\u0131nt\u0131lar\u0131 alt\u0131nda kalan hayatlar sadece Filistin\u2019in de\u011fil, t\u00fcm insanl\u0131\u011f\u0131n vicdan\u0131na vurulmu\u015f a\u011f\u0131r bir damgad\u0131r.<\/p>\n","protected":false},"author":2,"featured_media":10805,"comment_status":"closed","ping_status":"","sticky":false,"template":"","format":"standard","meta":{"_jetpack_memberships_contains_paid_content":false,"footnotes":""},"categories":[88],"tags":[],"class_list":["post-10804","post","type-post","status-publish","format-standard","has-post-thumbnail","hentry","category-oneriler"],"jetpack_featured_media_url":"https:\/\/altinisik.org\/wp-content\/uploads\/2025\/09\/WhatsApp-Bild-2025-09-21-um-23.16.50_12f81c9d.jpg","jetpack_sharing_enabled":true,"_links":{"self":[{"href":"https:\/\/altinisik.org\/index.php?rest_route=\/wp\/v2\/posts\/10804","targetHints":{"allow":["GET"]}}],"collection":[{"href":"https:\/\/altinisik.org\/index.php?rest_route=\/wp\/v2\/posts"}],"about":[{"href":"https:\/\/altinisik.org\/index.php?rest_route=\/wp\/v2\/types\/post"}],"author":[{"embeddable":true,"href":"https:\/\/altinisik.org\/index.php?rest_route=\/wp\/v2\/users\/2"}],"replies":[{"embeddable":true,"href":"https:\/\/altinisik.org\/index.php?rest_route=%2Fwp%2Fv2%2Fcomments&post=10804"}],"version-history":[{"count":1,"href":"https:\/\/altinisik.org\/index.php?rest_route=\/wp\/v2\/posts\/10804\/revisions"}],"predecessor-version":[{"id":10806,"href":"https:\/\/altinisik.org\/index.php?rest_route=\/wp\/v2\/posts\/10804\/revisions\/10806"}],"wp:featuredmedia":[{"embeddable":true,"href":"https:\/\/altinisik.org\/index.php?rest_route=\/wp\/v2\/media\/10805"}],"wp:attachment":[{"href":"https:\/\/altinisik.org\/index.php?rest_route=%2Fwp%2Fv2%2Fmedia&parent=10804"}],"wp:term":[{"taxonomy":"category","embeddable":true,"href":"https:\/\/altinisik.org\/index.php?rest_route=%2Fwp%2Fv2%2Fcategories&post=10804"},{"taxonomy":"post_tag","embeddable":true,"href":"https:\/\/altinisik.org\/index.php?rest_route=%2Fwp%2Fv2%2Ftags&post=10804"}],"curies":[{"name":"wp","href":"https:\/\/api.w.org\/{rel}","templated":true}]}}