{"id":10797,"date":"2025-09-10T10:03:25","date_gmt":"2025-09-10T08:03:25","guid":{"rendered":"https:\/\/altinisik.org\/?p=10797"},"modified":"2025-09-10T10:03:25","modified_gmt":"2025-09-10T08:03:25","slug":"veri-savaslari","status":"publish","type":"post","link":"https:\/\/altinisik.org\/?p=10797","title":{"rendered":"Veri Sava\u015flar\u0131"},"content":{"rendered":"\n<p><\/p>\n\n\n\n<blockquote class=\"wp-block-quote is-layout-flow wp-block-quote-is-layout-flow\">\n<p>\u00c7a\u011f\u0131m\u0131z\u0131n en b\u00fcy\u00fck sava\u015f\u0131 toprak ya da enerji i\u00e7in de\u011fil, veri i\u00e7in veriliyor. Ve bu sava\u015fta kaybedilecek her veri, asl\u0131nda gelece\u011fimizi kaybetmek demek.<\/p>\n<\/blockquote>\n\n\n\n<p>21. y\u00fczy\u0131l\u0131n petrol\u00fc art\u0131k veridir. Sosyal medya payla\u015f\u0131mlar\u0131ndan ak\u0131ll\u0131 ev cihazlar\u0131na, giyilebilir teknolojilerden elektrikli ara\u00e7lara kadar g\u00fcnl\u00fck hayat\u0131m\u0131z\u0131n her an\u0131, devasa bir veri ak\u0131\u015f\u0131na d\u00f6n\u00fc\u015fm\u00fc\u015f durumda. Kulland\u0131\u011f\u0131m\u0131z her cihaz, fark\u0131nda olmadan birer veri toplama arac\u0131 olarak \u00e7al\u0131\u015f\u0131yor. Daha da \u00f6nemlisi, bu verilerin b\u00fcy\u00fck bir b\u00f6l\u00fcm\u00fc yurtd\u0131\u015f\u0131nda depolan\u0131yor ve i\u015fleniyor (OECD, 2022).<\/p>\n\n\n\n<ol start=\"21\" class=\"wp-block-list\"><\/ol>\n\n\n\n<p>En fazla veriye sahip olan, en fazla bilgiye; en fazla bilgiye sahip olan ise en b\u00fcy\u00fck stratejik \u00fcst\u00fcnl\u00fc\u011fe kavu\u015fuyor. Dolay\u0131s\u0131yla veri, sadece bir ekonomik de\u011fer de\u011fil, ayn\u0131 zamanda ulusal g\u00fcvenli\u011fin ve devletlerin gelece\u011fini \u015fekillendiren en kritik unsur h\u00e2line geliyor (Castells, 2010).<\/p>\n\n\n\n<p>\u00d6rne\u011fin \u00c7in ve ABD merkezli dev \u015firketler taraf\u0131ndan \u00fcretilen elektrikli ara\u00e7lar, sadece \u00e7evre dostu ula\u015f\u0131m arac\u0131 de\u011fil. Onlar asl\u0131nda tekerlekli veri merkezleri. Ara\u00e7lar\u0131n \u00fczerindeki sens\u00f6rler ve yaz\u0131l\u0131mlar sayesinde kullan\u0131c\u0131 al\u0131\u015fkanl\u0131klar\u0131ndan \u015fehir planlamas\u0131na, trafik yo\u011funlu\u011fundan g\u00fcvenlik profillerine kadar milyarlarca veri kaydediliyor. Bu durum, gelecekteki dijital sava\u015flar\u0131n altyap\u0131s\u0131n\u0131 olu\u015fturuyor (UNCTAD, 2021).<\/p>\n\n\n\n<p>Bug\u00fcn Ortado\u011fu\u2019nun kanayan yaras\u0131 olan Gazze, bu sava\u015f\u0131n kanl\u0131 y\u00fcz\u00fcn\u00fc g\u00f6steriyor. \u0130srail, ABD\u2019nin deste\u011fini arkas\u0131na alarak b\u00f6lgede s\u0131n\u0131r, hukuk ve insani de\u011fer tan\u0131mayan bir yay\u0131lmac\u0131 siyaset y\u00fcr\u00fct\u00fcyor. T\u00fcrkiye diplomatik d\u00fczlemde en sert tepkileri verse de, uluslararas\u0131 sistemin mevcut yap\u0131s\u0131, istenilen sonu\u00e7lar\u0131n al\u0131nmas\u0131n\u0131 engelliyor. Dahas\u0131, \u0130srail medyas\u0131nda T\u00fcrkiye\u2019ye y\u00f6nelik sald\u0131r\u0131 senaryolar\u0131 art\u0131k a\u00e7\u0131k\u00e7a dillendiriliyor.<\/p>\n\n\n\n<p>Bu noktada sorulmas\u0131 gereken soru \u015fu: \u0130srail\u2019in T\u00fcrkiye\u2019ye y\u00f6nelik olas\u0131 sald\u0131r\u0131lar\u0131, di\u011fer \u00fclkelere oldu\u011fu gibi do\u011frudan m\u0131 ger\u00e7ekle\u015fecek, yoksa i\u00e7erideki i\u015fbirlik\u00e7iler \u00fczerinden mi? Resm\u00ee kaynaklarca teyit edilmemi\u015f olsa da kamuoyuna yans\u0131yan bilgilere g\u00f6re, hem \u0130srail hem de T\u00fcrkiye vatanda\u015f\u0131 olup \u0130srail ordusunda g\u00f6rev yapm\u0131\u015f yakla\u015f\u0131k 4 bin ki\u015fi bulunuyor. Bu iddia do\u011fruysa, tehlikenin sadece d\u0131\u015far\u0131dan de\u011fil i\u00e7eriden de gelebilece\u011fini g\u00f6rmemiz gerekir.<\/p>\n\n\n\n<p>Asimetrik sald\u0131r\u0131lar art\u0131k devletlerin en g\u00fc\u00e7l\u00fc kozu. Drone teknolojisi, siber sald\u0131r\u0131lar ve veri manip\u00fclasyonu, \u00fclkeleri fel\u00e7 edebilecek potansiyele sahip. Avrupa Birli\u011fi\u2019nin siber g\u00fcvenlik ajans\u0131 ENISA\u2019n\u0131n raporuna g\u00f6re 2022 y\u0131l\u0131nda Avrupa genelinde 350 milyondan fazla siber sald\u0131r\u0131 giri\u015fimi kaydedildi (ENISA, 2023). Bu rakam, meselenin boyutunu g\u00f6zler \u00f6n\u00fcne sermektedir.<\/p>\n\n\n\n<p>T\u00fcrkiye\u2019nin g\u00fcvenlik anlay\u0131\u015f\u0131 da de\u011fi\u015fmek zorunda. Art\u0131k s\u0131n\u0131rlar\u0131 korumak yetmez; veriyi, siber alan\u0131, teknolojiyi de korumak gerekir. T\u00fcrkiye, ulusal veri g\u00fcvenli\u011fi politikas\u0131n\u0131 h\u0131zla geli\u015ftirmeli; kritik verilerin yurti\u00e7inde tutulmas\u0131, yerli yaz\u0131l\u0131m ve donan\u0131m yat\u0131r\u0131mlar\u0131, siber g\u00fcvenlik uzman\u0131 yeti\u015ftirilmesi bir devlet politikas\u0131 h\u00e2line gelmelidir (Zuboff, 2019; Pew Research, 2021).<\/p>\n\n\n\n<p>Aksi h\u00e2lde dijital \u00e7a\u011f\u0131n \u201cyumu\u015fak karn\u0131\u201dndan gelebilecek sald\u0131r\u0131lar, konvansiyonel sald\u0131r\u0131lardan \u00e7ok daha y\u0131k\u0131c\u0131 olabilir. Bug\u00fcn geldi\u011fimiz noktada ger\u00e7ek apa\u00e7\u0131k ortadad\u0131r: \u00c7a\u011f\u0131m\u0131z\u0131n en b\u00fcy\u00fck sava\u015f\u0131 toprak ya da enerji i\u00e7in de\u011fil, veri i\u00e7in verilmektedir. Ve bu sava\u015fta kaybedilecek her veri, asl\u0131nda gelece\u011fimizi kaybetmek anlam\u0131na gelecektir.<\/p>\n\n\n\n<p>Kaynaklar:<\/p>\n\n\n\n<p>Castells, M. (2010). The Rise of the Network Society. Wiley-Blackwell.<\/p>\n\n\n\n<p>Zuboff, S. (2019). The Age of Surveillance Capitalism. PublicAffairs.<\/p>\n\n\n\n<p>OECD (2022). Data Governance for Growth and Well-being. OECD Publishing.<\/p>\n\n\n\n<p>ENISA (2023). Threat Landscape Report. European Union Agency for Cybersecurity.<\/p>\n\n\n\n<p>Pew Research Center (2021). The State of Online Privacy and Security.<\/p>\n\n\n\n<p>UNCTAD (2021). Digital Economy Report. Birle\u015fmi\u015f Milletler Ticaret ve Kalk\u0131nma Konferans\u0131.<\/p>\n","protected":false},"excerpt":{"rendered":"<p>\u00c7a\u011f\u0131m\u0131z\u0131n en b\u00fcy\u00fck sava\u015f\u0131 toprak ya da enerji i\u00e7in de\u011fil, veri i\u00e7in veriliyor. Ve bu sava\u015fta kaybedilecek her veri, asl\u0131nda gelece\u011fimizi kaybetmek demek.<\/p>\n","protected":false},"author":2,"featured_media":10796,"comment_status":"","ping_status":"","sticky":false,"template":"","format":"aside","meta":{"_jetpack_memberships_contains_paid_content":false,"footnotes":""},"categories":[83],"tags":[],"class_list":["post-10797","post","type-post","status-publish","format-aside","has-post-thumbnail","hentry","category-cevre-ve-politika","post_format-post-format-aside"],"jetpack_featured_media_url":"https:\/\/altinisik.org\/wp-content\/uploads\/2025\/09\/33cb5768-530f-489b-ae55-8dbef4f10bb8.jpg","jetpack_sharing_enabled":true,"_links":{"self":[{"href":"https:\/\/altinisik.org\/index.php?rest_route=\/wp\/v2\/posts\/10797","targetHints":{"allow":["GET"]}}],"collection":[{"href":"https:\/\/altinisik.org\/index.php?rest_route=\/wp\/v2\/posts"}],"about":[{"href":"https:\/\/altinisik.org\/index.php?rest_route=\/wp\/v2\/types\/post"}],"author":[{"embeddable":true,"href":"https:\/\/altinisik.org\/index.php?rest_route=\/wp\/v2\/users\/2"}],"replies":[{"embeddable":true,"href":"https:\/\/altinisik.org\/index.php?rest_route=%2Fwp%2Fv2%2Fcomments&post=10797"}],"version-history":[{"count":0,"href":"https:\/\/altinisik.org\/index.php?rest_route=\/wp\/v2\/posts\/10797\/revisions"}],"wp:featuredmedia":[{"embeddable":true,"href":"https:\/\/altinisik.org\/index.php?rest_route=\/wp\/v2\/media\/10796"}],"wp:attachment":[{"href":"https:\/\/altinisik.org\/index.php?rest_route=%2Fwp%2Fv2%2Fmedia&parent=10797"}],"wp:term":[{"taxonomy":"category","embeddable":true,"href":"https:\/\/altinisik.org\/index.php?rest_route=%2Fwp%2Fv2%2Fcategories&post=10797"},{"taxonomy":"post_tag","embeddable":true,"href":"https:\/\/altinisik.org\/index.php?rest_route=%2Fwp%2Fv2%2Ftags&post=10797"}],"curies":[{"name":"wp","href":"https:\/\/api.w.org\/{rel}","templated":true}]}}