{"id":10795,"date":"2025-09-07T14:05:10","date_gmt":"2025-09-07T12:05:10","guid":{"rendered":"https:\/\/altinisik.org\/?p=10795"},"modified":"2025-09-07T14:05:10","modified_gmt":"2025-09-07T12:05:10","slug":"umudun-ve-dayanismanin-manifestosu","status":"publish","type":"post","link":"https:\/\/altinisik.org\/?p=10795","title":{"rendered":"Umudun ve Dayan\u0131\u015fman\u0131n Manifestosu"},"content":{"rendered":"\n<p><\/p>\n\n\n\n<p>Gazze\u2026<\/p>\n\n\n\n<p>Ad\u0131n\u0131 her duydu\u011fumuzda i\u00e7imizde bir s\u0131z\u0131, zihnimizde a\u011f\u0131r bir y\u00fck b\u0131rak\u0131yor. \u00c7ocuklar\u0131n g\u00f6ky\u00fcz\u00fcne bakt\u0131\u011f\u0131nda g\u00f6rd\u00fc\u011f\u00fc \u015fey, umut de\u011fil duman. Bir annenin evlad\u0131na sar\u0131ld\u0131\u011f\u0131nda hissetti\u011fi \u015fey, g\u00fcven de\u011fil korku. Abluka, sadece bir co\u011frafyay\u0131 de\u011fil, bir halk\u0131n hayallerini de hapsetti.<\/p>\n\n\n\n<p>Ama bug\u00fcn, d\u00fcnyan\u0131n d\u00f6rt bir yan\u0131ndan y\u00fckselen farkl\u0131 bir ses var: K\u00fcresel Sumud Filosu. 44 \u00fclkeden binin \u00fczerinde insan, kendi rahat hayatlar\u0131n\u0131 geride b\u0131rak\u0131p tek bir ama\u00e7 i\u00e7in bulu\u015ftu:<\/p>\n\n\n\n<p>Gazze\u2019nin ablukas\u0131n\u0131 k\u0131rmak.<\/p>\n\n\n\n<p>Bu, s\u0131radan bir insani yard\u0131m giri\u015fimi de\u011fil; bu, insanl\u0131\u011f\u0131n h\u00e2l\u00e2 nefes ald\u0131\u011f\u0131n\u0131n kan\u0131t\u0131, vicdan\u0131n siyaset \u00fcst\u00fc hayk\u0131r\u0131\u015f\u0131.<\/p>\n\n\n\n<p>Bizi en \u00e7ok etkileyen, farkl\u0131 dillerden, farkl\u0131 k\u00fclt\u00fcrlerden, farkl\u0131 inan\u00e7lardan gelen insanlar\u0131n ayn\u0131 hedef etraf\u0131nda kenetlenmi\u015f olmas\u0131d\u0131r. \u00c7\u00fcnk\u00fc ac\u0131n\u0131n dili yoktur, g\u00f6zya\u015f\u0131 pasaport sormaz, a\u00e7l\u0131\u011f\u0131n kimli\u011fi olmaz.<\/p>\n\n\n\n<p>44 \u00fclkenin bir araya geli\u015fi, asl\u0131nda \u201cinsanl\u0131k ailesi\u201dnin h\u00e2l\u00e2 var oldu\u011funu g\u00f6steriyor. Bu giri\u015fim sadece ila\u00e7 ya da g\u0131da de\u011fil, as\u0131l ihtiyac\u0131 ta\u015f\u0131yor: Umudu. Abluka bedenleri a\u00e7 b\u0131raksa da as\u0131l y\u0131k\u0131m, ruhlar\u0131 teslim almak. O y\u00fczden bu hareketin en g\u00fc\u00e7l\u00fc mesaj\u0131, zincirleri k\u0131rmaktan \u00e7ok daha fazlas\u0131n\u0131, ruhu \u00f6zg\u00fcrle\u015ftirmeyi hedefliyor.<\/p>\n\n\n\n<p>Gazze ablukas\u0131, sadece Ortado\u011fu\u2019ya s\u0131k\u0131\u015fm\u0131\u015f bir mesele de\u011fildir; ayn\u0131 zamanda uluslararas\u0131 siyasetin ikiy\u00fczl\u00fcl\u00fc\u011f\u00fcn\u00fcn \u00e7\u0131plak g\u00f6stergesidir. On y\u0131llard\u0131r s\u00fcren bu ku\u015fatma, \u201cinsan haklar\u0131\u201d s\u00f6ylemiyle \u00f6v\u00fcnen g\u00fc\u00e7lerin asl\u0131nda \u00e7\u0131kar hesaplar\u0131n\u0131n esiri oldu\u011funu kan\u0131tl\u0131yor.<\/p>\n\n\n\n<p>Tam da bu nedenle, 44 \u00fclkenin ortak iradesi, sadece Gazze\u2019ye de\u011fil, b\u00fct\u00fcn d\u00fcnyaya verilmi\u015f g\u00fc\u00e7l\u00fc bir mesajd\u0131r:<\/p>\n\n\n\n<p>\u201cAdaletin milliyeti yoktur, \u00f6zg\u00fcrl\u00fc\u011f\u00fcn dini yoktur, vicdan\u0131n rengi yoktur.\u201d<\/p>\n\n\n\n<p>Burada as\u0131l diplomasi devletler taraf\u0131ndan de\u011fil, vicdan sahibi insanlar taraf\u0131ndan yap\u0131l\u0131yor. Bu, sessizli\u011fe kar\u015f\u0131 y\u00fckselen bir \u00e7\u0131\u011fl\u0131k, \u00e7\u0131karlar\u0131n g\u00f6lgesinde unutulmu\u015f adaletin yeniden hat\u0131rlat\u0131lmas\u0131d\u0131r.<\/p>\n\n\n\n<p>Bu tabloya salt insani yard\u0131m penceresinden bakmak yetersiz kal\u0131r. Burada kar\u015f\u0131m\u0131za \u00e7\u0131kan olgu, uluslararas\u0131 bir dayan\u0131\u015fma sosyolojisidir.<\/p>\n\n\n\n<p>Kolektif Vicdan: Durkheim\u2019in ifadesiyle toplumu ayakta tutan ortak de\u011ferlerdir. Burada, d\u00fcnyan\u0131n farkl\u0131 k\u00f6\u015felerinden insanlar\u0131n ayn\u0131 de\u011ferlerde bulu\u015fmas\u0131, kolektif vicdan\u0131n k\u00fcresel \u00f6l\u00e7ekte h\u00e2l\u00e2 i\u015fledi\u011fini g\u00f6steriyor.<\/p>\n\n\n\n<p>Sivil Diplomasi: Devletlerin so\u011fuk diplomatik masalar\u0131nda \u00e7\u00f6z\u00fclemeyen sorunlara, halklar\u0131n do\u011frudan m\u00fcdahalesi sahici bir alternatif olu\u015fturuyor.<\/p>\n\n\n\n<p>K\u00fcresel Sivil Toplum: 44 \u00fclkenin kat\u0131l\u0131m\u0131, ulus-devletlerden ba\u011f\u0131ms\u0131z bir \u015fekilde adalet mekanizmas\u0131n\u0131n nas\u0131l in\u015fa edilebilece\u011fini g\u00f6zler \u00f6n\u00fcne seriyor.<\/p>\n\n\n\n<p>Bu y\u00fczden bu hareket, sadece bug\u00fcne de\u011fil; yar\u0131n\u0131n uluslararas\u0131 ili\u015fkilerine de y\u00f6n veren bir paradigma de\u011fi\u015fikli\u011finin i\u015faret fi\u015fe\u011fidir.<\/p>\n\n\n\n<p>Bug\u00fcn Gazze\u2019den y\u00fckselen ses, asl\u0131nda insanl\u0131\u011f\u0131n ortak imtihan\u0131d\u0131r.<\/p>\n\n\n\n<p>Sorulmas\u0131 gereken soru \u015fudur:<\/p>\n\n\n\n<p>\u201cBinlerce insan yola \u00e7\u0131karken, bizler h\u00e2l\u00e2 suskun kalabilir miyiz? Gazze i\u00e7in at\u0131lan ad\u0131mlar, bizim sessizli\u011fimizi daha da a\u011f\u0131rla\u015ft\u0131rm\u0131yor mu?\u201d<\/p>\n\n\n\n<p>Gazze i\u00e7in yap\u0131lan bu giri\u015fim, sadece oradaki karde\u015flerimizin de\u011fil, hepimizin gelece\u011fini ilgilendiriyor. \u00c7\u00fcnk\u00fc mesele yaln\u0131zca Gazze de\u011fil; mesele insanl\u0131\u011f\u0131n h\u00e2l\u00e2 insan kal\u0131p kalamayaca\u011f\u0131d\u0131r.<\/p>\n\n\n\n<p>Ve belki de tarihin bir g\u00fcn yazaca\u011f\u0131 en b\u00fcy\u00fck c\u00fcmle \u015fu olacak:<\/p>\n\n\n\n<p>\u201cGazze\u2019yi kurtaran, tanklar de\u011fil; halklar\u0131n birle\u015fen vicdan\u0131 oldu.\u201d<\/p>\n","protected":false},"excerpt":{"rendered":"<p>Gazze\u2026 Ad\u0131n\u0131 her duydu\u011fumuzda i\u00e7imizde bir s\u0131z\u0131, zihnimizde a\u011f\u0131r bir y\u00fck b\u0131rak\u0131yor. \u00c7ocuklar\u0131n g\u00f6ky\u00fcz\u00fcne bakt\u0131\u011f\u0131nda g\u00f6rd\u00fc\u011f\u00fc \u015fey, umut de\u011fil duman. Bir annenin evlad\u0131na sar\u0131ld\u0131\u011f\u0131nda hissetti\u011fi \u015fey, g\u00fcven de\u011fil korku. Abluka, sadece bir co\u011frafyay\u0131 de\u011fil, bir halk\u0131n hayallerini de hapsetti.<\/p>\n","protected":false},"author":2,"featured_media":10794,"comment_status":"","ping_status":"","sticky":false,"template":"","format":"aside","meta":{"_jetpack_memberships_contains_paid_content":false,"footnotes":""},"categories":[83],"tags":[],"class_list":["post-10795","post","type-post","status-publish","format-aside","has-post-thumbnail","hentry","category-cevre-ve-politika","post_format-post-format-aside"],"jetpack_featured_media_url":"https:\/\/altinisik.org\/wp-content\/uploads\/2025\/09\/8325ea07-947a-41c6-8597-43aa3917ce96.jpg","jetpack_sharing_enabled":true,"_links":{"self":[{"href":"https:\/\/altinisik.org\/index.php?rest_route=\/wp\/v2\/posts\/10795","targetHints":{"allow":["GET"]}}],"collection":[{"href":"https:\/\/altinisik.org\/index.php?rest_route=\/wp\/v2\/posts"}],"about":[{"href":"https:\/\/altinisik.org\/index.php?rest_route=\/wp\/v2\/types\/post"}],"author":[{"embeddable":true,"href":"https:\/\/altinisik.org\/index.php?rest_route=\/wp\/v2\/users\/2"}],"replies":[{"embeddable":true,"href":"https:\/\/altinisik.org\/index.php?rest_route=%2Fwp%2Fv2%2Fcomments&post=10795"}],"version-history":[{"count":0,"href":"https:\/\/altinisik.org\/index.php?rest_route=\/wp\/v2\/posts\/10795\/revisions"}],"wp:featuredmedia":[{"embeddable":true,"href":"https:\/\/altinisik.org\/index.php?rest_route=\/wp\/v2\/media\/10794"}],"wp:attachment":[{"href":"https:\/\/altinisik.org\/index.php?rest_route=%2Fwp%2Fv2%2Fmedia&parent=10795"}],"wp:term":[{"taxonomy":"category","embeddable":true,"href":"https:\/\/altinisik.org\/index.php?rest_route=%2Fwp%2Fv2%2Fcategories&post=10795"},{"taxonomy":"post_tag","embeddable":true,"href":"https:\/\/altinisik.org\/index.php?rest_route=%2Fwp%2Fv2%2Ftags&post=10795"}],"curies":[{"name":"wp","href":"https:\/\/api.w.org\/{rel}","templated":true}]}}