{"id":10792,"date":"2025-09-04T12:19:05","date_gmt":"2025-09-04T10:19:05","guid":{"rendered":"https:\/\/altinisik.org\/?p=10792"},"modified":"2025-09-04T12:19:05","modified_gmt":"2025-09-04T10:19:05","slug":"turkiye-neden-hakli","status":"publish","type":"post","link":"https:\/\/altinisik.org\/?p=10792","title":{"rendered":"T\u00fcrkiye Neden Hakl\u0131?"},"content":{"rendered":"\n<p><\/p>\n\n\n\n<p>\u0130srail medyas\u0131nda \u00e7\u0131kan son yorumlarda T\u00fcrkiye\u2019nin 2019\u2019da Libya ile yapt\u0131\u011f\u0131 deniz yetki anla\u015fmas\u0131 \u201chayali\u201d olarak nitelendiriliyor. Oysa bu iddialar, uluslararas\u0131 hukukun en temel prensiplerini g\u00f6rmezden geliyor.<\/p>\n\n\n\n<p>\u00d6ncelikle \u015funu belirtmek gerekir: T\u00fcrkiye, 1870 km\u2019yi a\u015fan k\u0131y\u0131 \u015feridiyle Do\u011fu Akdeniz\u2019in en uzun sahil hatt\u0131na sahip \u00fclkesidir. Buna ra\u011fmen T\u00fcrkiye\u2019yi adeta \u201cdenize kapatmaya\u201d \u00e7al\u0131\u015fan planlar y\u0131llard\u0131r devreye sokulmu\u015ftur. K\u00fc\u00e7\u00fcc\u00fck adalara \u2013\u00f6rne\u011fin Meis Adas\u0131\u2019na\u2013 devasa k\u0131ta sahanl\u0131\u011f\u0131 alan\u0131 atfetmek, hukuken de co\u011frafi ger\u00e7eklik a\u00e7\u0131s\u0131ndan da tutarl\u0131 de\u011fildir.<\/p>\n\n\n\n<p>2019 T\u00fcrkiye-Libya mutabakat\u0131, asl\u0131nda bu haks\u0131zl\u0131\u011fa kar\u015f\u0131 at\u0131lm\u0131\u015f dengeli bir ad\u0131md\u0131r. Bu anla\u015fma:<\/p>\n\n\n\n<p>Do\u011fu Akdeniz\u2019de adil payla\u015f\u0131m prensibini esas al\u0131r.<\/p>\n\n\n\n<p>Uluslararas\u0131 deniz hukukunun \u201ckar\u015f\u0131l\u0131kl\u0131 k\u0131y\u0131lar\u0131n ortay hatt\u0131\u201d ilkesine dayan\u0131r.<\/p>\n\n\n\n<p>Hi\u00e7bir \u00fclkenin hakk\u0131n\u0131 gasp etmez, tam tersine tek tarafl\u0131 oldubittilere engel olur.<\/p>\n\n\n\n<p>\u0130srail medyas\u0131nda dile getirilen \u201cT\u00fcrkiye otorite olursa gemiler taciz edilir\u201d ifadesi ise temelsizdir. T\u00fcrkiye\u2019nin hedefi, taciz de\u011fil; bar\u0131\u015f, adalet ve b\u00f6lgesel i\u015fbirli\u011fidir. Ancak hi\u00e7bir \u00fclke T\u00fcrkiye\u2019nin yok say\u0131ld\u0131\u011f\u0131, hakk\u0131n\u0131n gasp edildi\u011fi bir denklemin i\u015flemesini bekleyemez.<\/p>\n\n\n\n<p>Bug\u00fcn Avrupa\u2019y\u0131 enerji hatlar\u0131yla besleyecek her proje \u2013ister do\u011falgaz boru hatt\u0131, ister elektrik kablolar\u0131 olsun\u2013 T\u00fcrkiye\u2019siz s\u00fcrd\u00fcr\u00fclebilir de\u011fildir. \u00c7\u00fcnk\u00fc T\u00fcrkiye co\u011frafi, ekonomik ve stratejik merkezdir.<\/p>\n\n\n\n<p>Do\u011fu Akdeniz\u2019de adaletli payla\u015f\u0131m ve kal\u0131c\u0131 bar\u0131\u015f\u0131n yolu T\u00fcrkiye\u2019nin me\u015fru haklar\u0131n\u0131n tan\u0131nmas\u0131ndan ge\u00e7iyor. Ger\u00e7ekler ortada: T\u00fcrkiye ne \u201chayali\u201d bir s\u0131n\u0131r \u00e7iziyor ne de kimsenin hakk\u0131n\u0131 gasp ediyor. Tam aksine, uluslararas\u0131 hukuka uygun, hakkaniyetli ve s\u00fcrd\u00fcr\u00fclebilir bir&nbsp;d\u00fczen&nbsp;\u00f6neriyor.<\/p>\n\n\n\n<p><\/p>\n","protected":false},"excerpt":{"rendered":"<p>\u0130srail medyas\u0131nda \u00e7\u0131kan son yorumlarda T\u00fcrkiye\u2019nin 2019\u2019da Libya ile yapt\u0131\u011f\u0131 deniz yetki anla\u015fmas\u0131 \u201chayali\u201d olarak nitelendiriliyor. Oysa bu iddialar, uluslararas\u0131 hukukun en temel prensiplerini g\u00f6rmezden geliyor.<\/p>\n","protected":false},"author":2,"featured_media":10543,"comment_status":"closed","ping_status":"","sticky":false,"template":"","format":"standard","meta":{"_jetpack_memberships_contains_paid_content":false,"footnotes":""},"categories":[83],"tags":[],"class_list":["post-10792","post","type-post","status-publish","format-standard","has-post-thumbnail","hentry","category-cevre-ve-politika"],"jetpack_featured_media_url":"https:\/\/altinisik.org\/wp-content\/uploads\/2022\/01\/Quer-Banner-Schmal.jpg","jetpack_sharing_enabled":true,"_links":{"self":[{"href":"https:\/\/altinisik.org\/index.php?rest_route=\/wp\/v2\/posts\/10792","targetHints":{"allow":["GET"]}}],"collection":[{"href":"https:\/\/altinisik.org\/index.php?rest_route=\/wp\/v2\/posts"}],"about":[{"href":"https:\/\/altinisik.org\/index.php?rest_route=\/wp\/v2\/types\/post"}],"author":[{"embeddable":true,"href":"https:\/\/altinisik.org\/index.php?rest_route=\/wp\/v2\/users\/2"}],"replies":[{"embeddable":true,"href":"https:\/\/altinisik.org\/index.php?rest_route=%2Fwp%2Fv2%2Fcomments&post=10792"}],"version-history":[{"count":1,"href":"https:\/\/altinisik.org\/index.php?rest_route=\/wp\/v2\/posts\/10792\/revisions"}],"predecessor-version":[{"id":10793,"href":"https:\/\/altinisik.org\/index.php?rest_route=\/wp\/v2\/posts\/10792\/revisions\/10793"}],"wp:featuredmedia":[{"embeddable":true,"href":"https:\/\/altinisik.org\/index.php?rest_route=\/wp\/v2\/media\/10543"}],"wp:attachment":[{"href":"https:\/\/altinisik.org\/index.php?rest_route=%2Fwp%2Fv2%2Fmedia&parent=10792"}],"wp:term":[{"taxonomy":"category","embeddable":true,"href":"https:\/\/altinisik.org\/index.php?rest_route=%2Fwp%2Fv2%2Fcategories&post=10792"},{"taxonomy":"post_tag","embeddable":true,"href":"https:\/\/altinisik.org\/index.php?rest_route=%2Fwp%2Fv2%2Ftags&post=10792"}],"curies":[{"name":"wp","href":"https:\/\/api.w.org\/{rel}","templated":true}]}}