{"id":10789,"date":"2025-09-04T12:12:25","date_gmt":"2025-09-04T10:12:25","guid":{"rendered":"https:\/\/altinisik.org\/?p=10789"},"modified":"2025-09-04T12:12:25","modified_gmt":"2025-09-04T10:12:25","slug":"almanyanin-gelecegine-yon-verecek-donemec","status":"publish","type":"post","link":"https:\/\/altinisik.org\/?p=10789","title":{"rendered":"Almanya\u2019n\u0131n Gelece\u011fine Y\u00f6n Verecek D\u00f6neme\u00e7"},"content":{"rendered":"\n<p><\/p>\n\n\n\n<p>14 Eyl\u00fcl\u2019de yap\u0131lacak olan Kuzey Ren-Vestfalya (KRV) eyalet se\u00e7imleri, yaln\u0131zca b\u00f6lgesel bir siyasi yar\u0131\u015f olmaktan \u00e7ok daha fazlas\u0131n\u0131 ifade ediyor. Almanya\u2019n\u0131n son y\u0131llardaki gidi\u015fat\u0131na \u0131\u015f\u0131k tutacak bu se\u00e7imler, \u00fclkenin siyasi ve toplumsal y\u00f6nelimleri a\u00e7\u0131s\u0131ndan kritik bir d\u00f6neme\u00e7 niteli\u011fi ta\u015f\u0131yor. Zira Almanya\u2019daki g\u00f6\u00e7men k\u00f6kenli se\u00e7menlerin, \u00f6zellikle de Avrupal\u0131 T\u00fcrklerin oy tercihleri, bu s\u00fcrecin en dikkatle izlenecek unsurlar\u0131 aras\u0131nda yer al\u0131yor.<\/p>\n\n\n\n<p>G\u00f6\u00e7men K\u00f6kenli Se\u00e7menin Stratejik Rol\u00fc<\/p>\n\n\n\n<p>Mahalli se\u00e7imlerde g\u00f6\u00e7men k\u00f6kenli se\u00e7menlerin olu\u015fturduklar\u0131 ittifaklar, kurduklar\u0131 partilerin siyasi a\u011f\u0131rl\u0131\u011f\u0131 ve toplumsal etki g\u00fcc\u00fc, uzun zamand\u0131r Alman siyasetinin radar\u0131nda (vgl. Gesemann &amp; Roth, Integration und Migration in Deutschland, 2018). Ancak 64 y\u0131ll\u0131k g\u00f6\u00e7 tarihinde \u00e7o\u011funluk toplumuyla kurulmas\u0131 gereken k\u00f6pr\u00fclerin s\u0131n\u0131rl\u0131 kalmas\u0131, bug\u00fcn Almanya siyasetinde pop\u00fclist ak\u0131mlar\u0131n g\u00fc\u00e7 kazanmas\u0131na do\u011frudan zemin haz\u0131rl\u0131yor (vgl. Decker, Populismus in Europa, 2020).<\/p>\n\n\n\n<p>Scholz H\u00fck\u00fcmeti ve K\u0131r\u0131lgan G\u00fcven<\/p>\n\n\n\n<p>Almanya, tarihinin belki de en zay\u0131f h\u00fck\u00fcmet d\u00f6nemini Olaf Scholz liderli\u011findeki koalisyonla ya\u015fad\u0131. Kamuoyu ara\u015ft\u0131rmalar\u0131, h\u00fck\u00fcmete duyulan g\u00fcvenin tarihi d\u00fc\u015f\u00fck seviyelere geriledi\u011fini g\u00f6steriyor (Infratest dimap, ARD-DeutschlandTrend, Juli 2024). \u00d6zellikle Ye\u015filler Partisi\u2019nin ekonomi ve enerji politikalar\u0131, toplumsal ger\u00e7eklikle ba\u011fda\u015fmayan ve pratikte y\u0131k\u0131c\u0131 sonu\u00e7lar do\u011furan bir \u00e7izgi izledi. Bu politikalar\u0131n Alman ekonomisine verdi\u011fi zarar, i\u015f d\u00fcnyas\u0131 ve sendikalar taraf\u0131ndan defalarca dile getirildi (vgl. DIHK-Konjunkturbericht, Fr\u00fchjahr 2024).<\/p>\n\n\n\n<p>Demokratik E\u015fitsizlik: Avrupal\u0131 T\u00fcrklerin G\u00f6r\u00fcnmezli\u011fi<\/p>\n\n\n\n<p>Avrupa Birli\u011fi vatanda\u015flar\u0131n\u0131n, Alman vatanda\u015f\u0131 olmadan yerel se\u00e7imlerde oy kullanabilmesi, demokratik e\u015fitlik a\u00e7\u0131s\u0131ndan ciddi bir sorun yarat\u0131yor. Bu d\u00fczenleme, Almanya\u2019n\u0131n kalk\u0131nmas\u0131na al\u0131n teriyle katk\u0131 sa\u011flam\u0131\u015f olan birinci nesil Avrupal\u0131 T\u00fcrkler i\u00e7in a\u00e7\u0131k bir haks\u0131zl\u0131k do\u011furuyor (vgl. Halm, Sauer &amp; Stichs, Migrantische Partizipation in Deutschland, 2019).<br>Her ne kadar 2024 y\u0131l\u0131nda y\u00fcr\u00fcrl\u00fc\u011fe giren yeni Alman vatanda\u015fl\u0131k yasas\u0131yla \u00e7ifte vatanda\u015fl\u0131\u011f\u0131n \u00f6n\u00fc a\u00e7\u0131lm\u0131\u015f olsa da, birinci nesil i\u00e7in vatanda\u015fl\u0131k h\u00e2l\u00e2 neredeyse ula\u015f\u0131lmaz bir hedef. Dil s\u0131nav\u0131 ve Leben in Deutschland testi, y\u0131llarca sanayi ve hizmet sekt\u00f6r\u00fcnde \u00e7al\u0131\u015fm\u0131\u015f bu ku\u015fa\u011f\u0131n kolayl\u0131kla a\u015fabilece\u011fi bir engel de\u011fildir (vgl. BMI, Das neue Staatsangeh\u00f6rigkeitsgesetz, 2024).<\/p>\n\n\n\n<p>Hukukun ve Vicdan\u0131n \u00c7a\u011fr\u0131s\u0131<\/p>\n\n\n\n<p>Bug\u00fcn ikinci nesilden itibaren Avrupal\u0131 T\u00fcrkler i\u00e7in vatanda\u015fl\u0131k daha eri\u015filebilir bir h\u00e2l alm\u0131\u015fken, birinci neslin yok say\u0131lmas\u0131 kabul edilemez. Bu insanlar, Almanya\u2019n\u0131n sanayile\u015fme s\u00fcrecine ve sosyal yap\u0131s\u0131na tart\u0131\u015f\u0131lmaz katk\u0131lar sa\u011flam\u0131\u015f, fedak\u00e2rl\u0131klar\u0131yla adeta \u00fclkenin g\u00f6r\u00fcnmez kahramanlar\u0131 olmu\u015flard\u0131r (vgl. Bade, Migration und Integration in Deutschland seit 1945, 2010). Onlara y\u00f6nelik bu demokratik d\u0131\u015flama, yaln\u0131zca bir hukuk meselesi de\u011fil, ayn\u0131 zamanda bir vicdan meselesidir.<\/p>\n\n\n\n<p>Avrupal\u0131 T\u00fcrklere Tarihi Sorumluluk<\/p>\n\n\n\n<p>Bu e\u015fitsizli\u011fin d\u00fczeltilmesi i\u00e7in kamuoyu olu\u015fturmak, hem Almanya\u2019daki hem de Avrupa genelindeki T\u00fcrk toplumunun tarihsel sorumlulu\u011fudur. Zira bug\u00fcn g\u00f6rmezden gelinen birinci neslin hik\u00e2yesi, yar\u0131n toplumsal haf\u0131zan\u0131n vicdan terazisinde mutlaka yeniden sorgulanacakt\u0131r.<\/p>\n\n\n\n<p>KRV se\u00e7imleri bu ba\u011flamda yaln\u0131zca partiler ve adaylar aras\u0131ndaki bir yar\u0131\u015f de\u011fil; ayn\u0131 zamanda demokratik e\u015fitlik, toplumsal uyum ve g\u00f6\u00e7men k\u00f6kenli topluluklar\u0131n siyasal temsil m\u00fccadelesinin de bir aynas\u0131d\u0131r. Se\u00e7im sonu\u00e7lar\u0131, Almanya\u2019n\u0131n sadece bug\u00fcnk\u00fc siyasi dengelerini de\u011fil, yar\u0131n\u0131n toplumsal bar\u0131\u015f\u0131n\u0131 da \u015fekillendirecektir.<\/p>\n\n\n\n<p>Kaynak:<br>\u2022 Bade, K. J. (2010). Migration und Integration in Deutschland seit 1945. Beck.<br>\u2022 Bundesministerium des Innern (BMI). (2024). Das neue Staatsangeh\u00f6rigkeitsgesetz. Berlin.<br>\u2022 Decker, F. (2020). Populismus in Europa. Springer VS.<br>\u2022 Deutscher Industrie- und Handelskammertag (DIHK). (2024). Konjunkturbericht Fr\u00fchjahr. Berlin.<br>\u2022 Gesemann, F., &amp; Roth, R. (Hrsg.). (2018). Integration und Migration in Deutschland. Springer VS.<br>\u2022 Halm, D., Sauer, M., &amp; Stichs, A. (2019). Migrantische Partizipation in Deutschland. Bundesamt f\u00fcr Migration und Fl\u00fcchtlinge.<br>\u2022 Infratest dimap. (2024). ARD-DeutschlandTrend&nbsp;Juli.<\/p>\n","protected":false},"excerpt":{"rendered":"<p>14 Eyl\u00fcl\u2019de yap\u0131lacak olan Kuzey Ren-Vestfalya (KRV) eyalet se\u00e7imleri, yaln\u0131zca b\u00f6lgesel bir siyasi yar\u0131\u015f olmaktan \u00e7ok daha fazlas\u0131n\u0131 ifade ediyor. Almanya\u2019n\u0131n son y\u0131llardaki gidi\u015fat\u0131na \u0131\u015f\u0131k tutacak bu se\u00e7imler, \u00fclkenin siyasi ve toplumsal y\u00f6nelimleri a\u00e7\u0131s\u0131ndan kritik bir d\u00f6neme\u00e7 niteli\u011fi ta\u015f\u0131yor. Zira Almanya\u2019daki g\u00f6\u00e7men k\u00f6kenli se\u00e7menlerin, \u00f6zellikle de Avrupal\u0131 T\u00fcrklerin oy tercihleri, bu s\u00fcrecin en dikkatle izlenecek unsurlar\u0131 aras\u0131nda yer al\u0131yor.<\/p>\n","protected":false},"author":2,"featured_media":10790,"comment_status":"closed","ping_status":"","sticky":false,"template":"","format":"standard","meta":{"_jetpack_memberships_contains_paid_content":false,"footnotes":""},"categories":[83],"tags":[],"class_list":["post-10789","post","type-post","status-publish","format-standard","has-post-thumbnail","hentry","category-cevre-ve-politika"],"jetpack_featured_media_url":"https:\/\/altinisik.org\/wp-content\/uploads\/2025\/09\/WhatsApp-Bild-2025-09-03-um-00.21.37_65b82024.jpg","jetpack_sharing_enabled":true,"_links":{"self":[{"href":"https:\/\/altinisik.org\/index.php?rest_route=\/wp\/v2\/posts\/10789","targetHints":{"allow":["GET"]}}],"collection":[{"href":"https:\/\/altinisik.org\/index.php?rest_route=\/wp\/v2\/posts"}],"about":[{"href":"https:\/\/altinisik.org\/index.php?rest_route=\/wp\/v2\/types\/post"}],"author":[{"embeddable":true,"href":"https:\/\/altinisik.org\/index.php?rest_route=\/wp\/v2\/users\/2"}],"replies":[{"embeddable":true,"href":"https:\/\/altinisik.org\/index.php?rest_route=%2Fwp%2Fv2%2Fcomments&post=10789"}],"version-history":[{"count":1,"href":"https:\/\/altinisik.org\/index.php?rest_route=\/wp\/v2\/posts\/10789\/revisions"}],"predecessor-version":[{"id":10791,"href":"https:\/\/altinisik.org\/index.php?rest_route=\/wp\/v2\/posts\/10789\/revisions\/10791"}],"wp:featuredmedia":[{"embeddable":true,"href":"https:\/\/altinisik.org\/index.php?rest_route=\/wp\/v2\/media\/10790"}],"wp:attachment":[{"href":"https:\/\/altinisik.org\/index.php?rest_route=%2Fwp%2Fv2%2Fmedia&parent=10789"}],"wp:term":[{"taxonomy":"category","embeddable":true,"href":"https:\/\/altinisik.org\/index.php?rest_route=%2Fwp%2Fv2%2Fcategories&post=10789"},{"taxonomy":"post_tag","embeddable":true,"href":"https:\/\/altinisik.org\/index.php?rest_route=%2Fwp%2Fv2%2Ftags&post=10789"}],"curies":[{"name":"wp","href":"https:\/\/api.w.org\/{rel}","templated":true}]}}