{"id":10783,"date":"2025-08-26T15:58:11","date_gmt":"2025-08-26T13:58:11","guid":{"rendered":"https:\/\/altinisik.org\/?p=10783"},"modified":"2025-08-26T15:58:11","modified_gmt":"2025-08-26T13:58:11","slug":"yurtdisi-turkleri-ve-temsil-hakki-demokrasimizin-zenginligi","status":"publish","type":"post","link":"https:\/\/altinisik.org\/?p=10783","title":{"rendered":"Yurtd\u0131\u015f\u0131 T\u00fcrkleri ve Temsil Hakk\u0131: Demokrasimizin Zenginli\u011fi"},"content":{"rendered":"\n<p><\/p>\n\n\n\n<p>Cumhurba\u015fkan\u0131m\u0131z Say\u0131n Recep Tayyip Erdo\u011fan&#8217;\u0131n yurtd\u0131\u015f\u0131nda ya\u015fayan vatanda\u015flar\u0131m\u0131z, yani Yurtd\u0131\u015f\u0131 T\u00fcrkleri i\u00e7in sarf etti\u011fi &#8220;can\u0131m\u0131z\u0131n bir par\u00e7as\u0131, ba\u015f\u0131m\u0131z\u0131n tac\u0131d\u0131r&#8221; s\u00f6zleri, T\u00fcrkiye Cumhuriyeti&#8217;nin diasporas\u0131na verdi\u011fi de\u011feri bir kez daha g\u00f6zler \u00f6n\u00fcne sermi\u015ftir.<\/p>\n\n\n\n<p>Bu de\u011ferli beyanat, sadece manevi bir iltifat de\u011fil, ayn\u0131 zamanda Yurtd\u0131\u015f\u0131 T\u00fcrklerinin \u00fclkemiz i\u00e7in ta\u015f\u0131d\u0131\u011f\u0131 stratejik \u00f6nemin bir ifadesidir.<\/p>\n\n\n\n<p>Bu ba\u011flamda, Yurtd\u0131\u015f\u0131 T\u00fcrklerinin temsil hakk\u0131n\u0131n g\u00fc\u00e7lendirilmesi ve se\u00e7me haklar\u0131n\u0131n yan\u0131 s\u0131ra se\u00e7ilme haklar\u0131n\u0131n da etkin bir \u015fekilde hayata ge\u00e7irilmesi, demokrasimizin gelece\u011fi i\u00e7in hayati bir ad\u0131m olacakt\u0131r.<\/p>\n\n\n\n<p>Yurtd\u0131\u015f\u0131nda ya\u015fayan T\u00fcrkler, sadece ekonomik de\u011fil, ayn\u0131 zamanda k\u00fclt\u00fcrel ve sosyal olarak da T\u00fcrkiye&#8217;nin d\u00fcnyaya a\u00e7\u0131lan penceresidir.<\/p>\n\n\n\n<p>Bu b\u00fcy\u00fck kitle, hem ya\u015fad\u0131klar\u0131 \u00fclkelerin dinamiklerine uyum sa\u011flamakta hem de ana vatanla ba\u011flar\u0131n\u0131 korumaktad\u0131r.<\/p>\n\n\n\n<p>Dolay\u0131s\u0131yla, bu denli b\u00fcy\u00fck bir potansiyelin siyasi temsil mekanizmalar\u0131na dahil edilmesi, sadece bir hak meselesi de\u011fil, ayn\u0131 zamanda bir gerekliliktir. Bir vatanda\u015f\u0131n en temel haklar\u0131ndan biri olan se\u00e7me ve se\u00e7ilme hakk\u0131, nerede ya\u015farsa ya\u015fas\u0131n eksiksiz bir \u015fekilde sa\u011flanmal\u0131d\u0131r.<\/p>\n\n\n\n<p>Yurtd\u0131\u015f\u0131nda ya\u015fayan vatanda\u015flar\u0131m\u0131z\u0131n, T\u00fcrkiye B\u00fcy\u00fck Millet Meclisi&#8217;nde kendi sorunlar\u0131n\u0131, taleplerini ve birikimlerini do\u011frudan temsil edebilecekleri milletvekillerine sahip olmas\u0131, bu hakk\u0131n en do\u011fal ve adil bir yans\u0131mas\u0131 olacakt\u0131r.<\/p>\n\n\n\n<p>Bu sorunun kal\u0131c\u0131 ve etkili bir \u015fekilde \u00e7\u00f6z\u00fcm\u00fc, meclis taraf\u0131ndan yap\u0131lacak yasal bir d\u00fczenlemeyle &#8220;Yurtd\u0131\u015f\u0131 Se\u00e7im B\u00f6lgesi&#8221; ilan edilmesiyle m\u00fcmk\u00fcnd\u00fcr.<\/p>\n\n\n\n<p>B\u00f6yle bir d\u00fczenleme, Yurtd\u0131\u015f\u0131 T\u00fcrklerinin n\u00fcfus yo\u011funluklar\u0131na ve co\u011frafi da\u011f\u0131l\u0131mlar\u0131na g\u00f6re kendi milletvekillerini se\u00e7melerini sa\u011flayacakt\u0131r. Bu sayede, Avrupa&#8217;dan Amerika&#8217;ya, Avustralya&#8217;dan Orta Asya&#8217;ya kadar uzanan geni\u015f bir co\u011frafyadaki Yurtd\u0131\u015f\u0131 T\u00fcrkleri, kendi i\u00e7lerinden \u00e7\u0131kan, sorunlar\u0131na hakim ve onlar\u0131 en iyi \u015fekilde temsil edebilecek adaylar\u0131 meclise g\u00f6nderebilecektir.<\/p>\n\n\n\n<p>Bu uygulama, mevcut sistemin eksikliklerini gidererek temsil adaletsizli\u011fini ortadan kald\u0131racak ve Yurtd\u0131\u015f\u0131ndaki T\u00fcrklerin siyasete olan inanc\u0131n\u0131 ve kat\u0131l\u0131m\u0131n\u0131 art\u0131racakt\u0131r.<\/p>\n\n\n\n<p>Yurtd\u0131\u015f\u0131 Se\u00e7im B\u00f6lgesi uygulamas\u0131n\u0131n hayata ge\u00e7irilmesi, T\u00fcrk siyasetine yeni bir dinamizm ve zenginlik katacakt\u0131r.<\/p>\n\n\n\n<p>Farkl\u0131 \u00fclkelerde, farkl\u0131 k\u00fclt\u00fcrlerde ve farkl\u0131 siyasal sistemlerde deneyim kazanm\u0131\u015f milletvekilleri, T\u00fcrkiye&#8217;nin uluslararas\u0131 ili\u015fkilerinde ve d\u0131\u015f politikas\u0131nda yeni perspektifler sunacakt\u0131r. Bu temsilciler, hem ya\u015fad\u0131klar\u0131 \u00fclkelerdeki lobi faaliyetlerini g\u00fc\u00e7lendirecek hem de T\u00fcrkiye&#8217;nin menfaatlerini uluslararas\u0131 arenada daha etkin bir \u015fekilde savunacakt\u0131r.<\/p>\n\n\n\n<p>Bu sayede, Yurtd\u0131\u015f\u0131 T\u00fcrkleri art\u0131k sadece ekonomik bir g\u00fc\u00e7 de\u011fil, ayn\u0131 zamanda T\u00fcrkiye&#8217;nin jeopolitik \u00e7\u0131karlar\u0131 i\u00e7in de kritik bir siyasi akt\u00f6r haline gelecektir.<br>Cumhurba\u015fkan\u0131m\u0131z\u0131n Yurtd\u0131\u015f\u0131 T\u00fcrklerine y\u00f6nelik olumlu g\u00f6r\u00fc\u015fleri, bu tarihi ad\u0131m\u0131n at\u0131lmas\u0131 i\u00e7in g\u00fc\u00e7l\u00fc bir zemin haz\u0131rlamaktad\u0131r. Yurtd\u0131\u015f\u0131ndaki vatanda\u015flar\u0131m\u0131z\u0131n se\u00e7ilme hakk\u0131n\u0131n g\u00fcvence alt\u0131na al\u0131nmas\u0131 ve Yurtd\u0131\u015f\u0131 Se\u00e7im B\u00f6lgesi uygulamas\u0131n\u0131n mecliste bir d\u00fczenlemeyle hayata ge\u00e7irilmesi, T\u00fcrkiye&#8217;nin k\u00fcresel vizyonuna yak\u0131\u015fan, kapsay\u0131c\u0131 ve ileriye d\u00f6n\u00fck bir hamle olacakt\u0131r. Bu ad\u0131m, sadece Yurtd\u0131\u015f\u0131 T\u00fcrklerinin haklar\u0131n\u0131 iade etmekle kalmayacak, ayn\u0131 zamanda demokrasimizi g\u00fc\u00e7lendirecek ve T\u00fcrkiye&#8217;nin gelece\u011fine b\u00fcy\u00fck katk\u0131lar&nbsp;sunacakt\u0131r.<\/p>\n","protected":false},"excerpt":{"rendered":"<p>Cumhurba\u015fkan\u0131m\u0131z Say\u0131n Recep Tayyip Erdo\u011fan&#8217;\u0131n yurtd\u0131\u015f\u0131nda ya\u015fayan vatanda\u015flar\u0131m\u0131z, yani Yurtd\u0131\u015f\u0131 T\u00fcrkleri i\u00e7in sarf etti\u011fi &#8220;can\u0131m\u0131z\u0131n bir par\u00e7as\u0131, ba\u015f\u0131m\u0131z\u0131n tac\u0131d\u0131r&#8221; s\u00f6zleri, T\u00fcrkiye Cumhuriyeti&#8217;nin diasporas\u0131na verdi\u011fi de\u011feri bir kez daha g\u00f6zler \u00f6n\u00fcne sermi\u015ftir.<\/p>\n<p>Bu de\u011ferli beyanat, sadece manevi bir iltifat de\u011fil, ayn\u0131 zamanda Yurtd\u0131\u015f\u0131 T\u00fcrklerinin \u00fclkemiz i\u00e7in ta\u015f\u0131d\u0131\u011f\u0131 stratejik \u00f6nemin bir ifadesidir.<\/p>\n","protected":false},"author":2,"featured_media":10784,"comment_status":"closed","ping_status":"","sticky":false,"template":"","format":"standard","meta":{"_jetpack_memberships_contains_paid_content":false,"footnotes":""},"categories":[88,314],"tags":[],"class_list":["post-10783","post","type-post","status-publish","format-standard","has-post-thumbnail","hentry","category-oneriler","category-yurtdisi-turkler"],"jetpack_featured_media_url":"https:\/\/altinisik.org\/wp-content\/uploads\/2025\/08\/WhatsApp-Bild-2025-08-25-um-22.22.18_9c0a4684.jpg","jetpack_sharing_enabled":true,"_links":{"self":[{"href":"https:\/\/altinisik.org\/index.php?rest_route=\/wp\/v2\/posts\/10783","targetHints":{"allow":["GET"]}}],"collection":[{"href":"https:\/\/altinisik.org\/index.php?rest_route=\/wp\/v2\/posts"}],"about":[{"href":"https:\/\/altinisik.org\/index.php?rest_route=\/wp\/v2\/types\/post"}],"author":[{"embeddable":true,"href":"https:\/\/altinisik.org\/index.php?rest_route=\/wp\/v2\/users\/2"}],"replies":[{"embeddable":true,"href":"https:\/\/altinisik.org\/index.php?rest_route=%2Fwp%2Fv2%2Fcomments&post=10783"}],"version-history":[{"count":1,"href":"https:\/\/altinisik.org\/index.php?rest_route=\/wp\/v2\/posts\/10783\/revisions"}],"predecessor-version":[{"id":10785,"href":"https:\/\/altinisik.org\/index.php?rest_route=\/wp\/v2\/posts\/10783\/revisions\/10785"}],"wp:featuredmedia":[{"embeddable":true,"href":"https:\/\/altinisik.org\/index.php?rest_route=\/wp\/v2\/media\/10784"}],"wp:attachment":[{"href":"https:\/\/altinisik.org\/index.php?rest_route=%2Fwp%2Fv2%2Fmedia&parent=10783"}],"wp:term":[{"taxonomy":"category","embeddable":true,"href":"https:\/\/altinisik.org\/index.php?rest_route=%2Fwp%2Fv2%2Fcategories&post=10783"},{"taxonomy":"post_tag","embeddable":true,"href":"https:\/\/altinisik.org\/index.php?rest_route=%2Fwp%2Fv2%2Ftags&post=10783"}],"curies":[{"name":"wp","href":"https:\/\/api.w.org\/{rel}","templated":true}]}}