{"id":10781,"date":"2025-08-26T15:56:26","date_gmt":"2025-08-26T13:56:26","guid":{"rendered":"https:\/\/altinisik.org\/?p=10781"},"modified":"2025-08-26T15:56:26","modified_gmt":"2025-08-26T13:56:26","slug":"vicdanin-sinavi-gazzede-insanlik-ve-durusumuzun-asaleti","status":"publish","type":"post","link":"https:\/\/altinisik.org\/?p=10781","title":{"rendered":"Vicdan\u0131n S\u0131nav\u0131: Gazze&#8217;de \u0130nsanl\u0131k ve Duru\u015fumuzun Asaleti"},"content":{"rendered":"\n<p><\/p>\n\n\n\n<p>Tarih, vicdan\u0131n en keskin s\u0131navlar\u0131na sahne olurken, bug\u00fcn Gazze&#8217;de ya\u015fananlar, sadece bir co\u011frafyan\u0131n de\u011fil, t\u00fcm insanl\u0131\u011f\u0131n ortak haf\u0131zas\u0131na kaz\u0131n\u0131yor.<\/p>\n\n\n\n<p>Y\u0131llard\u0131r s\u00fcregelen, ancak son d\u00f6nemde \u015fiddeti ve pervas\u0131zl\u0131\u011f\u0131 zirveye ula\u015fan bu mezalim, kelimelerin kifayetsiz kald\u0131\u011f\u0131, g\u00f6r\u00fcnt\u00fclerinse kalpleri da\u011flad\u0131\u011f\u0131 bir soyk\u0131r\u0131m trajedisine d\u00f6n\u00fc\u015ft\u00fc. Masum sivillerin, \u00e7ocuklar\u0131n ve kad\u0131nlar\u0131n topyek\u00fbn bir yok edi\u015fin hedefi haline gelmesi, uluslararas\u0131 hukukun, insan haklar\u0131 s\u00f6ylemlerinin ve medeni d\u00fcnyan\u0131n de\u011ferlerinin ne kadar pamuk ipli\u011fine ba\u011fl\u0131 oldu\u011funu bir kez daha g\u00f6steriyor.<\/p>\n\n\n\n<p>Bu derin yara kar\u015f\u0131s\u0131nda d\u00fcnyan\u0131n tepkisi, bir ahlaki pusulan\u0131n \u015fa\u015fk\u0131nl\u0131\u011f\u0131n\u0131 yans\u0131t\u0131rcas\u0131na \u00e7e\u015fitlilik arz ediyor.<\/p>\n\n\n\n<p>Baz\u0131 devletler, jeopolitik \u00e7\u0131karlar\u0131n ve ittifak ili\u015fkilerinin g\u00f6lgesinde sessizli\u011fe b\u00fcr\u00fcn\u00fcrken, baz\u0131lar\u0131 c\u0131l\u0131z k\u0131namalarla yetiniyor. Ne var ki, devletlerin bu stratejik suskunlu\u011fu kar\u015f\u0131s\u0131nda, sokaklar\u0131n sesi her ge\u00e7en g\u00fcn y\u00fckseliyor. D\u00fcnyan\u0131n d\u00f6rt bir yan\u0131ndaki vicdan sahibi insanlar, Gazze&#8217;deki ac\u0131n\u0131n ve zulm\u00fcn fark\u0131na vararak, protestolarla, kampanyalarla ve boykot \u00e7a\u011fr\u0131lar\u0131yla bu insanl\u0131k d\u0131\u015f\u0131 duru\u015fa kar\u015f\u0131 bir direni\u015f cephesi olu\u015fturuyor. Bu tepkiler, bireysel bir duyarl\u0131l\u0131\u011f\u0131n \u00f6tesinde, k\u00fcresel bir vicdan hareketinin filizlendi\u011finin en a\u00e7\u0131k kan\u0131t\u0131d\u0131r.<\/p>\n\n\n\n<p>Ancak, bu soylu direni\u015fin en can al\u0131c\u0131 noktas\u0131, bir b\u00fct\u00fcnl\u00fck ve bilin\u00e7lilik i\u00e7inde sergilenmesidir. Zira, bir duru\u015fun g\u00fcc\u00fc, tutarl\u0131l\u0131\u011f\u0131nda ve asaletinde yatar.<\/p>\n\n\n\n<p>E\u011fer Gazze&#8217;deki zulme kar\u015f\u0131 dururken, eylemlerimizle bu zulm\u00fcn finans\u00f6rlerini ve destek\u00e7ilerini fark\u0131nda olmadan besliyorsak, duru\u015fumuzun me\u015fruiyeti ve etkinli\u011fi ciddi bir sorgulamadan ge\u00e7mek zorundad\u0131r.<\/p>\n\n\n\n<p>Bir yanda \u201cGazze i\u00e7in boykot\u201d pankartlar\u0131 ta\u015f\u0131rken, di\u011fer yanda bu mezalimin arkas\u0131ndaki ekonomik ve siyasi akt\u00f6rlere do\u011frudan veya dolayl\u0131 olarak destek veren \u00fcr\u00fcnleri t\u00fcketmeye devam etmek, vicdani bir ikilem de\u011fil, d\u00fcped\u00fcz bir eylem paradoksu yarat\u0131r.<\/p>\n\n\n\n<p>Bu trajik tutars\u0131zl\u0131k, \u00f6zellikle T\u00fcrkiye Cumhuriyeti gibi, Filistin davas\u0131na tarihsel ve k\u00fclt\u00fcrel ba\u011flar\u0131 olan bir \u00fclkede daha da dikkat \u00e7ekicidir.<\/p>\n\n\n\n<p>Vatanda\u015flar\u0131n sokaklarda g\u00f6sterdi\u011fi hassasiyet, ne yaz\u0131k ki baz\u0131 kamu kurumlar\u0131nda ve g\u00fcndelik hayatta ayn\u0131 titizlikle s\u00fcrd\u00fcr\u00fclm\u00fcyor.<\/p>\n\n\n\n<p>Devletin kendi kurumlar\u0131nda dahi, boykot \u00e7a\u011fr\u0131lar\u0131na konu olan markalar\u0131n \u00fcr\u00fcnlerinin kullan\u0131lmas\u0131 veya tercih edilmesi, toplumun hassasiyetini hi\u00e7e sayan bir vurdumduymazl\u0131k olarak alg\u0131lanmaktad\u0131r. Bu durum, sadece bireysel bir bilin\u00e7sizli\u011fi de\u011fil, ayn\u0131 zamanda devletin resmi s\u00f6ylemi ile pratik eylemleri aras\u0131ndaki derin u\u00e7urumu da g\u00f6zler \u00f6n\u00fcne seriyor.<\/p>\n\n\n\n<p>Duru\u015f, sadece s\u00f6zle ifade edilen bir retorik de\u011fil, eyleme d\u00f6k\u00fclen bir ahlaki karard\u0131r ve bu karar\u0131n b\u00fct\u00fcnl\u00fc\u011f\u00fc, her kademede sergilenmelidir.<\/p>\n\n\n\n<p>Gazze&#8217;de ya\u015fananlar, bizlere sadece bir siyasi sorun de\u011fil, bir insanl\u0131k ve ahlak s\u0131nav\u0131 sunuyor. Bu s\u0131navdan ba\u015far\u0131yla \u00e7\u0131kmak, sadece sokaklara d\u00f6k\u00fclmekle veya sosyal medyada slogan atmakla m\u00fcmk\u00fcn de\u011fildir.<\/p>\n\n\n\n<p>Ger\u00e7ek bir duru\u015f, bireysel t\u00fcketim al\u0131\u015fkanl\u0131klar\u0131m\u0131zdan, kurumsal politikalar\u0131m\u0131za kadar her alanda bir asalet ve tutarl\u0131l\u0131k gerektirir. Protesto pankartlar\u0131m\u0131z kadar, market sepetlerimiz de bu duru\u015fun bir par\u00e7as\u0131 olmal\u0131d\u0131r. Siyasi a\u00e7\u0131klamalar\u0131m\u0131z kadar, resmi kurumlar\u0131m\u0131z\u0131n pratik tercihleri de bu duru\u015fu yans\u0131tmal\u0131d\u0131r. Aksi halde, sergiledi\u011fimiz tepkiler, samimiyetini yitirmi\u015f, i\u00e7i bo\u015f birer g\u00f6steriye d\u00f6n\u00fc\u015f\u00fcr.<\/p>\n\n\n\n<p>Unutulmamal\u0131d\u0131r ki, zul\u00fcm kar\u015f\u0131s\u0131nda sessiz kalmak kadar, bilin\u00e7siz bir \u015fekilde zulm\u00fc destekleyen mekanizmalar\u0131n par\u00e7as\u0131 olmak da bir su\u00e7tur. Gazze&#8217;deki vicdan k\u00f6pr\u00fcs\u00fcnden ge\u00e7erken, duru\u015fumuzun asaletini ve b\u00fct\u00fcnl\u00fc\u011f\u00fcn\u00fc korumak, sadece Filistin halk\u0131na kar\u015f\u0131 de\u011fil, ayn\u0131 zamanda kendi insanl\u0131\u011f\u0131m\u0131za kar\u015f\u0131 bir bor\u00e7tur.<\/p>\n\n\n\n<p>Art\u0131k duru\u015fumuzun da bir ahlak\u0131 olsun ve bu ahlak, s\u00f6z ile eylem aras\u0131ndaki tutarl\u0131l\u0131ktan do\u011fsun.<\/p>\n\n\n\n<p>Bu, hem Gazze\u2019deki mazlumlara olan sorumlulu\u011fumuz, hem de gelece\u011fe b\u0131rakaca\u011f\u0131m\u0131z onurlu miras&nbsp;i\u00e7in&nbsp;elzemdir.<\/p>\n","protected":false},"excerpt":{"rendered":"<p>Tarih, vicdan\u0131n en keskin s\u0131navlar\u0131na sahne olurken, bug\u00fcn Gazze&#8217;de ya\u015fananlar, sadece bir co\u011frafyan\u0131n de\u011fil, t\u00fcm insanl\u0131\u011f\u0131n ortak haf\u0131zas\u0131na kaz\u0131n\u0131yor.<\/p>\n<p>Y\u0131llard\u0131r s\u00fcregelen, ancak son d\u00f6nemde \u015fiddeti ve pervas\u0131zl\u0131\u011f\u0131 zirveye ula\u015fan bu mezalim, kelimelerin kifayetsiz kald\u0131\u011f\u0131, g\u00f6r\u00fcnt\u00fclerinse kalpleri da\u011flad\u0131\u011f\u0131 bir soyk\u0131r\u0131m trajedisine d\u00f6n\u00fc\u015ft\u00fc. Masum sivillerin, \u00e7ocuklar\u0131n ve kad\u0131nlar\u0131n topyek\u00fbn bir yok edi\u015fin hedefi haline gelmesi, uluslararas\u0131 hukukun, insan haklar\u0131 s\u00f6ylemlerinin ve medeni d\u00fcnyan\u0131n de\u011ferlerinin ne kadar pamuk ipli\u011fine ba\u011fl\u0131 oldu\u011funu bir kez daha g\u00f6steriyor.<\/p>\n","protected":false},"author":2,"featured_media":0,"comment_status":"closed","ping_status":"","sticky":false,"template":"","format":"standard","meta":{"_jetpack_memberships_contains_paid_content":false,"footnotes":""},"categories":[88],"tags":[],"class_list":["post-10781","post","type-post","status-publish","format-standard","hentry","category-oneriler"],"jetpack_featured_media_url":"","jetpack_sharing_enabled":true,"_links":{"self":[{"href":"https:\/\/altinisik.org\/index.php?rest_route=\/wp\/v2\/posts\/10781","targetHints":{"allow":["GET"]}}],"collection":[{"href":"https:\/\/altinisik.org\/index.php?rest_route=\/wp\/v2\/posts"}],"about":[{"href":"https:\/\/altinisik.org\/index.php?rest_route=\/wp\/v2\/types\/post"}],"author":[{"embeddable":true,"href":"https:\/\/altinisik.org\/index.php?rest_route=\/wp\/v2\/users\/2"}],"replies":[{"embeddable":true,"href":"https:\/\/altinisik.org\/index.php?rest_route=%2Fwp%2Fv2%2Fcomments&post=10781"}],"version-history":[{"count":1,"href":"https:\/\/altinisik.org\/index.php?rest_route=\/wp\/v2\/posts\/10781\/revisions"}],"predecessor-version":[{"id":10782,"href":"https:\/\/altinisik.org\/index.php?rest_route=\/wp\/v2\/posts\/10781\/revisions\/10782"}],"wp:attachment":[{"href":"https:\/\/altinisik.org\/index.php?rest_route=%2Fwp%2Fv2%2Fmedia&parent=10781"}],"wp:term":[{"taxonomy":"category","embeddable":true,"href":"https:\/\/altinisik.org\/index.php?rest_route=%2Fwp%2Fv2%2Fcategories&post=10781"},{"taxonomy":"post_tag","embeddable":true,"href":"https:\/\/altinisik.org\/index.php?rest_route=%2Fwp%2Fv2%2Ftags&post=10781"}],"curies":[{"name":"wp","href":"https:\/\/api.w.org\/{rel}","templated":true}]}}