{"id":10780,"date":"2025-08-22T10:21:11","date_gmt":"2025-08-22T08:21:11","guid":{"rendered":"https:\/\/altinisik.org\/?p=10780"},"modified":"2025-08-22T10:21:11","modified_gmt":"2025-08-22T08:21:11","slug":"istiklal-madalyasi-bir-sehrin-yurekten-gelen-sesi","status":"publish","type":"post","link":"https:\/\/altinisik.org\/?p=10780","title":{"rendered":"\u0130stiklal Madalyas\u0131: Bir \u015eehrin Y\u00fcrekten Gelen Sesi"},"content":{"rendered":"\n<p><\/p>\n\n\n\n<p>Trabzon&#8217;a \u0130stiklal Madalyas\u0131&#8217;n\u0131n takdim edili\u015fi, sadece 101 y\u0131ll\u0131k bir gecikmenin telafisi de\u011fil, ayn\u0131 zamanda bu kadim \u015fehrin Kurtulu\u015f Sava\u015f\u0131&#8217;na yapt\u0131\u011f\u0131 paha bi\u00e7ilmez katk\u0131lar\u0131n bir tescilidir.<\/p>\n\n\n\n<p>Bu madalya, tarihin tozlu raflar\u0131ndan \u00e7\u0131kar\u0131lan bir belge de\u011fil; aksine, \u015fehrin derinlikli ruhunu ve fedakarl\u0131k gelene\u011fini bug\u00fcne ta\u015f\u0131yan canl\u0131 bir sembol. Trabzon, co\u011frafi olarak Bat\u0131 cephesine uzak olsa da, stratejik konumu ve insan\u0131n\u0131n sars\u0131lmaz azmiyle adeta sava\u015f\u0131n gizli damarlar\u0131ndan biri olmu\u015ftur. Silah ve erzak lojisti\u011finden g\u00f6n\u00fcll\u00fc birliklerin cepheye sevkiyat\u0131na kadar uzanan bu katk\u0131lar, sadece cephedeki askeri zaferlere de\u011fil, ayn\u0131 zamanda topyekun bir direni\u015fin ruhuna da g\u00fc\u00e7 katm\u0131\u015ft\u0131r.<\/p>\n\n\n\n<p>Bu madalya, yaln\u0131zca ge\u00e7mi\u015fe bir sayg\u0131 duru\u015fu de\u011fil, ayn\u0131 zamanda gelece\u011fe dair bir \u00e7a\u011fr\u0131d\u0131r. Kurtulu\u015f Sava\u015f\u0131&#8217;ndaki Trabzon ruhu, bug\u00fcn de bizlere \u00f6nemli dersler sunmaktad\u0131r.<\/p>\n\n\n\n<p>Duygusal s\u00f6ylemlerin \u00f6tesinde, bu madalya, Trabzon&#8217;un potansiyelini harekete ge\u00e7irmek i\u00e7in bir kataliz\u00f6r i\u015flevi g\u00f6rmelidir. Bir zamanlar vatan\u0131n ba\u011f\u0131ms\u0131zl\u0131\u011f\u0131 i\u00e7in g\u00f6sterilen azim ve dayan\u0131\u015fma, \u015fimdi \u015fehrin sosyal, k\u00fclt\u00fcrel ve ekonomik geli\u015fiminde de kendini g\u00f6stermelidir.<\/p>\n\n\n\n<p>Trabzon&#8217;un liman\u0131, \u00fcniversitesi, insan kayna\u011f\u0131 ve tarihi zenginlikleri, t\u0131pk\u0131 Kurtulu\u015f Sava\u015f\u0131&#8217;ndaki gibi, \u015fimdi de gelece\u011fin in\u015fas\u0131nda birer stratejik de\u011ferdir.<\/p>\n\n\n\n<p>Trabzon&#8217;a verilen \u0130stiklal Madalyas\u0131, sadece bir onur ni\u015fanesi de\u011fil, ayn\u0131 zamanda \u015fehrin kimli\u011fini ve de\u011ferlerini yeniden sorgulamam\u0131za vesile olan d\u00fc\u015f\u00fcnd\u00fcr\u00fcc\u00fc bir olgudur. Bu madalya, bize, bir \u015fehrin sadece fiziki mekanlardan ibaret olmad\u0131\u011f\u0131n\u0131, ayn\u0131 zamanda kolektif haf\u0131zas\u0131, ahlaki duru\u015fu ve gelece\u011fe dair idealleriyle var oldu\u011funu hat\u0131rlat\u0131r.<\/p>\n\n\n\n<p>O g\u00fcn\u00fcn Trabzonlular\u0131 vatan\u0131n birli\u011fi i\u00e7in bir araya gelmi\u015fken, bug\u00fcn de bizler, bu madalyan\u0131n anlam\u0131n\u0131 i\u00e7selle\u015ftirerek \u015fehrimizi daha iyi bir gelece\u011fe ta\u015f\u0131mak i\u00e7in ortak bir vizyon etraf\u0131nda kenetlenmeliyiz.<\/p>\n\n\n\n<p>Bu madalya, Trabzon&#8217;un ge\u00e7mi\u015fteki kahramanl\u0131k hikayesini gelece\u011fe ta\u015f\u0131rken, ayn\u0131 zamanda \u015fehrin bug\u00fcn\u00fcne ve yar\u0131n\u0131na ne anlam katt\u0131\u011f\u0131n\u0131 da sorgulamal\u0131y\u0131z.<\/p>\n\n\n\n<p>Acaba bu madalya, bir nostalji objesi olarak m\u0131 kalacak, yoksa Trabzon&#8217;un ad\u0131n\u0131 ulusal ve uluslararas\u0131 platformlarda daha y\u00fcksek sesle duyurmak i\u00e7in bir f\u0131rsata m\u0131 d\u00f6n\u00fc\u015fecek? Bu soru, madalyan\u0131n as\u0131l de\u011ferinin ne oldu\u011funu ve bu onuru nas\u0131l ta\u015f\u0131yaca\u011f\u0131m\u0131z\u0131 g\u00f6steren en \u00f6nemli sorudur.<\/p>\n","protected":false},"excerpt":{"rendered":"<p>Trabzon&#8217;a \u0130stiklal Madalyas\u0131&#8217;n\u0131n takdim edili\u015fi, sadece 101 y\u0131ll\u0131k bir gecikmenin telafisi de\u011fil, ayn\u0131 zamanda bu kadim \u015fehrin Kurtulu\u015f Sava\u015f\u0131&#8217;na yapt\u0131\u011f\u0131 paha bi\u00e7ilmez katk\u0131lar\u0131n bir tescilidir.<\/p>\n","protected":false},"author":2,"featured_media":10779,"comment_status":"","ping_status":"","sticky":false,"template":"","format":"aside","meta":{"_jetpack_memberships_contains_paid_content":false,"footnotes":""},"categories":[82],"tags":[],"class_list":["post-10780","post","type-post","status-publish","format-aside","has-post-thumbnail","hentry","category-trabzon","post_format-post-format-aside"],"jetpack_featured_media_url":"https:\/\/altinisik.org\/wp-content\/uploads\/2025\/08\/5262f2d4-c77e-4ca8-8074-2f44bf312052.jpg","jetpack_sharing_enabled":true,"_links":{"self":[{"href":"https:\/\/altinisik.org\/index.php?rest_route=\/wp\/v2\/posts\/10780","targetHints":{"allow":["GET"]}}],"collection":[{"href":"https:\/\/altinisik.org\/index.php?rest_route=\/wp\/v2\/posts"}],"about":[{"href":"https:\/\/altinisik.org\/index.php?rest_route=\/wp\/v2\/types\/post"}],"author":[{"embeddable":true,"href":"https:\/\/altinisik.org\/index.php?rest_route=\/wp\/v2\/users\/2"}],"replies":[{"embeddable":true,"href":"https:\/\/altinisik.org\/index.php?rest_route=%2Fwp%2Fv2%2Fcomments&post=10780"}],"version-history":[{"count":0,"href":"https:\/\/altinisik.org\/index.php?rest_route=\/wp\/v2\/posts\/10780\/revisions"}],"wp:featuredmedia":[{"embeddable":true,"href":"https:\/\/altinisik.org\/index.php?rest_route=\/wp\/v2\/media\/10779"}],"wp:attachment":[{"href":"https:\/\/altinisik.org\/index.php?rest_route=%2Fwp%2Fv2%2Fmedia&parent=10780"}],"wp:term":[{"taxonomy":"category","embeddable":true,"href":"https:\/\/altinisik.org\/index.php?rest_route=%2Fwp%2Fv2%2Fcategories&post=10780"},{"taxonomy":"post_tag","embeddable":true,"href":"https:\/\/altinisik.org\/index.php?rest_route=%2Fwp%2Fv2%2Ftags&post=10780"}],"curies":[{"name":"wp","href":"https:\/\/api.w.org\/{rel}","templated":true}]}}