{"id":10776,"date":"2025-08-21T10:31:11","date_gmt":"2025-08-21T08:31:11","guid":{"rendered":"https:\/\/altinisik.org\/?p=10776"},"modified":"2025-08-21T10:31:11","modified_gmt":"2025-08-21T08:31:11","slug":"beyaz-saraydaki-sandalye-duzeni-hegemonya-mi-diplomasi-mi","status":"publish","type":"post","link":"https:\/\/altinisik.org\/?p=10776","title":{"rendered":"Beyaz Saray\u2019daki Sandalye D\u00fczeni: Hegemonya m\u0131, Diplomasi mi?"},"content":{"rendered":"\n<p><\/p>\n\n\n\n<p>Ge\u00e7ti\u011fimiz g\u00fcnlerde bas\u0131na yans\u0131yan bir foto\u011fraf, asl\u0131nda \u00e7a\u011f\u0131m\u0131z\u0131n k\u00fcresel siyasetini \u00f6zetleyen bir tablo gibiydi. Oval Ofis\u2019te bir masa, masan\u0131n arkas\u0131nda oturan ABD Ba\u015fkan\u0131 ve kar\u015f\u0131s\u0131na adeta birer \u201c\u00f6\u011frenci\u201d gibi s\u0131ralanm\u0131\u015f Avrupal\u0131 devlet ba\u015fkanlar\u0131\u2026 \u0130lk bak\u0131\u015fta s\u0131radan bir diplomatik g\u00f6r\u00fc\u015fme gibi g\u00f6r\u00fcnen bu sahne, biraz daha dikkatle incelendi\u011finde uluslararas\u0131 sistemin derin yap\u0131s\u0131n\u0131 g\u00f6zler \u00f6n\u00fcne seriyor: Bir \u201cpatron\u201d ve onun kar\u015f\u0131s\u0131nda \u201ctalimat\u201d bekleyenler.<\/p>\n\n\n\n<p>Hegemonya Tiyatrosu<\/p>\n\n\n\n<p>Uluslararas\u0131 ili\u015fkiler teorilerinde s\u0131k\u00e7a kullan\u0131lan bir kavram vard\u0131r: hegemonya. Hegemonya yaln\u0131zca askeri ya da ekonomik g\u00fc\u00e7le de\u011fil, ayn\u0131 zamanda sembollerle, rit\u00fcellerle ve temsillerle de kurulur. Oval Ofis\u2019teki bu g\u00f6r\u00fcnt\u00fc, i\u015fte tam da b\u00f6ylesi bir hegemonya tiyatrosunun sahnelenmi\u015f hali gibiydi. Masan\u0131n arkas\u0131nda yaln\u0131zca bir ba\u015fkan de\u011fil, \u201ck\u00fcresel g\u00fc\u00e7 merkezi\u201d imaj\u0131 oturuyor; kar\u015f\u0131s\u0131nda ise s\u00f6zde ba\u011f\u0131ms\u0131z devletlerin liderleri, ama fiiliyatta karar bekleyen fig\u00fcranlar.<\/p>\n\n\n\n<p>Ukrayna-Rusya Sava\u015f\u0131n\u0131n \u00d6tesi<\/p>\n\n\n\n<p>Sava\u015f\u0131n cephedeki ger\u00e7ekli\u011fi elbette ki ink\u00e2r edilemez. \u0130nsanlar \u00f6l\u00fcyor, \u015fehirler y\u0131k\u0131l\u0131yor, milyonlarca insan yerinden ediliyor. Ancak bu foto\u011fraf, sava\u015f\u0131n yaln\u0131zca Ukrayna ile Rusya aras\u0131nda de\u011fil, \u00e7ok daha b\u00fcy\u00fck bir satran\u00e7 tahtas\u0131nda oynand\u0131\u011f\u0131n\u0131 hat\u0131rlat\u0131yor. Mesaj \u00e7ok a\u00e7\u0131k: \u201cSizler, benim belirledi\u011fim stratejinin birer ta\u015f\u0131s\u0131n\u0131z.\u201d Bu durumda, bar\u0131\u015f\u0131n iradesi kimde olabilir? Ba\u011f\u0131ms\u0131z uluslar\u0131n m\u0131, yoksa b\u00fcy\u00fck g\u00fc\u00e7lerin \u00e7\u0131kar hesaplar\u0131n\u0131n m\u0131?<\/p>\n\n\n\n<p>Diplomasi mi, Hiyerar\u015fi mi?<\/p>\n\n\n\n<p>Diplomaside e\u015fitlik ilkesi, uluslararas\u0131 hukukta temel bir de\u011ferdir. Devlet ba\u015fkanlar\u0131, halklar\u0131n\u0131 temsil eden en y\u00fcksek makamd\u0131r ve birbirleriyle e\u015fit seviyede g\u00f6r\u00fc\u015fmeleri beklenir. Ancak burada g\u00f6rd\u00fc\u011f\u00fcm\u00fcz, diplomasi de\u011fil; hiyerar\u015fi. Bu g\u00f6r\u00fcnt\u00fc, yaln\u0131zca temsil edilen milletlere de\u011fil, asl\u0131nda insanl\u0131\u011f\u0131n e\u015fitlik idealine de yap\u0131lm\u0131\u015f bir sayg\u0131s\u0131zl\u0131k de\u011fil midir?<\/p>\n\n\n\n<p>\u201cD\u00fcnya Be\u015ften B\u00fcy\u00fckt\u00fcr\u201d\u00fcn Yank\u0131s\u0131<\/p>\n\n\n\n<p>Cumhurba\u015fkan\u0131m\u0131z Recep Tayyip Erdo\u011fan\u2019\u0131n y\u0131llard\u0131r dile getirdi\u011fi \u201cD\u00fcnya be\u015ften b\u00fcy\u00fckt\u00fcr\u201d s\u00f6z\u00fc, i\u015fte tam da bu tabloyu \u00e7\u00f6z\u00fcmleyen bir slogand\u0131r. \u00c7\u00fcnk\u00fc mesele yaln\u0131zca BM G\u00fcvenlik Konseyi\u2019nin yap\u0131s\u0131 de\u011fil, k\u00fcresel g\u00fc\u00e7 ili\u015fkilerinin ruhudur. Birka\u00e7 \u00fclkenin geri kalan t\u00fcm devletlere \u201c\u00f6\u011fretmen\u201d edas\u0131yla ders vermesi, d\u00fcnya d\u00fczeninin adalet \u00fcretmedi\u011finin somut kan\u0131t\u0131d\u0131r. Oysa insanl\u0131k, e\u015fit s\u00f6z hakk\u0131n\u0131n ve ortak akl\u0131n h\u00e2kim oldu\u011fu bir sisteme muhta\u00e7t\u0131r.<\/p>\n\n\n\n<p>Adaletin \u0130mk\u00e2n\u0131<\/p>\n\n\n\n<p>\u015eimdi as\u0131l soruyu soral\u0131m: B\u00f6ylesi bir d\u00fcnyada adalet m\u00fcmk\u00fcn olabilir mi?<br>Adalet, yaln\u0131zca mahkeme salonlar\u0131nda de\u011fil, uluslararas\u0131 siyasetin masas\u0131ndaki oturma d\u00fczeninde de \u015fekillenir. E\u015fitli\u011fi reddeden, ba\u011f\u0131ms\u0131z devletleri vesayet alt\u0131na sokan bir d\u00fczenin adalet \u00fcretmesi imk\u00e2ns\u0131zd\u0131r. O y\u00fczden, adalet i\u00e7in \u00f6nce bu semboller de\u011fi\u015fmeli; ba\u011f\u0131ms\u0131z devletlerin sesini k\u0131smayan, e\u015fit temsile dayal\u0131 bir d\u00fcnya d\u00fczeni kurulmal\u0131d\u0131r.<\/p>\n\n\n\n<p>Oval Ofis\u2019teki o foto\u011fraf, asl\u0131nda bir anl\u0131k g\u00f6r\u00fcnt\u00fcden ibaret de\u011fil; k\u00fcresel sistemin foto\u011fraf\u0131d\u0131r. O sistem ki, e\u015fitli\u011fi de\u011fil \u00fcst\u00fcnl\u00fc\u011f\u00fc, adaleti de\u011fil \u00e7\u0131kar\u0131 esas al\u0131yor. \u0130\u015fte bu y\u00fczden, \u201cD\u00fcnya be\u015ften b\u00fcy\u00fckt\u00fcr\u201d s\u00f6z\u00fc yaln\u0131zca bir siyasi slogan de\u011fil, ayn\u0131 zamanda 21. y\u00fczy\u0131l\u0131n adalet aray\u0131\u015f\u0131n\u0131n felsefi&nbsp;manifestosudur.<\/p>\n\n\n\n<p><\/p>\n","protected":false},"excerpt":{"rendered":"<p>Ge\u00e7ti\u011fimiz g\u00fcnlerde bas\u0131na yans\u0131yan bir foto\u011fraf, asl\u0131nda \u00e7a\u011f\u0131m\u0131z\u0131n k\u00fcresel siyasetini \u00f6zetleyen bir tablo gibiydi. Oval Ofis\u2019te bir masa, masan\u0131n arkas\u0131nda oturan ABD Ba\u015fkan\u0131 ve kar\u015f\u0131s\u0131na adeta birer \u201c\u00f6\u011frenci\u201d gibi s\u0131ralanm\u0131\u015f Avrupal\u0131 devlet ba\u015fkanlar\u0131\u2026 \u0130lk bak\u0131\u015fta s\u0131radan bir diplomatik g\u00f6r\u00fc\u015fme gibi g\u00f6r\u00fcnen bu sahne, biraz daha dikkatle incelendi\u011finde uluslararas\u0131 sistemin derin yap\u0131s\u0131n\u0131 g\u00f6zler \u00f6n\u00fcne seriyor: Bir \u201cpatron\u201d ve onun kar\u015f\u0131s\u0131nda \u201ctalimat\u201d bekleyenler.<\/p>\n","protected":false},"author":2,"featured_media":10777,"comment_status":"closed","ping_status":"","sticky":false,"template":"","format":"standard","meta":{"_jetpack_memberships_contains_paid_content":false,"footnotes":""},"categories":[83],"tags":[],"class_list":["post-10776","post","type-post","status-publish","format-standard","has-post-thumbnail","hentry","category-cevre-ve-politika"],"jetpack_featured_media_url":"https:\/\/altinisik.org\/wp-content\/uploads\/2025\/08\/WhatsApp-Bild-2025-08-19-um-14.13.11_f16f9909.jpg","jetpack_sharing_enabled":true,"_links":{"self":[{"href":"https:\/\/altinisik.org\/index.php?rest_route=\/wp\/v2\/posts\/10776","targetHints":{"allow":["GET"]}}],"collection":[{"href":"https:\/\/altinisik.org\/index.php?rest_route=\/wp\/v2\/posts"}],"about":[{"href":"https:\/\/altinisik.org\/index.php?rest_route=\/wp\/v2\/types\/post"}],"author":[{"embeddable":true,"href":"https:\/\/altinisik.org\/index.php?rest_route=\/wp\/v2\/users\/2"}],"replies":[{"embeddable":true,"href":"https:\/\/altinisik.org\/index.php?rest_route=%2Fwp%2Fv2%2Fcomments&post=10776"}],"version-history":[{"count":1,"href":"https:\/\/altinisik.org\/index.php?rest_route=\/wp\/v2\/posts\/10776\/revisions"}],"predecessor-version":[{"id":10778,"href":"https:\/\/altinisik.org\/index.php?rest_route=\/wp\/v2\/posts\/10776\/revisions\/10778"}],"wp:featuredmedia":[{"embeddable":true,"href":"https:\/\/altinisik.org\/index.php?rest_route=\/wp\/v2\/media\/10777"}],"wp:attachment":[{"href":"https:\/\/altinisik.org\/index.php?rest_route=%2Fwp%2Fv2%2Fmedia&parent=10776"}],"wp:term":[{"taxonomy":"category","embeddable":true,"href":"https:\/\/altinisik.org\/index.php?rest_route=%2Fwp%2Fv2%2Fcategories&post=10776"},{"taxonomy":"post_tag","embeddable":true,"href":"https:\/\/altinisik.org\/index.php?rest_route=%2Fwp%2Fv2%2Ftags&post=10776"}],"curies":[{"name":"wp","href":"https:\/\/api.w.org\/{rel}","templated":true}]}}