{"id":10773,"date":"2025-08-21T10:29:40","date_gmt":"2025-08-21T08:29:40","guid":{"rendered":"https:\/\/altinisik.org\/?p=10773"},"modified":"2025-08-21T10:29:40","modified_gmt":"2025-08-21T08:29:40","slug":"turkiyenin-siyasal-dnasi-tuketilmis-muhalefet-ve-yeni-bir-insa-arayisi","status":"publish","type":"post","link":"https:\/\/altinisik.org\/?p=10773","title":{"rendered":"T\u00fcrkiye&#8217;nin Siyasal DNA&#8217;s\u0131: T\u00fcketilmi\u015f Muhalefet ve Yeni Bir \u0130n\u015fa Aray\u0131\u015f\u0131"},"content":{"rendered":"\n<p><\/p>\n\n\n\n<p>T\u00fcrkiye Cumhuriyeti&#8217;nin siyasi tarihi, farkl\u0131 ideolojik ak\u0131mlar\u0131n ve liderlerin m\u00fccadelesiyle \u015fekillenmi\u015ftir. Bu derin siyasi miras\u0131n en \u00f6nemli temsilcilerinden biri olan Adalet ve Kalk\u0131nma Partisi (AK Parti), kurulu\u015funun 24. y\u0131l\u0131nda, asl\u0131nda \u00e7ok daha k\u00f6kl\u00fc bir siyasal gelene\u011fin ta\u015f\u0131y\u0131c\u0131s\u0131d\u0131r. Parti, resmi kurulu\u015f tarihi olan 2001&#8217;den \u00e7ok \u00f6nce, merhum Prof. Dr. Necmettin Erbakan&#8217;\u0131n 55 y\u0131ll\u0131k siyasi hayat\u0131yla in\u015fa etti\u011fi Milli G\u00f6r\u00fc\u015f hareketinin miras\u0131 \u00fczerine kurulmu\u015ftur.<\/p>\n\n\n\n<p>AK Parti, bu gelene\u011fin modern \u00e7a\u011fa adapte olmu\u015f, iktidara gelerek toplumsal ve siyasal d\u00f6n\u00fc\u015f\u00fcm\u00fc ba\u015farm\u0131\u015f halidir. Bu durum, bir siyasi olu\u015fumun g\u00fcc\u00fcn\u00fcn, sadece g\u00fcncel ba\u015far\u0131lar\u0131ndan de\u011fil, ayn\u0131 zamanda ta\u015f\u0131d\u0131\u011f\u0131 tarihsel birikimden ve fikri derinlikten kaynakland\u0131\u011f\u0131n\u0131 net bir \u015fekilde ortaya koymaktad\u0131r.<\/p>\n\n\n\n<p>Bu g\u00fc\u00e7l\u00fc birikime kar\u015f\u0131n, Cumhuriyet&#8217;in kurucu partisi olan Cumhuriyet Halk Partisi (CHP)&#8217;nin durumu, adeta bir siyasal trajediyi and\u0131rmaktad\u0131r.<\/p>\n\n\n\n<p>\u0130ttihat ve Terakki&#8217;nin devam\u0131 niteli\u011findeki bu parti, y\u00fcz y\u0131l\u0131 a\u015fk\u0131n tarihinde zaman\u0131n ruhunu ve T\u00fcrk milletinin sosyolojik dinamiklerini okumakta ciddi anlamda ba\u015far\u0131s\u0131z olmu\u015ftur. Partinin, kendi halk\u0131ndan kopuk, adeta bir &#8220;m\u00fcstemleke zihniyeti&#8221;yle hareket etmesi, kadro derinli\u011finin zay\u0131flamas\u0131 ve toplumsal kar\u015f\u0131l\u0131\u011f\u0131n\u0131n g\u00fcnden g\u00fcne erimesi, bu ba\u015far\u0131s\u0131zl\u0131\u011f\u0131n temel nedenlerindendir.<\/p>\n\n\n\n<p>Son y\u0131llarda CHP, siyasal enerjisini tamamen kaybetmi\u015f, i\u00e7 \u00e7eki\u015fmelerle t\u00fckenmi\u015f ve kendi kendini feshedecek noktaya gelmi\u015ftir. Bu t\u00fckenmi\u015flik s\u00fcrecinde, partinin i\u00e7 yap\u0131s\u0131nda \u0130slam d\u00fc\u015fmanl\u0131\u011f\u0131n\u0131 tek hedef olarak belirlemi\u015f marjinal bir z\u00fcmrenin siyasi bir aparat olarak konumlanmas\u0131 ise bu d\u00fc\u015f\u00fc\u015f\u00fcn ne kadar derin oldu\u011funu g\u00f6stermektedir.<\/p>\n\n\n\n<p>\u00d6\u011frenilmi\u015f Mutsuzluk ve Ger\u00e7eklikten Kopu\u015f<\/p>\n\n\n\n<p>Bug\u00fcn, 2025 y\u0131l\u0131nda, fikirsel ve i\u00e7eriksel olarak tamamen bitmi\u015f bir muhalefet partisiyle kar\u015f\u0131 kar\u015f\u0131yay\u0131z. Bu durum, CHP&#8217;ye g\u00f6n\u00fcl veren kitleler aras\u0131nda b\u00fcy\u00fck bir umutsuzluk olu\u015fturmaktad\u0131r.<\/p>\n\n\n\n<p>Ancak bu umutsuzluk, yap\u0131c\u0131 bir \u00f6zele\u015ftiriye d\u00f6n\u00fc\u015fmek yerine, &#8220;\u00f6\u011frenilmi\u015f mutsuzluk&#8221; olarak adland\u0131r\u0131labilecek bir psikolojiye evrilmi\u015ftir. Bu kesimler, siyasi rakiplerini, yani milletin \u00e7o\u011funlu\u011funu, k\u00fc\u00e7\u00fcmseyerek ve a\u015fa\u011f\u0131layarak kendi hayal d\u00fcnyalar\u0131n\u0131 korumaktad\u0131rlar.<\/p>\n\n\n\n<p>Ger\u00e7eklikten uzak, kendi olu\u015fturtuklar\u0131 bir &#8220;pembe d\u00fcnyada&#8221; ya\u015fayan bu zihniyet, T\u00fcrkiye&#8217;nin en temel siyasi sorunlar\u0131ndan biridir. Halkla ba\u011f kurmaktan aciz, sadece kendi i\u00e7 d\u00fcnyas\u0131nda yank\u0131lanan bir s\u00f6ylemle siyaset yapmaya \u00e7al\u0131\u015fan bu yakla\u015f\u0131m, demokratik rekabetin temelini dinamitlemektedir.<\/p>\n\n\n\n<p>Yeni T\u00fcrkiye&#8217;nin Beka Sorunu: Milli Bir Muhalefet Elzemdir<\/p>\n\n\n\n<p>Yeni T\u00fcrkiye vizyonu, sadece g\u00fc\u00e7l\u00fc ve istikrarl\u0131 bir iktidarla de\u011fil, ayn\u0131 zamanda yap\u0131c\u0131 ve milli bir muhalefetin varl\u0131\u011f\u0131yla da m\u00fcmk\u00fcnd\u00fcr.<\/p>\n\n\n\n<p>B\u00f6ylesine t\u00fcketilmi\u015f ve halktan kopuk bir muhalefetin olmas\u0131, sadece siyasi bir bo\u015fluk olu\u015fturmakla kalmamakta, ayn\u0131 zamanda \u00fclkemizin gelece\u011fi i\u00e7in bir beka sorunu te\u015fkil etmektedir.<\/p>\n\n\n\n<p>Demokrasi, ancak iktidar\u0131n icraatlar\u0131n\u0131 denetleyen, ele\u015ftirel bir g\u00f6zle bakan ve \u00fclkenin \u00e7\u0131karlar\u0131n\u0131 \u015fahsi hesaplar\u0131n \u00fczerinde tutan bir kar\u015f\u0131t g\u00fc\u00e7le sa\u011fl\u0131kl\u0131 bir \u015fekilde i\u015fleyebilir. Mevcut muhalefet yap\u0131s\u0131 bu rol\u00fc \u00fcstlenmekten \u00e7ok uzakt\u0131r.<\/p>\n\n\n\n<p>Bu nedenle, T\u00fcrkiye&#8217;nin siyasi gelece\u011fi i\u00e7in acilen yeni bir muhalefet dinami\u011finin in\u015fa edilmesi gerekmektedir. Bu yeni muhalefet, s\u0131\u011f ideolojik tak\u0131nt\u0131lardan uzakla\u015fmal\u0131, milli de\u011ferlerle bar\u0131\u015f\u0131k olmal\u0131 ve T\u00fcrkiye&#8217;nin 21. y\u00fczy\u0131lda kar\u015f\u0131la\u015ft\u0131\u011f\u0131 stratejik ve jeopolitik meydan okumalara kar\u015f\u0131 \u00e7\u00f6z\u00fcmler \u00fcretebilmelidir.<\/p>\n\n\n\n<p>Halk\u0131n beklentilerini anlayan, onlar\u0131n dilinden konu\u015fan ve T\u00fcrkiye&#8217;nin y\u00fckseli\u015fine katk\u0131 sunan bir muhalefetin ortaya \u00e7\u0131kmas\u0131, art\u0131k bir tercih de\u011fil, milli bir zorunluluktur. Bu d\u00f6n\u00fc\u015f\u00fcm, sadece siyasal rekabeti canland\u0131rmakla kalmayacak, ayn\u0131 zamanda T\u00fcrkiye&#8217;yi k\u00fcresel arenada daha g\u00fc\u00e7l\u00fc ve diren\u00e7li&nbsp;k\u0131lacakt\u0131r.<\/p>\n","protected":false},"excerpt":{"rendered":"<p>T\u00fcrkiye Cumhuriyeti&#8217;nin siyasi tarihi, farkl\u0131 ideolojik ak\u0131mlar\u0131n ve liderlerin m\u00fccadelesiyle \u015fekillenmi\u015ftir. Bu derin siyasi miras\u0131n en \u00f6nemli temsilcilerinden biri olan Adalet ve Kalk\u0131nma Partisi (AK Parti), kurulu\u015funun 24. y\u0131l\u0131nda, asl\u0131nda \u00e7ok daha k\u00f6kl\u00fc bir siyasal gelene\u011fin ta\u015f\u0131y\u0131c\u0131s\u0131d\u0131r. Parti, resmi kurulu\u015f tarihi olan 2001&#8217;den \u00e7ok \u00f6nce, merhum Prof. Dr. Necmettin Erbakan&#8217;\u0131n 55 y\u0131ll\u0131k siyasi hayat\u0131yla in\u015fa etti\u011fi Milli G\u00f6r\u00fc\u015f hareketinin miras\u0131 \u00fczerine kurulmu\u015ftur.<\/p>\n","protected":false},"author":2,"featured_media":10774,"comment_status":"closed","ping_status":"","sticky":false,"template":"","format":"standard","meta":{"_jetpack_memberships_contains_paid_content":false,"footnotes":""},"categories":[83],"tags":[],"class_list":["post-10773","post","type-post","status-publish","format-standard","has-post-thumbnail","hentry","category-cevre-ve-politika"],"jetpack_featured_media_url":"https:\/\/altinisik.org\/wp-content\/uploads\/2025\/08\/1234.jpg","jetpack_sharing_enabled":true,"_links":{"self":[{"href":"https:\/\/altinisik.org\/index.php?rest_route=\/wp\/v2\/posts\/10773","targetHints":{"allow":["GET"]}}],"collection":[{"href":"https:\/\/altinisik.org\/index.php?rest_route=\/wp\/v2\/posts"}],"about":[{"href":"https:\/\/altinisik.org\/index.php?rest_route=\/wp\/v2\/types\/post"}],"author":[{"embeddable":true,"href":"https:\/\/altinisik.org\/index.php?rest_route=\/wp\/v2\/users\/2"}],"replies":[{"embeddable":true,"href":"https:\/\/altinisik.org\/index.php?rest_route=%2Fwp%2Fv2%2Fcomments&post=10773"}],"version-history":[{"count":1,"href":"https:\/\/altinisik.org\/index.php?rest_route=\/wp\/v2\/posts\/10773\/revisions"}],"predecessor-version":[{"id":10775,"href":"https:\/\/altinisik.org\/index.php?rest_route=\/wp\/v2\/posts\/10773\/revisions\/10775"}],"wp:featuredmedia":[{"embeddable":true,"href":"https:\/\/altinisik.org\/index.php?rest_route=\/wp\/v2\/media\/10774"}],"wp:attachment":[{"href":"https:\/\/altinisik.org\/index.php?rest_route=%2Fwp%2Fv2%2Fmedia&parent=10773"}],"wp:term":[{"taxonomy":"category","embeddable":true,"href":"https:\/\/altinisik.org\/index.php?rest_route=%2Fwp%2Fv2%2Fcategories&post=10773"},{"taxonomy":"post_tag","embeddable":true,"href":"https:\/\/altinisik.org\/index.php?rest_route=%2Fwp%2Fv2%2Ftags&post=10773"}],"curies":[{"name":"wp","href":"https:\/\/api.w.org\/{rel}","templated":true}]}}