{"id":10770,"date":"2025-08-13T12:11:26","date_gmt":"2025-08-13T10:11:26","guid":{"rendered":"https:\/\/altinisik.org\/?p=10770"},"modified":"2025-08-13T12:11:26","modified_gmt":"2025-08-13T10:11:26","slug":"zengezur-koridoru-egemenlik-paradoksu-ve-jeopolitik-gercekler","status":"publish","type":"post","link":"https:\/\/altinisik.org\/?p=10770","title":{"rendered":"Zengezur Koridoru: Egemenlik Paradoksu ve Jeopolitik Ger\u00e7ekler"},"content":{"rendered":"\n<p><\/p>\n\n\n\n<p>Zengezur Koridoru tart\u0131\u015fmalar\u0131, uluslararas\u0131 ili\u015fkiler ve jeopolitik analizlerin karma\u015f\u0131kl\u0131\u011f\u0131n\u0131 g\u00f6zler \u00f6n\u00fcne seren \u00f6nemli bir vaka sunuyor.<\/p>\n\n\n\n<p>B\u00f6lgedeki her akt\u00f6r, koridorun potansiyel faydalar\u0131 ve riskleri \u00fczerine kendi retori\u011fini in\u015fa ederken, pek \u00e7ok yorumcunun g\u00f6zden ka\u00e7\u0131rd\u0131\u011f\u0131 temel bir ger\u00e7ek var: koridorun ge\u00e7ece\u011fi topraklar, egemen bir devlet olan Ermenistan&#8217;\u0131n m\u00fclkiyetindedir. Bu basit ama hayati detay, t\u00fcm denklemi ba\u015ftan a\u015fa\u011f\u0131 de\u011fi\u015ftirir ve tart\u0131\u015fmalar\u0131n y\u00fczeyselli\u011fini ortaya koyar.<\/p>\n\n\n\n<p>Egemenlik \u0130lkesi ve Uluslararas\u0131 Hukuk<\/p>\n\n\n\n<p>Uluslararas\u0131 hukukun en temel prensiplerinden biri, devletlerin toprak b\u00fct\u00fcnl\u00fc\u011f\u00fc ve egemenlik hakk\u0131d\u0131r. Bir devletin s\u0131n\u0131rlar\u0131 i\u00e7erisinde ger\u00e7ekle\u015fen her t\u00fcrl\u00fc faaliyet, o devletin r\u0131zas\u0131na ve kontrol\u00fcne tabidir.<\/p>\n\n\n\n<p>Zengezur Koridoru&#8217;nun Ermenistan&#8217;\u0131n S\u00fcnik b\u00f6lgesinden ge\u00e7mesi planlan\u0131yor.<\/p>\n\n\n\n<p>Bu durum, koridorun stat\u00fcs\u00fcyle ilgili t\u00fcm m\u00fczakerelerde ve de\u011ferlendirmelerde Ermenistan&#8217;\u0131n merkezi bir akt\u00f6r oldu\u011funu ve son s\u00f6z\u00fc s\u00f6yleme hakk\u0131na sahip oldu\u011funu g\u00f6sterir.<\/p>\n\n\n\n<p>Azerbaycan&#8217;\u0131n Nah\u00e7\u0131van&#8217;a karayolu ve demiryolu ba\u011flant\u0131s\u0131 kurma hedefi ne kadar me\u015fru olursa olsun, bu hedefin ger\u00e7ekle\u015fmesi, Ermenistan&#8217;\u0131n tam onay\u0131 ve i\u015fbirli\u011fi olmadan imkans\u0131zd\u0131r.<\/p>\n\n\n\n<p>Bu ba\u011flamda, koridorun, Ermenistan&#8217;\u0131n bir \u00fc\u00e7\u00fcnc\u00fc \u00fclke ile birlikte (kuvvetle muhtemel bu ABD olacak) bu denetimi d\u0131\u015f\u0131nda, \u00f6rne\u011fin Bo\u011fazlar&#8217;daki gibi serbest bir ge\u00e7i\u015f stat\u00fcs\u00fcne sahip olaca\u011f\u0131 y\u00f6n\u00fcndeki beklentiler, uluslararas\u0131 hukuk ve siyasetin ger\u00e7ekleriyle ba\u011fda\u015fmaz.<\/p>\n\n\n\n<p>Bo\u011fazlar \u00f6rne\u011fi, uluslararas\u0131 bir antla\u015fma olan Montr\u00f6 S\u00f6zle\u015fmesi ile belirlenen kurallar \u00e7er\u00e7evesinde i\u015flerken, Zengezur Koridoru i\u00e7in benzer bir stat\u00fc, ancak taraflar\u0131n kar\u015f\u0131l\u0131kl\u0131 m\u00fczakereleri ve nihayetinde imzalad\u0131klar\u0131 bir anla\u015fma ile m\u00fcmk\u00fcn olmu\u015ftur. Bu anla\u015fma, ge\u00e7i\u015fin nas\u0131l sa\u011flanaca\u011f\u0131n\u0131, g\u00fcvenli\u011fini kimin \u00fcstlenece\u011fini ve Ermenistan&#8217;\u0131n bu s\u00fcre\u00e7teki egemenlik haklar\u0131n\u0131n nas\u0131l korunaca\u011f\u0131n\u0131 net bir \u015fekilde tan\u0131mlamal\u0131d\u0131r.<\/p>\n\n\n\n<p>Jeopolitik paradoksun \u00f6tesinde<br>Azerbaycan ve T\u00fcrkiye, Zengezur Koridoru&#8217;nu &#8220;T\u00fcrk D\u00fcnyas\u0131&#8221; i\u00e7in stratejik bir arter olarak konumland\u0131r\u0131rken, \u0130ran bu giri\u015fimin kendi jeopolitik \u00e7\u0131karlar\u0131na potansiyel tehditlerini dile getirmektedir. Ancak t\u00fcm bu jeopolitik satran\u00e7 oyununun merkezinde, Ermenistan kendi egemenlik haklar\u0131n\u0131 koruma m\u00fccadelesi vermektedir. Ermenistan, bir yandan b\u00f6lgede bar\u0131\u015f ve istikrar aray\u0131\u015f\u0131ndayken, di\u011fer yandan kendi toprak b\u00fct\u00fcnl\u00fc\u011f\u00fcn\u00fc riske atacak bir projeye r\u0131za g\u00f6stermekte \u00e7ekincelidir. Bu durum, Ermenistan i\u00e7in bir g\u00fcvenlik paradoksu yaratmaktad\u0131r: koridora izin vermek, ekonomik olarak entegre olma potansiyeli ta\u015f\u0131sa da, ayn\u0131 zamanda egemenlik ve g\u00fcvenlik riskleri bar\u0131nd\u0131r\u0131r.<\/p>\n\n\n\n<p>Sonu\u00e7 olarak, Zengezur Koridoru tart\u0131\u015fmalar\u0131n\u0131 de\u011ferlendirirken, pop\u00fclist ve retorik a\u011f\u0131rl\u0131kl\u0131 yakla\u015f\u0131mlar\u0131n \u00f6tesine ge\u00e7mek gerekmektedir. Analizler, projenin hukuki zeminini, yani Ermenistan&#8217;\u0131n egemenlik hakk\u0131n\u0131 temel almal\u0131d\u0131r. Aksi takdirde, yap\u0131lan t\u00fcm de\u011ferlendirmeler, sa\u011flam bir temelden yoksun kalacak ve b\u00f6lgesel dinamiklerin karma\u015f\u0131kl\u0131\u011f\u0131n\u0131 do\u011fru bir \u015fekilde yans\u0131tamayacakt\u0131r. Bu koridorun gelece\u011fi, g\u00fc\u00e7 g\u00f6sterileri ve retorik sava\u015flar\u0131ndan ziyade, diplomasinin ve kar\u015f\u0131l\u0131kl\u0131 sayg\u0131ya dayal\u0131 m\u00fczakerelerin ba\u015far\u0131s\u0131na ba\u011fl\u0131d\u0131r.<\/p>\n\n\n\n<p>Zira uluslararas\u0131 sistem, en nihayetinde egemen devletlerin r\u0131zas\u0131 \u00fczerine kuruludur ve Zengezur Koridoru da bu ger\u00e7e\u011fin en somut kan\u0131tlar\u0131ndan&nbsp;biridir.<\/p>\n","protected":false},"excerpt":{"rendered":"<p>Zengezur Koridoru tart\u0131\u015fmalar\u0131, uluslararas\u0131 ili\u015fkiler ve jeopolitik analizlerin karma\u015f\u0131kl\u0131\u011f\u0131n\u0131 g\u00f6zler \u00f6n\u00fcne seren \u00f6nemli bir vaka sunuyor.<\/p>\n<p>B\u00f6lgedeki her akt\u00f6r, koridorun potansiyel faydalar\u0131 ve riskleri \u00fczerine kendi retori\u011fini in\u015fa ederken, pek \u00e7ok yorumcunun g\u00f6zden ka\u00e7\u0131rd\u0131\u011f\u0131 temel bir ger\u00e7ek var: koridorun ge\u00e7ece\u011fi topraklar, egemen bir devlet olan Ermenistan&#8217;\u0131n m\u00fclkiyetindedir. Bu basit ama hayati detay, t\u00fcm denklemi ba\u015ftan a\u015fa\u011f\u0131 de\u011fi\u015ftirir ve tart\u0131\u015fmalar\u0131n y\u00fczeyselli\u011fini ortaya koyar.<\/p>\n","protected":false},"author":2,"featured_media":10767,"comment_status":"closed","ping_status":"","sticky":false,"template":"","format":"standard","meta":{"_jetpack_memberships_contains_paid_content":false,"footnotes":""},"categories":[83],"tags":[313,312,311],"class_list":["post-10770","post","type-post","status-publish","format-standard","has-post-thumbnail","hentry","category-cevre-ve-politika","tag-azerbaycan","tag-turkiye","tag-zengezur-koridoru"],"jetpack_featured_media_url":"https:\/\/altinisik.org\/wp-content\/uploads\/2025\/08\/zengezur-1.jpg","jetpack_sharing_enabled":true,"_links":{"self":[{"href":"https:\/\/altinisik.org\/index.php?rest_route=\/wp\/v2\/posts\/10770","targetHints":{"allow":["GET"]}}],"collection":[{"href":"https:\/\/altinisik.org\/index.php?rest_route=\/wp\/v2\/posts"}],"about":[{"href":"https:\/\/altinisik.org\/index.php?rest_route=\/wp\/v2\/types\/post"}],"author":[{"embeddable":true,"href":"https:\/\/altinisik.org\/index.php?rest_route=\/wp\/v2\/users\/2"}],"replies":[{"embeddable":true,"href":"https:\/\/altinisik.org\/index.php?rest_route=%2Fwp%2Fv2%2Fcomments&post=10770"}],"version-history":[{"count":1,"href":"https:\/\/altinisik.org\/index.php?rest_route=\/wp\/v2\/posts\/10770\/revisions"}],"predecessor-version":[{"id":10771,"href":"https:\/\/altinisik.org\/index.php?rest_route=\/wp\/v2\/posts\/10770\/revisions\/10771"}],"wp:featuredmedia":[{"embeddable":true,"href":"https:\/\/altinisik.org\/index.php?rest_route=\/wp\/v2\/media\/10767"}],"wp:attachment":[{"href":"https:\/\/altinisik.org\/index.php?rest_route=%2Fwp%2Fv2%2Fmedia&parent=10770"}],"wp:term":[{"taxonomy":"category","embeddable":true,"href":"https:\/\/altinisik.org\/index.php?rest_route=%2Fwp%2Fv2%2Fcategories&post=10770"},{"taxonomy":"post_tag","embeddable":true,"href":"https:\/\/altinisik.org\/index.php?rest_route=%2Fwp%2Fv2%2Ftags&post=10770"}],"curies":[{"name":"wp","href":"https:\/\/api.w.org\/{rel}","templated":true}]}}