{"id":10756,"date":"2025-07-29T15:06:39","date_gmt":"2025-07-29T13:06:39","guid":{"rendered":"https:\/\/altinisik.org\/?p=10756"},"modified":"2025-07-29T15:06:39","modified_gmt":"2025-07-29T13:06:39","slug":"atesin-golgesindeki-komplo-turkiyeye-yonelik-asimetrik-savas-ve-tarihsel-yankilari","status":"publish","type":"post","link":"https:\/\/altinisik.org\/?p=10756","title":{"rendered":"Ate\u015fin G\u00f6lgesindeki Komplo: T\u00fcrkiye&#8217;ye Y\u00f6nelik Asimetrik Sava\u015f ve Tarihsel Yank\u0131lar\u0131"},"content":{"rendered":"\n<p><\/p>\n\n\n\n<p>Son d\u00f6nemde T\u00fcrkiye&#8217;yi ku\u015fatan, ci\u011ferlerimizi yakan ve ekosistemimizi derinden sarsan orman yang\u0131nlar\u0131, sadece iklim krizi veya ihmalin \u00f6tesinde, \u00e7ok daha derin ve karanl\u0131k bir plan\u0131n par\u00e7as\u0131 olarak belirmektedir. Bu yang\u0131nlar, tesad\u00fcfler zinciri olmaktan \u00f6te, uluslararas\u0131 ili\u015fkiler ve g\u00fcvenlik \u00e7al\u0131\u015fmalar\u0131 perspektifinden incelendi\u011finde, asimetrik bir sava\u015f\u0131n ve hibrit tehditlerin belirgin bir tezah\u00fcr\u00fc olarak kar\u015f\u0131m\u0131za \u00e7\u0131kmaktad\u0131r. \u00dclkemizin maruz kald\u0131\u011f\u0131 bu y\u0131k\u0131m, sadece fiziki bir tahribat de\u011fil, ayn\u0131 zamanda toplumsal m\u00fchendislik ve psikolojik operasyonlarla desteklenen kapsaml\u0131 bir kaos stratejisinin yans\u0131mas\u0131d\u0131r.<\/p>\n\n\n\n<p>Tarihin Tekerr\u00fcr\u00fc ve Misyonerlerin \u0130tiraf\u0131: Ge\u00e7mi\u015ften G\u00fcn\u00fcm\u00fcze Kundaklama Eylemleri<\/p>\n\n\n\n<p>Tarihsel kay\u0131tlara bak\u0131ld\u0131\u011f\u0131nda, Anadolu ve geni\u015f \u0130slam co\u011frafyas\u0131nda ormanlar\u0131n bilin\u00e7li olarak yak\u0131lmas\u0131 eylemlerinin, modern zamanlara \u00f6zg\u00fc bir olgu olmad\u0131\u011f\u0131 g\u00f6r\u00fclmektedir. 19. ve 20. y\u00fczy\u0131l misyonerlerinin hat\u0131ratlar\u0131 ve diplomatik yaz\u0131\u015fmalar, bu co\u011frafyalarda bilin\u00e7li olarak kaos ve istikrars\u0131zl\u0131k yaratma amac\u0131yla ormanlar\u0131n kundakland\u0131\u011f\u0131na dair \u00e7arp\u0131c\u0131 itiraflar i\u00e7ermektedir. \u00d6rne\u011fin, baz\u0131 Bat\u0131l\u0131 misyonerlerin Anadolu&#8217;da Hristiyan n\u00fcfusu desteklemek ve Osmanl\u0131 Devleti&#8217;nin direncini k\u0131rmak i\u00e7in k\u0131rsal b\u00f6lgelerde yang\u0131nlar\u0131 te\u015fvik ettikleri, b\u00f6lgedeki ekonomik ve sosyal yap\u0131y\u0131 bozmaya \u00e7al\u0131\u015ft\u0131klar\u0131 bilinmektedir. Bu tarihsel ba\u011flam, g\u00fcn\u00fcm\u00fczdeki yang\u0131nlar\u0131n arkas\u0131ndaki k\u00f6t\u00fcc\u00fcl niyetin bir &#8220;Deja Vu&#8221; etkisi yaratt\u0131\u011f\u0131n\u0131 g\u00f6stermektedir. O d\u00f6nemde hedef, zay\u0131flat\u0131lm\u0131\u015f bir Osmanl\u0131yd\u0131; bug\u00fcn ise hedef, b\u00f6lgesel bir g\u00fc\u00e7 olma yolunda ilerleyen g\u00fc\u00e7l\u00fc T\u00fcrkiye Cumhuriyeti&#8217;dir. Bu eylemler, o d\u00f6nemde de bug\u00fcn de devletin beka sorunuyla do\u011frudan ili\u015fkilendirilmektedir.<\/p>\n\n\n\n<p>Yeni Nesil Sava\u015f Metodolojileri: Hibrit Tehditler ve D\u00f6rd\u00fcnc\u00fc Nesil Sava\u015f<\/p>\n\n\n\n<p>G\u00fcn\u00fcm\u00fczde kar\u015f\u0131 kar\u015f\u0131ya kald\u0131\u011f\u0131m\u0131z orman yang\u0131nlar\u0131, \u00f6zellikle hibrit sava\u015f (hybrid warfare) ve d\u00f6rd\u00fcnc\u00fc nesil sava\u015f (fourth-generation warfare) kavramlar\u0131 \u00e7er\u00e7evesinde de\u011ferlendirilmelidir. Hibrit sava\u015f, konvansiyonel askeri g\u00fcc\u00fcn yan\u0131 s\u0131ra siber sald\u0131r\u0131lar, dezenformasyon kampanyalar\u0131, ekonomik bask\u0131lar ve vekalet sava\u015flar\u0131 gibi unsurlar\u0131 i\u00e7eren \u00e7ok boyutlu bir m\u00fccadele bi\u00e7imidir. Yang\u0131nlar, bu ba\u011flamda, d\u00fc\u015fman unsurlar\u0131n do\u011frudan askeri m\u00fcdahale yerine, \u00fclkenin i\u00e7 dinamiklerini hedef alarak, toplumsal huzursuzluk yaratma ve devletin kapasitesini t\u00fcketme amac\u0131 g\u00fcden bir sabotaj eylemi olarak yorumlanabilir.<\/p>\n\n\n\n<p>Yakalanan faillerin kimlikleri de bu tezi g\u00fc\u00e7lendirmektedir. Yang\u0131nlarla ili\u015fkili oldu\u011fu tespit edilen \u015fah\u0131slar\u0131n bir k\u0131sm\u0131n\u0131n FET\u00d6 veya PYD iltisakl\u0131 olmas\u0131, bu \u00f6rg\u00fctlerin T\u00fcrkiye&#8217;ye y\u00f6nelik siber, psikolojik ve fiili sabotaj eylemlerini s\u00fcrd\u00fcrd\u00fc\u011f\u00fcn\u00fc g\u00f6stermektedir. Ayr\u0131ca, me\u015fruiyetini s\u00fcrekli d\u0131\u015far\u0131da arayan, uluslararas\u0131 arenada T\u00fcrkiye aleyhine lobi faaliyetleri y\u00fcr\u00fcten siyasi \u00e7evrelerin bu eylemlerle ba\u011flant\u0131l\u0131 olmas\u0131, yang\u0131nlar\u0131n sadece bir &#8220;do\u011fal afet&#8221; olmaktan \u00e7ok \u00f6te, i\u00e7eriden ve d\u0131\u015far\u0131dan organize edilen bir komplo oldu\u011fu izlenimini peki\u015ftirmektedir. Bu durum, akademik literat\u00fcrde &#8220;devlet i\u00e7i d\u00fc\u015fman unsurlar&#8221; veya &#8220;be\u015finci kol faaliyetleri&#8221; olarak adland\u0131r\u0131lan yap\u0131lar\u0131n, ulusal g\u00fcvenli\u011fe y\u00f6nelik ciddi tehdit olu\u015fturdu\u011funu a\u00e7\u0131k\u00e7a ortaya koymaktad\u0131r.<\/p>\n\n\n\n<p>Medya ve Psikolojik Operasyonlar: Dezenformasyonun Y\u0131k\u0131c\u0131 G\u00fcc\u00fc<\/p>\n\n\n\n<p>Yang\u0131nlar\u0131n sadece fiziksel y\u0131k\u0131m\u0131yla s\u0131n\u0131rl\u0131 kalmad\u0131\u011f\u0131, ayn\u0131 zamanda yo\u011fun bir psikolojik sava\u015f ile desteklendi\u011fi de g\u00f6zden ka\u00e7\u0131r\u0131lmamal\u0131d\u0131r. Sosyal medya ba\u015fta olmak \u00fczere, \u00e7e\u015fitli mecralar \u00fczerinden yay\u0131lan yalan haberler, manip\u00fclatif i\u00e7erikler ve Goebbelsvari propaganda y\u00f6ntemleri, toplumda korku, panik ve \u00f6fke yaratmay\u0131 hedeflemektedir. Bu dezenformasyon kampanyalar\u0131, h\u00fck\u00fcmetin yang\u0131nlarla m\u00fccadeledeki \u00e7abalar\u0131n\u0131 itibars\u0131zla\u015ft\u0131rmak, uluslararas\u0131 yard\u0131mlar\u0131 engellemek ve kamuoyunu yan\u0131ltarak devlete olan g\u00fcveni sarsmak amac\u0131n\u0131 ta\u015f\u0131maktad\u0131r. Bu t\u00fcr psikolojik operasyonlar, \u00f6zellikle &#8220;bili\u015fsel sava\u015f&#8221; (cognitive warfare) olarak adland\u0131r\u0131lan yeni nesil \u00e7at\u0131\u015fma alan\u0131n\u0131n bir par\u00e7as\u0131d\u0131r. Ama\u00e7, toplumu ayr\u0131\u015ft\u0131rmak, kutupla\u015fmay\u0131 derinle\u015ftirmek ve en nihayetinde \u00fclkeyi &#8220;eski T\u00fcrkiye&#8221; yani zay\u0131f, par\u00e7alanabilir ve d\u0131\u015f m\u00fcdahalelere a\u00e7\u0131k bir yap\u0131ya d\u00f6n\u00fc\u015ft\u00fcrmektir.<\/p>\n\n\n\n<p>Bu s\u00fcre\u00e7te, bilgi ak\u0131\u015f\u0131n\u0131n kontrol\u00fc ve do\u011fru bilginin yay\u0131lmas\u0131 hayati \u00f6nem ta\u015f\u0131maktad\u0131r. Vatanda\u015flar\u0131n, teyit edilmemi\u015f bilgilere itibar etmemesi, resmi kaynaklardan bilgi almas\u0131 ve manip\u00fclatif i\u00e7eriklere kar\u015f\u0131 ele\u015ftirel bir bak\u0131\u015f a\u00e7\u0131s\u0131 geli\u015ftirmesi, bu psikolojik sava\u015fa kar\u015f\u0131 en etkili savunma hatt\u0131n\u0131 olu\u015fturmaktad\u0131r.<\/p>\n\n\n\n<p>Toplumsal Diren\u00e7 ve Ulusal Birlik: Bekay\u0131 Korumak<\/p>\n\n\n\n<p>T\u00fcrkiye, son y\u0131llarda ekonomik, siyasi ve askeri alanda \u00f6nemli at\u0131l\u0131mlar yaparak b\u00f6lgesel ve k\u00fcresel bir akt\u00f6r haline gelmi\u015ftir. Bu m\u00fcspet geli\u015fmeler, T\u00fcrkiye&#8217;nin rakipleri ve d\u00fc\u015fmanlar\u0131 taraf\u0131ndan hedef al\u0131nmas\u0131n\u0131n temel nedenidir. \u00dclkemize kar\u015f\u0131 y\u00fcr\u00fct\u00fclen bu asimetrik sald\u0131r\u0131lar, T\u00fcrkiye&#8217;nin geli\u015fimini durdurmay\u0131, istikrars\u0131zla\u015ft\u0131rmay\u0131 ve uluslararas\u0131 arenadaki konumunu zay\u0131flatmay\u0131 ama\u00e7lamaktad\u0131r.<\/p>\n\n\n\n<p>Bu karanl\u0131k senaryoya kar\u015f\u0131 durmak, her bilin\u00e7li vatanda\u015f\u0131n ve devlet kurumunun asli g\u00f6revidir. Bilin\u00e7li vatanda\u015flar olarak, bu oyunun par\u00e7as\u0131 olan \u015fer odaklar\u0131n\u0131 iyi analiz etmeli, kimlerin ve hangi ama\u00e7larla hareket etti\u011fini toplumumuza g\u00f6stermeliyiz. Bu ki\u015filer ve yap\u0131lar, toplumsal d\u0131\u015flanmaya maruz b\u0131rak\u0131lmal\u0131 ve hukukun gerektirdi\u011fi \u015fekilde hesap vermelidir.<\/p>\n\n\n\n<p>Unutulmamal\u0131d\u0131r ki, T\u00fcrkiye Cumhuriyeti&#8217;nin bekas\u0131 her t\u00fcrl\u00fc ki\u015fisel veya siyasi \u00e7\u0131kar\u0131n \u00fczerindedir. Vatan hainlerine ve manda zihniyetli gruplara meydan okumak, T\u00fcrkiye&#8217;nin gelece\u011fi i\u00e7in elzemdir. Tevazu g\u00f6stermek, baz\u0131 durumlarda acziyet olarak alg\u0131lanabilmekte ve d\u00fc\u015fmanlar\u0131n c\u00fcretini art\u0131rmaktad\u0131r. Art\u0131k susma ve bekleme d\u00f6nemi bitmi\u015ftir. Toplumsal reflekslerimizi harekete ge\u00e7irme, ulusal birli\u011fimizi peki\u015ftirme ve bu hain planlara kar\u015f\u0131 topyek\u00fcn bir m\u00fccadele ba\u015flatma vaktidir.<\/p>\n\n\n\n<p>T\u00fcrkiye, bu yang\u0131nlardan da g\u00fc\u00e7lenerek \u00e7\u0131kacakt\u0131r. Ancak bunun i\u00e7in, her birimizin bu b\u00fcy\u00fck oyunu anlamas\u0131, dezenformasyona kar\u015f\u0131 durmas\u0131 ve vatan sevgisi etraf\u0131nda kenetlenmesi gerekmektedir. T\u00fcrkiye&#8217;nin ba\u011f\u0131ms\u0131zl\u0131\u011f\u0131, egemenli\u011fi ve gelece\u011fi i\u00e7in ayakta kalma&nbsp;vakti&nbsp;\u015fimdi!<\/p>\n\n\n\n<p><\/p>\n","protected":false},"excerpt":{"rendered":"<p>Son d\u00f6nemde T\u00fcrkiye&#8217;yi ku\u015fatan, ci\u011ferlerimizi yakan ve ekosistemimizi derinden sarsan orman yang\u0131nlar\u0131, sadece iklim krizi veya ihmalin \u00f6tesinde, \u00e7ok daha derin ve karanl\u0131k bir plan\u0131n par\u00e7as\u0131 olarak belirmektedir. Bu yang\u0131nlar, tesad\u00fcfler zinciri olmaktan \u00f6te, uluslararas\u0131 ili\u015fkiler ve g\u00fcvenlik \u00e7al\u0131\u015fmalar\u0131 perspektifinden incelendi\u011finde, asimetrik bir sava\u015f\u0131n ve hibrit tehditlerin belirgin bir tezah\u00fcr\u00fc olarak kar\u015f\u0131m\u0131za \u00e7\u0131kmaktad\u0131r. \u00dclkemizin maruz kald\u0131\u011f\u0131 bu y\u0131k\u0131m, sadece fiziki bir tahribat de\u011fil, ayn\u0131 zamanda toplumsal m\u00fchendislik ve psikolojik operasyonlarla desteklenen kapsaml\u0131 bir kaos stratejisinin yans\u0131mas\u0131d\u0131r.<\/p>\n","protected":false},"author":2,"featured_media":10757,"comment_status":"closed","ping_status":"","sticky":false,"template":"","format":"standard","meta":{"_jetpack_memberships_contains_paid_content":false,"footnotes":""},"categories":[83,88],"tags":[],"class_list":["post-10756","post","type-post","status-publish","format-standard","has-post-thumbnail","hentry","category-cevre-ve-politika","category-oneriler"],"jetpack_featured_media_url":"https:\/\/altinisik.org\/wp-content\/uploads\/2025\/07\/WhatsApp-Bild-2025-07-29-um-00.09.01_6bf5d402.jpg","jetpack_sharing_enabled":true,"_links":{"self":[{"href":"https:\/\/altinisik.org\/index.php?rest_route=\/wp\/v2\/posts\/10756","targetHints":{"allow":["GET"]}}],"collection":[{"href":"https:\/\/altinisik.org\/index.php?rest_route=\/wp\/v2\/posts"}],"about":[{"href":"https:\/\/altinisik.org\/index.php?rest_route=\/wp\/v2\/types\/post"}],"author":[{"embeddable":true,"href":"https:\/\/altinisik.org\/index.php?rest_route=\/wp\/v2\/users\/2"}],"replies":[{"embeddable":true,"href":"https:\/\/altinisik.org\/index.php?rest_route=%2Fwp%2Fv2%2Fcomments&post=10756"}],"version-history":[{"count":1,"href":"https:\/\/altinisik.org\/index.php?rest_route=\/wp\/v2\/posts\/10756\/revisions"}],"predecessor-version":[{"id":10758,"href":"https:\/\/altinisik.org\/index.php?rest_route=\/wp\/v2\/posts\/10756\/revisions\/10758"}],"wp:featuredmedia":[{"embeddable":true,"href":"https:\/\/altinisik.org\/index.php?rest_route=\/wp\/v2\/media\/10757"}],"wp:attachment":[{"href":"https:\/\/altinisik.org\/index.php?rest_route=%2Fwp%2Fv2%2Fmedia&parent=10756"}],"wp:term":[{"taxonomy":"category","embeddable":true,"href":"https:\/\/altinisik.org\/index.php?rest_route=%2Fwp%2Fv2%2Fcategories&post=10756"},{"taxonomy":"post_tag","embeddable":true,"href":"https:\/\/altinisik.org\/index.php?rest_route=%2Fwp%2Fv2%2Ftags&post=10756"}],"curies":[{"name":"wp","href":"https:\/\/api.w.org\/{rel}","templated":true}]}}