{"id":10754,"date":"2025-07-22T23:31:45","date_gmt":"2025-07-22T21:31:45","guid":{"rendered":"https:\/\/altinisik.org\/?p=10754"},"modified":"2025-07-22T23:31:45","modified_gmt":"2025-07-22T21:31:45","slug":"terorsuz-turkiye-yolunda-yeni-cepheler-ekonomi-ve-medya-teroru","status":"publish","type":"post","link":"https:\/\/altinisik.org\/?p=10754","title":{"rendered":"Ter\u00f6rs\u00fcz T\u00fcrkiye Yolunda Yeni Cepheler: Ekonomi ve Medya Ter\u00f6r\u00fc"},"content":{"rendered":"\n<p><\/p>\n\n\n\n<p>T\u00fcrkiye, son y\u0131llarda b\u00fcy\u00fck bir kararl\u0131l\u0131kla ter\u00f6r belas\u0131n\u0131 tarih sahnesinden silmek i\u00e7in \u00f6nemli ad\u0131mlar att\u0131. &#8220;Ter\u00f6rs\u00fcz T\u00fcrkiye&#8221; hedefi do\u011frultusunda elde edilen ba\u015far\u0131lar gurur verici. Ancak bu kutlu y\u00fcr\u00fcy\u00fc\u015fte, kar\u015f\u0131m\u0131za \u00e7\u0131kan ve \u00e7\u00f6z\u00fcm bekleyen iki b\u00fcy\u00fck sorun daha var: ekonomi ter\u00f6r\u00fc ve medya ter\u00f6r\u00fc. Art\u0131k bu iki alanda da kapsaml\u0131 ve kararl\u0131 bir m\u00fccadele ba\u015flatma zaman\u0131 gelmi\u015ftir. Bu m\u00fccadele, T\u00fcrkiye&#8217;nin tam ba\u011f\u0131ms\u0131zl\u0131\u011f\u0131n\u0131 ve ger\u00e7ek refah\u0131n\u0131 tesis etmesi i\u00e7in elzemdir.<\/p>\n\n\n\n<p>Ekonomi Ter\u00f6r\u00fc: Piyasalar\u0131n Sinsi Y\u0131k\u0131c\u0131l\u0131\u011f\u0131 ve Toplumsal Yans\u0131malar\u0131<\/p>\n\n\n\n<p>Ekonomi ter\u00f6r\u00fc, \u00fclkemizin refah\u0131n\u0131 derinden sarsan, vatanda\u015f\u0131m\u0131z\u0131n al\u0131m g\u00fcc\u00fcn\u00fc hi\u00e7e sayan sinsi bir d\u00fc\u015fmand\u0131r. Bu ter\u00f6r\u00fcn en g\u00f6r\u00fcn\u00fcr unsurlar\u0131ndan biri, kimi zaman finans piyasalar\u0131ndaki spek\u00fclatif faiz politikalar\u0131yla tetiklenen, kimi zaman da piyasalarda monopolle\u015fen \u015firketlerin uygulad\u0131\u011f\u0131 fahi\u015f fiyat politikalar\u0131d\u0131r.<\/p>\n\n\n\n<p>D\u00fc\u015f\u00fcn\u00fcn, birka\u00e7 b\u00fcy\u00fck sermaye grubunun temel g\u0131da maddelerinden konuta, enerjiden teknolojiye kadar bir\u00e7ok alanda piyasalar\u0131 domine ederek, rekabeti ortadan kald\u0131rmas\u0131 ve haks\u0131z kazan\u00e7 pe\u015finde ko\u015fmas\u0131, do\u011frudan halk\u0131m\u0131z\u0131n cebine uzanan bir eldir. Bir sabah uyan\u0131yorsunuz ve d\u00fcn ald\u0131\u011f\u0131n\u0131z \u00fcr\u00fcn\u00fcn fiyat\u0131 anlams\u0131z bir \u015fekilde y\u00fckselmi\u015f. Bu durum, sadece bireysel b\u00fct\u00e7eleri sarsmakla kalm\u0131yor, ayn\u0131 zamanda genel ekonomik istikrar\u0131 da baltal\u0131yor. Enflasyonla m\u00fccadele, bu t\u00fcr fahi\u015f fiyat uygulamalar\u0131 ve piyasa manip\u00fclasyonlar\u0131 kar\u015f\u0131s\u0131nda zorla\u015f\u0131yor. Vatanda\u015f, bir yandan y\u00fcksek enflasyonla, di\u011fer yandan da tekelci \u015firketlerin f\u0131rsat\u00e7\u0131 fiyatland\u0131rmalar\u0131yla bo\u011fu\u015fmak zorunda kal\u0131yor. Bu durum, ekonomik g\u00fcvensizli\u011fi art\u0131r\u0131yor, toplumsal huzursuzlu\u011fa yol a\u00e7\u0131yor ve vatanda\u015f\u0131n devlete olan g\u00fcvenini zedeliyor. Ekonomi ter\u00f6r\u00fc, s\u0131radan bir mali sorun olmaktan \u00f6te, ulusal bir g\u00fcvenlik sorunudur ve acilen \u00fczerine gidilmelidir. Adil rekabetin sa\u011flanmas\u0131, piyasa denetimlerinin etkinle\u015ftirilmesi ve tekelci yap\u0131lar\u0131n k\u0131r\u0131lmas\u0131, bu m\u00fccadelenin temelini olu\u015fturmal\u0131d\u0131r.<\/p>\n\n\n\n<p>Medya Ter\u00f6r\u00fc: Ger\u00e7e\u011fin \u00c7arp\u0131t\u0131ld\u0131\u011f\u0131 Karanl\u0131k Alan ve Kamuoyunun Zehirlenmesi<\/p>\n\n\n\n<p>\u0130kinci b\u00fcy\u00fck tehdit ise medya ter\u00f6r\u00fcd\u00fcr. G\u00fcn\u00fcm\u00fczde, yalan haberin ve abart\u0131n\u0131n bir norma d\u00f6n\u00fc\u015ft\u00fc\u011f\u00fc, dezenformasyonun adeta end\u00fcstrile\u015fti\u011fi bir medya d\u00fczeniyle kar\u015f\u0131 kar\u015f\u0131yay\u0131z. Tekelle\u015fen medya kurulu\u015flar\u0131, \u00e7o\u011fu zaman belli sermaye \u00e7evrelerinin veya siyasi odaklar\u0131n \u00e7\u0131karlar\u0131 do\u011frultusunda hareket ederek, kamuoyunu manip\u00fcle etmekte, ger\u00e7ekleri \u00e7arp\u0131tmakta ve toplumsal kutupla\u015fmay\u0131 k\u00f6r\u00fcklemektedir.<\/p>\n\n\n\n<p>Bir haberi okudu\u011funuzda, sunu\u015f bi\u00e7imiyle, se\u00e7ilen kelimelerle, hatta bir foto\u011fraf karesiyle bile manip\u00fcle edildi\u011finizi fark ediyorsunuz. Tek y\u00f6nl\u00fc haber ak\u0131\u015f\u0131, sansasyonel ba\u015fl\u0131klar, teyit edilmemi\u015f iddialar ve s\u00fcrekli tekrarlanan yalanlar, halk\u0131n do\u011fru bilgiye ula\u015fmas\u0131n\u0131 engellemekte, yerine bir kaos ve belirsizlik ortam\u0131 yaratmaktad\u0131r. Medya, bilgiye ula\u015fma hakk\u0131n\u0131 istismar eden bir silah haline geldi\u011finde, demokrasi de yara almaktad\u0131r. Bu durum, sadece bireylerin do\u011fru kararlar almas\u0131n\u0131 engellemekle kalm\u0131yor, ayn\u0131 zamanda toplumsal bar\u0131\u015f\u0131 ve ulusal birli\u011fi de tehdit ediyor. Bir yalan haberin an\u0131nda yay\u0131larak toplumda nas\u0131l infial yaratabildi\u011fine, hatta ekonomik \u00e7alkant\u0131lara yol a\u00e7abildi\u011fine s\u0131k\u00e7a \u015fahit oluyoruz. Medya ter\u00f6r\u00fc, t\u0131pk\u0131 ekonomi ter\u00f6r\u00fc gibi, h\u0131zla \u00e7\u00f6z\u00fclmesi gereken hayati bir sorundur. Ba\u011f\u0131ms\u0131z ve tarafs\u0131z habercili\u011fin te\u015fvik edilmesi, dezenformasyonla m\u00fccadele mekanizmalar\u0131n\u0131n g\u00fc\u00e7lendirilmesi ve medya eti\u011fi ilkelerine uyumun sa\u011flanmas\u0131, bu alandaki \u00f6nceliklerimiz olmal\u0131d\u0131r.<\/p>\n\n\n\n<p>M\u00fccadele Zaman\u0131: T\u00fcrkiye Bu \u0130ki Beladan da Kurtulmal\u0131<\/p>\n\n\n\n<p>T\u00fcrkiye&#8217;nin &#8220;Ter\u00f6rs\u00fcz T\u00fcrkiye&#8221; idealini tam anlam\u0131yla ger\u00e7ekle\u015ftirebilmesi i\u00e7in, bu iki yeni cephede de kararl\u0131 bir m\u00fccadele vermesi elzemdir.<\/p>\n\n\n\n<p>Ekonomi ter\u00f6r\u00fcne kar\u015f\u0131, ba\u015fta faiz politikalar\u0131 olmak \u00fczere, finansal spek\u00fclasyonlar\u0131 \u00f6nleyici ve reel ekonomiyi destekleyici ad\u0131mlar at\u0131lmal\u0131d\u0131r. Bununla birlikte, t\u00fcketimde monopolle\u015fen \u015firketlerin fahi\u015f fiyat uygulamalar\u0131na ge\u00e7it vermeyecek etkin denetim mekanizmalar\u0131 geli\u015ftirilmeli, haks\u0131z kazan\u00e7 sa\u011flayanlara kar\u015f\u0131 cayd\u0131r\u0131c\u0131 yapt\u0131r\u0131mlar uygulanmal\u0131d\u0131r. F\u0131rsat\u00e7\u0131l\u0131\u011fa asla g\u00f6z yumulmamal\u0131, adil rekabet ortam\u0131 tesis edilmelidir.<\/p>\n\n\n\n<p>Medya ter\u00f6r\u00fcne kar\u015f\u0131 ise, do\u011fru ve tarafs\u0131z habercili\u011fi destekleyen, dezenformasyonla m\u00fccadele eden ve halk\u0131n bilgiye eri\u015fim hakk\u0131n\u0131 g\u00fcvence alt\u0131na alan yasal ve etik d\u00fczenlemeler g\u00fc\u00e7lendirilmelidir. Medyan\u0131n toplumsal sorumlulu\u011fu bilinciyle hareket etmesi i\u00e7in gerekli ad\u0131mlar at\u0131lmal\u0131, yalan\u0131n ve \u00e7arp\u0131tman\u0131n bedeli olaca\u011f\u0131 bir d\u00fczen kurulmal\u0131d\u0131r. Dijital mecralardaki dezenformasyonun da ciddiyetle ele al\u0131nmas\u0131 gerekmektedir.<\/p>\n\n\n\n<p>Unutmayal\u0131m ki, T\u00fcrkiye&#8217;nin ger\u00e7ek anlamda ba\u011f\u0131ms\u0131z ve g\u00fc\u00e7l\u00fc bir \u00fclke olmas\u0131n\u0131n yolu, sadece fiziki ter\u00f6rle de\u011fil, ayn\u0131 zamanda ekonomik ve medyatik ter\u00f6rle de m\u00fccadele etmekten ge\u00e7mektedir. Bu iki alan, sermaye kesiminin T\u00fcrkiye&#8217;ye ayar \u00e7ekmek i\u00e7in kulland\u0131\u011f\u0131 enstr\u00fcmanlar haline gelmi\u015ftir. Bu zorlu ama bir o kadar da hayati m\u00fccadelede, devletin kararl\u0131l\u0131\u011f\u0131 kadar, sivil toplumun ve her bir vatanda\u015f\u0131n fark\u0131ndal\u0131\u011f\u0131 ve deste\u011fi de b\u00fcy\u00fck \u00f6nem ta\u015f\u0131maktad\u0131r.<\/p>\n","protected":false},"excerpt":{"rendered":"<p>T\u00fcrkiye, son y\u0131llarda b\u00fcy\u00fck bir kararl\u0131l\u0131kla ter\u00f6r belas\u0131n\u0131 tarih sahnesinden silmek i\u00e7in \u00f6nemli ad\u0131mlar att\u0131. &#8220;Ter\u00f6rs\u00fcz T\u00fcrkiye&#8221; hedefi do\u011frultusunda elde edilen ba\u015far\u0131lar gurur verici. Ancak bu kutlu y\u00fcr\u00fcy\u00fc\u015fte, kar\u015f\u0131m\u0131za \u00e7\u0131kan ve \u00e7\u00f6z\u00fcm bekleyen iki b\u00fcy\u00fck sorun daha var: ekonomi ter\u00f6r\u00fc ve medya ter\u00f6r\u00fc. Art\u0131k bu iki alanda da kapsaml\u0131 ve kararl\u0131 bir m\u00fccadele ba\u015flatma zaman\u0131 gelmi\u015ftir. Bu m\u00fccadele, T\u00fcrkiye&#8217;nin tam ba\u011f\u0131ms\u0131zl\u0131\u011f\u0131n\u0131 ve ger\u00e7ek refah\u0131n\u0131 tesis etmesi i\u00e7in elzemdir.<\/p>\n","protected":false},"author":2,"featured_media":10753,"comment_status":"","ping_status":"","sticky":false,"template":"","format":"aside","meta":{"_jetpack_memberships_contains_paid_content":false,"footnotes":""},"categories":[83],"tags":[],"class_list":["post-10754","post","type-post","status-publish","format-aside","has-post-thumbnail","hentry","category-cevre-ve-politika","post_format-post-format-aside"],"jetpack_featured_media_url":"https:\/\/altinisik.org\/wp-content\/uploads\/2025\/07\/fb83e2f2-4c83-45e6-9b62-5aa2e1fd539f-1.jpg","jetpack_sharing_enabled":true,"_links":{"self":[{"href":"https:\/\/altinisik.org\/index.php?rest_route=\/wp\/v2\/posts\/10754","targetHints":{"allow":["GET"]}}],"collection":[{"href":"https:\/\/altinisik.org\/index.php?rest_route=\/wp\/v2\/posts"}],"about":[{"href":"https:\/\/altinisik.org\/index.php?rest_route=\/wp\/v2\/types\/post"}],"author":[{"embeddable":true,"href":"https:\/\/altinisik.org\/index.php?rest_route=\/wp\/v2\/users\/2"}],"replies":[{"embeddable":true,"href":"https:\/\/altinisik.org\/index.php?rest_route=%2Fwp%2Fv2%2Fcomments&post=10754"}],"version-history":[{"count":0,"href":"https:\/\/altinisik.org\/index.php?rest_route=\/wp\/v2\/posts\/10754\/revisions"}],"wp:featuredmedia":[{"embeddable":true,"href":"https:\/\/altinisik.org\/index.php?rest_route=\/wp\/v2\/media\/10753"}],"wp:attachment":[{"href":"https:\/\/altinisik.org\/index.php?rest_route=%2Fwp%2Fv2%2Fmedia&parent=10754"}],"wp:term":[{"taxonomy":"category","embeddable":true,"href":"https:\/\/altinisik.org\/index.php?rest_route=%2Fwp%2Fv2%2Fcategories&post=10754"},{"taxonomy":"post_tag","embeddable":true,"href":"https:\/\/altinisik.org\/index.php?rest_route=%2Fwp%2Fv2%2Ftags&post=10754"}],"curies":[{"name":"wp","href":"https:\/\/api.w.org\/{rel}","templated":true}]}}