{"id":10752,"date":"2025-07-22T23:30:36","date_gmt":"2025-07-22T21:30:36","guid":{"rendered":"https:\/\/altinisik.org\/?p=10752"},"modified":"2025-07-22T23:30:36","modified_gmt":"2025-07-22T21:30:36","slug":"ortadogunun-yeni-fay-hatti-israilin-durzi-karti-ve-kuresel-barisa-tehdit","status":"publish","type":"post","link":"https:\/\/altinisik.org\/?p=10752","title":{"rendered":"Ortado\u011fu&#8217;nun Yeni Fay Hatt\u0131: \u0130srail&#8217;in D\u00fcrzi Kart\u0131 ve K\u00fcresel Bar\u0131\u015fa Tehdit"},"content":{"rendered":"\n<p><\/p>\n\n\n\n<p>Ortado\u011fu, tarih boyunca \u00e7at\u0131\u015fmalar\u0131n ve jeopolitik gerilimlerin eksik olmad\u0131\u011f\u0131 bir co\u011frafya oldu. Ancak son d\u00f6nemde Suriye&#8217;de ya\u015fananlar ve \u0130srail&#8217;in b\u00f6lgeye y\u00f6nelik stratejik hamleleri, sadece b\u00f6lgesel de\u011fil, k\u00fcresel bar\u0131\u015f\u0131 da derinden sarsacak potansiyel bir tehlikeye i\u015faret ediyor.<\/p>\n\n\n\n<p>Y\u0131llard\u0131r Suriye K\u00fcrtlerini b\u00f6lgedeki \u00e7\u0131karlar\u0131 do\u011frultusunda kullanma aray\u0131\u015f\u0131nda olan \u0130srail&#8217;in, bu beklentisinin suya d\u00fc\u015fmesiyle rotas\u0131n\u0131 D\u00fcrzilere \u00e7evirmesi, basit bir taktik de\u011fi\u015fikli\u011finden \u00e7ok \u00f6te, \u00fczerinde titizlikle \u00e7al\u0131\u015f\u0131lm\u0131\u015f, son derece tehlikeli bir stratejinin \u00fcr\u00fcn\u00fcd\u00fcr.<\/p>\n\n\n\n<p>\u0130srail&#8217;in, Suriye&#8217;de bir &#8220;istikrars\u0131zl\u0131k alan\u0131&#8221; yaratma ve bu kaos ortam\u0131ndan faydalanarak n\u00fcfuzunu geni\u015fletme \u00e7abas\u0131 yeni de\u011fil. Ancak bu seferki odak noktas\u0131 olan D\u00fcrziler, b\u00f6lgenin hassas etnik ve dini dengeleri i\u00e7inde \u00f6zel bir konuma sahip.<\/p>\n\n\n\n<p>Tarihsel olarak Suriye, L\u00fcbnan ve \u0130srail&#8217;de da\u011f\u0131n\u0131k halde ya\u015fayan D\u00fcrziler, genellikle bulunduklar\u0131 devletlere sad\u0131k kalm\u0131\u015f ve kendi i\u00e7 i\u015flerine d\u00f6n\u00fck bir yap\u0131 sergilemi\u015flerdir.<\/p>\n\n\n\n<p>Ancak \u0130srail&#8217;in bu toplulu\u011fu kendi jeopolitik hedefleri do\u011frultusunda manip\u00fcle etme giri\u015fimi, mevcut dengeyi alt\u00fcst etme ve Ortado\u011fu&#8217;yu yeni bir \u00e7at\u0131\u015fma d\u00f6ng\u00fcs\u00fcne sokma riskini bar\u0131nd\u0131r\u0131yor.<\/p>\n\n\n\n<p>Peki, \u0130srail neden D\u00fcrzilere y\u00f6neldi?<\/p>\n\n\n\n<p>Suriye K\u00fcrtlerinin, Ankara&#8217;n\u0131n sert tepkisi ve kendi i\u00e7 dinamikleri nedeniyle \u0130srail&#8217;in bekledi\u011fi etkiyi olu\u015fturmamas\u0131, Tel Aviv&#8217;i alternatif aray\u0131\u015flara itti.<\/p>\n\n\n\n<p>D\u00fcrzilerin demografik da\u011f\u0131l\u0131m\u0131, stratejik konumlar\u0131 ve b\u00f6lgedeki di\u011fer akt\u00f6rlerle olan ili\u015fkileri, onlar\u0131 \u0130srail i\u00e7in cazip bir hedef haline getiriyor olabilir. \u0130srail, D\u00fcrziler aras\u0131nda bir ayr\u0131l\u0131k\u00e7\u0131 hareket veya \u00f6zerklik talebi tetikleyerek, Suriye&#8217;nin zaten k\u0131r\u0131lgan olan toprak b\u00fct\u00fcnl\u00fc\u011f\u00fcn\u00fc daha da zay\u0131flatmay\u0131 ve kendi g\u00fcvenlik ku\u015fa\u011f\u0131n\u0131 geni\u015fletmeyi hedefliyor olabilir.<\/p>\n\n\n\n<p>Bu hamlenin sonu\u00e7lar\u0131 sadece Suriye ile s\u0131n\u0131rl\u0131 kalmayacakt\u0131r. Ortado\u011fu&#8217;da zaten L\u00fcbnan&#8217;dan Irak&#8217;a, Yemen&#8217;den Filistin&#8217;e kadar bir\u00e7ok farkl\u0131 cephede \u00e7at\u0131\u015fmalar ya\u015fan\u0131yor. D\u00fcrziler \u00fczerinden yeni bir cephenin a\u00e7\u0131lmas\u0131, mevcut ve potansiyel vekalet sava\u015flar\u0131n\u0131 daha da alevlendirecek, b\u00f6lgesel g\u00fc\u00e7ler aras\u0131ndaki gerilimi t\u0131rmand\u0131racak ve hatta k\u00fcresel akt\u00f6rleri do\u011frudan \u00e7at\u0131\u015fman\u0131n i\u00e7ine \u00e7ekme potansiyeli ta\u015f\u0131yacakt\u0131r.<\/p>\n\n\n\n<p>\u0130ran, Rusya ve T\u00fcrkiye gibi Suriye sahas\u0131nda aktif olan g\u00fc\u00e7lerin bu duruma kay\u0131ts\u0131z kalmas\u0131 beklenemez.<\/p>\n\n\n\n<p>\u0130srail&#8217;in bu stratejisi, sadece b\u00f6lgesel istikrars\u0131zl\u0131\u011f\u0131 derinle\u015ftirmekle kalmayacak, ayn\u0131 zamanda uluslararas\u0131 hukukun temel prensiplerini ve devletlerin egemenlik haklar\u0131n\u0131 da \u00e7i\u011fneyecektir. Bir \u00fclkenin i\u00e7i\u015flerine bu denli m\u00fcdahale etme ve etnik\/dini az\u0131nl\u0131klar\u0131 kendi jeopolitik \u00e7\u0131karlar\u0131 i\u00e7in kullanma giri\u015fimi, uluslararas\u0131 arenada ciddi sonu\u00e7lar do\u011furmal\u0131d\u0131r.<\/p>\n\n\n\n<p>Sonu\u00e7 olarak, \u0130srail&#8217;in D\u00fcrziler \u00fczerinden Suriye&#8217;de bir istikrars\u0131zl\u0131k alan\u0131 olu\u015fturma ve yay\u0131lma giri\u015fimi, Ortado\u011fu&#8217;nun zaten hassas olan dengelerini tamamen alt\u00fcst edecek, b\u00f6lgesel \u00e7at\u0131\u015fmalar\u0131 k\u00fcresel bir boyut kazanma riskine sokacak ve d\u00fcnya bar\u0131\u015f\u0131 i\u00e7in ciddi bir tehdit olu\u015fturacakt\u0131r.<\/p>\n\n\n\n<p>Uluslararas\u0131 toplum, bu tehlikeli stratejiyi durdurmak i\u00e7in derhal harekete ge\u00e7meli, \u0130srail&#8217;in bu provokatif ad\u0131mlar\u0131n\u0131 k\u0131namal\u0131 ve b\u00f6lgedeki t\u00fcm akt\u00f6rleri s\u00fckunete davet etmelidir.<\/p>\n\n\n\n<p>Aksi takdirde, Ortado\u011fu&#8217;da a\u00e7\u0131lacak yeni bir fay hatt\u0131, t\u00fcm d\u00fcnyay\u0131 sarsacak b\u00fcy\u00fckl\u00fckte bir depreme yol a\u00e7abilir.<\/p>\n","protected":false},"excerpt":{"rendered":"<p>Ortado\u011fu, tarih boyunca \u00e7at\u0131\u015fmalar\u0131n ve jeopolitik gerilimlerin eksik olmad\u0131\u011f\u0131 bir co\u011frafya oldu. Ancak son d\u00f6nemde Suriye&#8217;de ya\u015fananlar ve \u0130srail&#8217;in b\u00f6lgeye y\u00f6nelik stratejik hamleleri, sadece b\u00f6lgesel de\u011fil, k\u00fcresel bar\u0131\u015f\u0131 da derinden sarsacak potansiyel bir tehlikeye i\u015faret ediyor.<\/p>\n","protected":false},"author":2,"featured_media":10751,"comment_status":"","ping_status":"","sticky":false,"template":"","format":"aside","meta":{"_jetpack_memberships_contains_paid_content":false,"footnotes":""},"categories":[83],"tags":[],"class_list":["post-10752","post","type-post","status-publish","format-aside","has-post-thumbnail","hentry","category-cevre-ve-politika","post_format-post-format-aside"],"jetpack_featured_media_url":"https:\/\/altinisik.org\/wp-content\/uploads\/2025\/07\/f5daaa6b-7e4e-4507-953a-8818c9dd2073-1.jpg","jetpack_sharing_enabled":true,"_links":{"self":[{"href":"https:\/\/altinisik.org\/index.php?rest_route=\/wp\/v2\/posts\/10752","targetHints":{"allow":["GET"]}}],"collection":[{"href":"https:\/\/altinisik.org\/index.php?rest_route=\/wp\/v2\/posts"}],"about":[{"href":"https:\/\/altinisik.org\/index.php?rest_route=\/wp\/v2\/types\/post"}],"author":[{"embeddable":true,"href":"https:\/\/altinisik.org\/index.php?rest_route=\/wp\/v2\/users\/2"}],"replies":[{"embeddable":true,"href":"https:\/\/altinisik.org\/index.php?rest_route=%2Fwp%2Fv2%2Fcomments&post=10752"}],"version-history":[{"count":0,"href":"https:\/\/altinisik.org\/index.php?rest_route=\/wp\/v2\/posts\/10752\/revisions"}],"wp:featuredmedia":[{"embeddable":true,"href":"https:\/\/altinisik.org\/index.php?rest_route=\/wp\/v2\/media\/10751"}],"wp:attachment":[{"href":"https:\/\/altinisik.org\/index.php?rest_route=%2Fwp%2Fv2%2Fmedia&parent=10752"}],"wp:term":[{"taxonomy":"category","embeddable":true,"href":"https:\/\/altinisik.org\/index.php?rest_route=%2Fwp%2Fv2%2Fcategories&post=10752"},{"taxonomy":"post_tag","embeddable":true,"href":"https:\/\/altinisik.org\/index.php?rest_route=%2Fwp%2Fv2%2Ftags&post=10752"}],"curies":[{"name":"wp","href":"https:\/\/api.w.org\/{rel}","templated":true}]}}