{"id":10750,"date":"2025-07-22T23:29:12","date_gmt":"2025-07-22T21:29:12","guid":{"rendered":"https:\/\/altinisik.org\/?p=10750"},"modified":"2025-07-22T23:29:12","modified_gmt":"2025-07-22T21:29:12","slug":"yeni-yuzyilin-esiginde-turkiye-mirasla-yukselen-donusum","status":"publish","type":"post","link":"https:\/\/altinisik.org\/?p=10750","title":{"rendered":"Yeni Y\u00fczy\u0131l\u0131n E\u015fi\u011finde T\u00fcrkiye: Mirasla Y\u00fckselen D\u00f6n\u00fc\u015f\u00fcm"},"content":{"rendered":"\n<p><\/p>\n\n\n\n<p>T\u00fcrkiye, tarihi sorumlulu\u011fu ve jeopolitik konumu gere\u011fi art\u0131k ka\u00e7\u0131n\u0131lmaz bir d\u00f6n\u00fc\u015f\u00fcm s\u00fcrecine girmi\u015ftir. Bu d\u00f6n\u00fc\u015f\u00fcm, yaln\u0131zca siyasetin y\u00fczeyinde de\u011fil; devletin felsefesinde, milletin hissiyat\u0131nda ve kolektif bilin\u00e7alt\u0131nda kendini g\u00f6stermektedir. Art\u0131k milletimizin zihnine 100 y\u0131l\u0131 a\u015fk\u0131n s\u00fcredir empoze edilmeye \u00e7al\u0131\u015f\u0131lan kal\u0131pla\u015fm\u0131\u015f ve statik devlet anlay\u0131\u015f\u0131n\u0131n sorgulanmas\u0131 ka\u00e7\u0131n\u0131lmazd\u0131r. \u00c7\u00fcnk\u00fc \u00e7a\u011f de\u011fi\u015fmi\u015f, d\u00fcnya yeniden \u015fekillenmekte, milletler art\u0131k yaln\u0131z co\u011frafi de\u011fil, tarihsel ve k\u00fclt\u00fcrel derinlikleriyle yeniden tan\u0131mlanmaktad\u0131r.<\/p>\n\n\n\n<p>&#8220;Ter\u00f6rs\u00fcz bir T\u00fcrkiye&#8221; ideali, sadece g\u00fcvenlik eksenli bir s\u00f6ylem de\u011fil; ayn\u0131 zamanda bu topraklarda ya\u015fayan her bir ferdin adalet, h\u00fcrriyet ve aidiyet temelinde yeniden kucakland\u0131\u011f\u0131 bir gelecek vizyonudur. Bu vizyonun in\u015fas\u0131nda kat\u0131 ideolojik kal\u0131plara, dar g\u00f6r\u00fc\u015fl\u00fc siyasi reflekslere yer yoktur. Aksine, bu yeni T\u00fcrkiye tahayy\u00fcl\u00fc; bin y\u0131ll\u0131k medeniyet birikimimizin, Sel\u00e7uklu\u2019dan Osmanl\u0131\u2019ya ve oradan Cumhuriyet\u2019e uzanan tarih\u00ee s\u00fcreklili\u011fin bir yans\u0131mas\u0131 olarak do\u011fmaktad\u0131r.<\/p>\n\n\n\n<p>Bug\u00fcn, devlet yap\u0131lar\u0131n\u0131n ecdad\u0131n b\u0131rakt\u0131\u011f\u0131 mirasa sadakatle, ancak \u00e7a\u011f\u0131n ruhuna uygun \u015fekilde yeniden in\u015fa edilmesi bir zaruret h\u00e2line gelmi\u015ftir. Zira yenilenmeyen her yap\u0131, zamanla i\u015flevini kaybeder ve tarihin tozlu raflar\u0131nda yerini al\u0131r. T\u00fcrkiye, art\u0131k kendi i\u00e7ine kapanan de\u011fil; kadim hinterland\u0131na uzanan, tarihten ald\u0131\u011f\u0131 misyonu yeniden ku\u015fanan bir vizyona y\u00f6nelmi\u015ftir.<\/p>\n\n\n\n<p>Unutulmamal\u0131d\u0131r ki Misak-\u0131 Milli sadece Anadolu co\u011frafyas\u0131yla s\u0131n\u0131rl\u0131 de\u011fildir. Bu kavram, sadece s\u0131n\u0131rlar\u0131 de\u011fil; ayn\u0131 zamanda milletin g\u00f6n\u00fcl co\u011frafyas\u0131n\u0131, tarihsel haf\u0131zas\u0131n\u0131 ve k\u00fcresel vizyonunu temsil etmektedir. Dolay\u0131s\u0131yla bu yeni d\u00f6nemde in\u015fa edilecek devlet ve toplum d\u00fczeni; milletin mayas\u0131na, k\u00fclt\u00fcrel kodlar\u0131na ve medeniyet de\u011ferlerine uygun bir sistem \u00fczerine bina edilecektir.<\/p>\n\n\n\n<p>Art\u0131k &#8220;Bat\u0131 ne der?&#8221; anlay\u0131\u015f\u0131yla \u015fekillenen politikalar\u0131n yerini, &#8220;T\u00fcrkiye ne der?&#8221; iradesi almaktad\u0131r. Bu, sadece bir retorik de\u011fi\u015fimi de\u011fil; ayn\u0131 zamanda \u00f6znele\u015fen, irade sahibi, stratejik akla dayal\u0131 bir devlet anlay\u0131\u015f\u0131n\u0131n y\u00fckseli\u015fidir. Bu d\u00f6n\u00fc\u015f\u00fcm, belki k\u0131sa vadede tam anlam\u0131yla hissedilmeyebilir; ancak zaman i\u00e7erisinde, t\u0131pk\u0131 ecdad\u0131 gibi \u00fc\u00e7 k\u0131taya sirayet eden, fikriyle y\u00f6n veren, iradesiyle denge kuran bir T\u00fcrkiye\u2019nin do\u011fu\u015funa hep birlikte tan\u0131kl\u0131k edece\u011fiz.<\/p>\n\n\n\n<p>Bu yeni \u00e7a\u011fda art\u0131k herkes, g\u00fc\u00e7l\u00fc, kararl\u0131 ve tarihiyle bar\u0131\u015f\u0131k bir T\u00fcrkiye ger\u00e7e\u011fine al\u0131\u015fmak zorundad\u0131r. Ve in\u015fallah, bu kutlu y\u00fcr\u00fcy\u00fc\u015f\u00fc durdurabilecek hi\u00e7bir g\u00fc\u00e7 kalmayacakt\u0131r.<\/p>\n\n\n\n<figure class=\"wp-block-embed\"><div class=\"wp-block-embed__wrapper\">\nhttps:\/\/arti5tv.com\/kose-yazilari\/yeni_yuzyilin_esiginde_turkiye_mirasla_yukselen_donusum-9184.html\n<\/div><\/figure>\n","protected":false},"excerpt":{"rendered":"<p>T\u00fcrkiye, tarihi sorumlulu\u011fu ve jeopolitik konumu gere\u011fi art\u0131k ka\u00e7\u0131n\u0131lmaz bir d\u00f6n\u00fc\u015f\u00fcm s\u00fcrecine girmi\u015ftir. Bu d\u00f6n\u00fc\u015f\u00fcm, yaln\u0131zca siyasetin y\u00fczeyinde de\u011fil; devletin felsefesinde, milletin hissiyat\u0131nda ve kolektif bilin\u00e7alt\u0131nda kendini g\u00f6stermektedir. Art\u0131k milletimizin zihnine 100 y\u0131l\u0131 a\u015fk\u0131n s\u00fcredir empoze edilmeye \u00e7al\u0131\u015f\u0131lan kal\u0131pla\u015fm\u0131\u015f ve statik devlet anlay\u0131\u015f\u0131n\u0131n sorgulanmas\u0131 ka\u00e7\u0131n\u0131lmazd\u0131r. \u00c7\u00fcnk\u00fc \u00e7a\u011f de\u011fi\u015fmi\u015f, d\u00fcnya yeniden \u015fekillenmekte, milletler art\u0131k yaln\u0131z co\u011frafi de\u011fil, tarihsel ve k\u00fclt\u00fcrel derinlikleriyle yeniden tan\u0131mlanmaktad\u0131r.<\/p>\n","protected":false},"author":2,"featured_media":10749,"comment_status":"","ping_status":"","sticky":false,"template":"","format":"aside","meta":{"_jetpack_memberships_contains_paid_content":false,"footnotes":""},"categories":[83],"tags":[],"class_list":["post-10750","post","type-post","status-publish","format-aside","has-post-thumbnail","hentry","category-cevre-ve-politika","post_format-post-format-aside"],"jetpack_featured_media_url":"https:\/\/altinisik.org\/wp-content\/uploads\/2025\/07\/e2cfc8bc-de29-4469-b6ad-a19d7b5aff76-1.jpg","jetpack_sharing_enabled":true,"_links":{"self":[{"href":"https:\/\/altinisik.org\/index.php?rest_route=\/wp\/v2\/posts\/10750","targetHints":{"allow":["GET"]}}],"collection":[{"href":"https:\/\/altinisik.org\/index.php?rest_route=\/wp\/v2\/posts"}],"about":[{"href":"https:\/\/altinisik.org\/index.php?rest_route=\/wp\/v2\/types\/post"}],"author":[{"embeddable":true,"href":"https:\/\/altinisik.org\/index.php?rest_route=\/wp\/v2\/users\/2"}],"replies":[{"embeddable":true,"href":"https:\/\/altinisik.org\/index.php?rest_route=%2Fwp%2Fv2%2Fcomments&post=10750"}],"version-history":[{"count":0,"href":"https:\/\/altinisik.org\/index.php?rest_route=\/wp\/v2\/posts\/10750\/revisions"}],"wp:featuredmedia":[{"embeddable":true,"href":"https:\/\/altinisik.org\/index.php?rest_route=\/wp\/v2\/media\/10749"}],"wp:attachment":[{"href":"https:\/\/altinisik.org\/index.php?rest_route=%2Fwp%2Fv2%2Fmedia&parent=10750"}],"wp:term":[{"taxonomy":"category","embeddable":true,"href":"https:\/\/altinisik.org\/index.php?rest_route=%2Fwp%2Fv2%2Fcategories&post=10750"},{"taxonomy":"post_tag","embeddable":true,"href":"https:\/\/altinisik.org\/index.php?rest_route=%2Fwp%2Fv2%2Ftags&post=10750"}],"curies":[{"name":"wp","href":"https:\/\/api.w.org\/{rel}","templated":true}]}}