{"id":10747,"date":"2025-07-11T11:21:47","date_gmt":"2025-07-11T09:21:47","guid":{"rendered":"https:\/\/altinisik.org\/?p=10747"},"modified":"2025-07-11T11:21:47","modified_gmt":"2025-07-11T09:21:47","slug":"sessizligin-yikimi-gazze-icin-gec-gelen-feryat","status":"publish","type":"post","link":"https:\/\/altinisik.org\/?p=10747","title":{"rendered":"Sessizli\u011fin Y\u0131k\u0131m\u0131: Gazze \u0130\u00e7in Ge\u00e7 Gelen Feryat"},"content":{"rendered":"\n<p><\/p>\n\n\n\n<p>7 Ekim 2023&#8217;ten bu yana Gazze&#8217;de ya\u015fanan katliamlar, insanl\u0131\u011f\u0131n vicdan\u0131nda derin yaralar a\u00e7maya devam ediyor.<\/p>\n\n\n\n<p>\u0130srail&#8217;in hedef g\u00f6zetmeksizin s\u00fcrd\u00fcrd\u00fc\u011f\u00fc sald\u0131r\u0131lar, binlerce masum can\u0131 aram\u0131zdan ald\u0131, \u015fehirleri harabeye \u00e7evirdi ve milyonlarca insan\u0131 temel ya\u015fam haklar\u0131ndan mahrum b\u0131rakt\u0131.<\/p>\n\n\n\n<p>Bu s\u00fcre\u00e7te, d\u00fcnya kamuoyu \u015fa\u015fk\u0131nl\u0131k ve deh\u015fet i\u00e7inde bu vah\u015feti izlerken, G\u00fcney Afrika gibi baz\u0131 \u00fclkeler hukukun \u00fcst\u00fcnl\u00fc\u011f\u00fcn\u00fc savunarak Uluslararas\u0131 Adalet Divan\u0131&#8217;nda \u0130srail&#8217;e kar\u015f\u0131 soyk\u0131r\u0131m davas\u0131 a\u00e7ma cesaretini g\u00f6sterdi.<\/p>\n\n\n\n<p>Ancak ne yaz\u0131k ki, \u0130slam \u00fclkeleri ve Avrupa&#8217;daki M\u00fcsl\u00fcman topluluklar cephesinden beklenen g\u00fc\u00e7l\u00fc ve birle\u015fik tepki, uzun bir s\u00fcre boyunca gecikmeli ve c\u0131l\u0131z kald\u0131.<\/p>\n\n\n\n<p>Gecikmi\u015f Bir \u00c7\u0131\u011fl\u0131k: Avrupa&#8217;daki M\u00fcsl\u00fcman Topluluklar\u0131n Tepkisi<\/p>\n\n\n\n<p>Tam 641 g\u00fcn sonra, yani 9 Temmuz 2025 tarihinde, Avrupa&#8217;daki \u0130slam dini camialar Br\u00fcksel&#8217;de ortak bir bas\u0131n toplant\u0131s\u0131 d\u00fczenleyerek Gazze&#8217;deki duruma tepki g\u00f6sterdi. Bu gecikmeli tepki, derin bir hayal k\u0131r\u0131kl\u0131\u011f\u0131 ve ac\u0131 verici bir ironi bar\u0131nd\u0131r\u0131yor.<\/p>\n\n\n\n<p>Zira bu bas\u0131n toplant\u0131s\u0131, 57.680&#8217;den fazla can\u0131n yitirildi\u011fi, y\u00fcz binlerce insan\u0131n evsiz kald\u0131\u011f\u0131 ve b\u00f6lgenin insani bir felaketin e\u015fi\u011fine geldi\u011fi bir tablonun ard\u0131ndan geldi.<\/p>\n\n\n\n<p>B\u00f6ylesi kitlesel bir y\u0131k\u0131m\u0131n ard\u0131ndan dile getirilen tepkilerin, ac\u0131n\u0131n ve kayb\u0131n bu denli b\u00fcy\u00fcd\u00fc\u011f\u00fc bir noktada ne kadar anlam ifade etti\u011fi sorgulanmal\u0131d\u0131r.<\/p>\n\n\n\n<p>&#8220;Tepkiler zaman\u0131nda yap\u0131l\u0131rsa etkili olur. Zamans\u0131z tepkinin hi\u00e7bir k\u0131ymet-i harbiyesi yoktur&#8221; s\u00f6z\u00fc, bu ac\u0131 ger\u00e7e\u011fi \u00e7arp\u0131c\u0131 bir \u015fekilde ortaya koyuyor.<\/p>\n\n\n\n<p>\u0130slam \u00dclkelerinin Sorumlulu\u011fu ve S\u0131nav\u0131<\/p>\n\n\n\n<p>Gazze&#8217;deki insani kriz kar\u015f\u0131s\u0131nda, bireysel k\u0131namalar d\u0131\u015f\u0131nda elle tutulur herhangi bir tepki g\u00f6stermeyen \u0130slam \u00fclkelerinin durumu da benzer \u015fekilde ele\u015ftiriye a\u00e7\u0131kt\u0131r.<\/p>\n\n\n\n<p>B\u00f6lgedeki siyasi ve ekonomik g\u00fc\u00e7 dengeleri ne olursa olsun, ortak bir \u0130slam vicdan\u0131 ve dayan\u0131\u015fmas\u0131 ruhuyla hareket edilmesi beklenirdi.<\/p>\n\n\n\n<p>Ancak maalesef, \u00e7o\u011fu \u0130slam \u00fclkesi, diplomatik s\u00f6ylemlerin \u00f6tesine ge\u00e7emeyerek, Gazze halk\u0131n\u0131n yan\u0131nda durma konusunda s\u0131n\u0131fta kalm\u0131\u015ft\u0131r. Bu durum, sadece Gazze&#8217;ye kar\u015f\u0131 de\u011fil, ayn\u0131 zamanda k\u00fcresel d\u00fczeyde adaletsizliklere kar\u015f\u0131 duru\u015f sergileme yetene\u011fi konusunda da ciddi soru i\u015faretleri do\u011furmaktad\u0131r.<\/p>\n\n\n\n<p>Etkin Tepkinin Zamanlamas\u0131 ve \u00d6nemi<\/p>\n\n\n\n<p>Tepkinin g\u00fcc\u00fc, sadece i\u00e7eri\u011fiyle de\u011fil, ayn\u0131 zamanda zamanlamas\u0131yla da do\u011frudan ili\u015fkilidir.<\/p>\n\n\n\n<p>Bir haks\u0131zl\u0131k kar\u015f\u0131s\u0131nda an\u0131nda, g\u00fc\u00e7l\u00fc ve organize bir \u015fekilde verilen tepki, hem ma\u011fdurlara umut verir hem de failleri cayd\u0131rabilir.<\/p>\n\n\n\n<p>Ne var ki, Gazze&#8217;deki vah\u015fetin boyutlar\u0131 her ge\u00e7en g\u00fcn artarken, \u0130slam d\u00fcnyas\u0131n\u0131n ve Avrupa&#8217;daki M\u00fcsl\u00fcman topluluklar\u0131n g\u00f6sterdi\u011fi gecikmeli ve par\u00e7a par\u00e7a tepkiler, bu trajedinin \u00f6nlenmesinde veya hafifletilmesinde yeterince etkili olamad\u0131.<\/p>\n\n\n\n<p>Bu durum, uluslararas\u0131 arenada \u0130slam d\u00fcnyas\u0131n\u0131n ve M\u00fcsl\u00fcman topluluklar\u0131n siyasi a\u011f\u0131rl\u0131\u011f\u0131n\u0131 ve moral otoritesini sorgulat\u0131r hale getirmi\u015ftir.<\/p>\n\n\n\n<p>Gelece\u011fe Y\u00f6nelik Dersler<\/p>\n\n\n\n<p>Gazze&#8217;de ya\u015fananlar, sadece bir co\u011frafyan\u0131n de\u011fil, t\u00fcm insanl\u0131\u011f\u0131n vicdan\u0131n\u0131 kanatan bir yara olmu\u015ftur. Bu s\u00fcre\u00e7te ya\u015fananlar, bize \u00f6nemli dersler sunmaktad\u0131r:<\/p>\n\n\n\n<p>\u2022 Zaman\u0131nda Tepkinin Hayati \u00d6nemi: Herhangi bir zulme kar\u015f\u0131 durmak i\u00e7in do\u011fru zaman, zulm\u00fcn ba\u015flad\u0131\u011f\u0131 and\u0131r. Gecikmi\u015f tepkiler, trajedinin boyutunu de\u011fi\u015ftirmekte yetersiz kal\u0131r.<br \/>\u2022 Birlik ve Organizasyonun G\u00fcc\u00fc: Da\u011f\u0131n\u0131k ve bireysel tepkiler yerine, birle\u015fik ve organize bir duru\u015f sergilemek, uluslararas\u0131 kamuoyunda daha fazla etki yarat\u0131r.<br \/>\u2022 Siyasi ve Ahlaki Sorumluluk: \u00d6zellikle \u0130slam \u00fclkeleri ve M\u00fcsl\u00fcman topluluklar, dini ve ahlaki sorumluluklar\u0131n\u0131n bir gere\u011fi olarak, mazlumlar\u0131n yan\u0131nda durma ve adaleti savunma konusunda daha aktif ve belirleyici bir rol \u00fcstlenmelidir.<\/p>\n\n\n\n<p>Sonu\u00e7 olarak, Gazze&#8217;de ya\u015fanan katliamlar ve buna kar\u015f\u0131 g\u00f6sterilen gecikmi\u015f tepkiler, bizlere \u00e7ok ac\u0131 bir ders vermi\u015ftir. Bu ders, sadece Gazze i\u00e7in de\u011fil, gelecekte ya\u015fanabilecek benzer insani krizler i\u00e7in de bir uyar\u0131 niteli\u011findedir.<\/p>\n\n\n\n<p>Sessizli\u011fin ve gecikmenin y\u0131k\u0131c\u0131 sonu\u00e7lar\u0131, bir kez daha t\u00fcm \u00e7\u0131plakl\u0131\u011f\u0131yla g\u00f6zler \u00f6n\u00fcne serilmi\u015ftir.<\/p>\n\n\n\n<p>Art\u0131k ders \u00e7\u0131karman\u0131n ve gelecekte benzer hatalara d\u00fc\u015fmemek ad\u0131na daha aktif, daha cesur ve daha birle\u015fik bir duru\u015f sergilemenin zaman\u0131d\u0131r. Aksi takdirde, vicdan\u0131m\u0131zdaki bu kanayan yara, nesiller boyu iyile\u015fmeyecek bir utan\u00e7 kayna\u011f\u0131 olarak kalacakt\u0131r.<\/p>\n\n\n\n<figure class=\"wp-block-embed\"><div class=\"wp-block-embed__wrapper\">\nhttps:\/\/arti5tv.com\/kose-yazilari\/sessizligin_yikimi_gazze_icin_gec_gelen_feryat-9181.html\n<\/div><\/figure>\n","protected":false},"excerpt":{"rendered":"<p>7 Ekim 2023&#8217;ten bu yana Gazze&#8217;de ya\u015fanan katliamlar, insanl\u0131\u011f\u0131n vicdan\u0131nda derin yaralar a\u00e7maya devam ediyor.<\/p>\n","protected":false},"author":2,"featured_media":10746,"comment_status":"","ping_status":"","sticky":false,"template":"","format":"aside","meta":{"_jetpack_memberships_contains_paid_content":false,"footnotes":""},"categories":[83,4],"tags":[],"class_list":["post-10747","post","type-post","status-publish","format-aside","has-post-thumbnail","hentry","category-cevre-ve-politika","category-sivil-toplum-hareketi","post_format-post-format-aside"],"jetpack_featured_media_url":"https:\/\/altinisik.org\/wp-content\/uploads\/2025\/07\/0a1e2216-9332-4ebd-871b-cfd0e2929b8e-1.jpg","jetpack_sharing_enabled":true,"_links":{"self":[{"href":"https:\/\/altinisik.org\/index.php?rest_route=\/wp\/v2\/posts\/10747","targetHints":{"allow":["GET"]}}],"collection":[{"href":"https:\/\/altinisik.org\/index.php?rest_route=\/wp\/v2\/posts"}],"about":[{"href":"https:\/\/altinisik.org\/index.php?rest_route=\/wp\/v2\/types\/post"}],"author":[{"embeddable":true,"href":"https:\/\/altinisik.org\/index.php?rest_route=\/wp\/v2\/users\/2"}],"replies":[{"embeddable":true,"href":"https:\/\/altinisik.org\/index.php?rest_route=%2Fwp%2Fv2%2Fcomments&post=10747"}],"version-history":[{"count":0,"href":"https:\/\/altinisik.org\/index.php?rest_route=\/wp\/v2\/posts\/10747\/revisions"}],"wp:featuredmedia":[{"embeddable":true,"href":"https:\/\/altinisik.org\/index.php?rest_route=\/wp\/v2\/media\/10746"}],"wp:attachment":[{"href":"https:\/\/altinisik.org\/index.php?rest_route=%2Fwp%2Fv2%2Fmedia&parent=10747"}],"wp:term":[{"taxonomy":"category","embeddable":true,"href":"https:\/\/altinisik.org\/index.php?rest_route=%2Fwp%2Fv2%2Fcategories&post=10747"},{"taxonomy":"post_tag","embeddable":true,"href":"https:\/\/altinisik.org\/index.php?rest_route=%2Fwp%2Fv2%2Ftags&post=10747"}],"curies":[{"name":"wp","href":"https:\/\/api.w.org\/{rel}","templated":true}]}}