{"id":10738,"date":"2025-07-01T15:01:32","date_gmt":"2025-07-01T13:01:32","guid":{"rendered":"https:\/\/altinisik.org\/?p=10738"},"modified":"2025-07-01T15:01:32","modified_gmt":"2025-07-01T13:01:32","slug":"turkiyenin-havacilikta-yukselisi-stratejik-hamleler-ve-kuresel-yankilar","status":"publish","type":"post","link":"https:\/\/altinisik.org\/?p=10738","title":{"rendered":"T\u00fcrkiye&#8217;nin Havac\u0131l\u0131kta Y\u00fckseli\u015fi: Stratejik Hamleler ve K\u00fcresel Yank\u0131lar"},"content":{"rendered":"\n<p><\/p>\n\n\n\n<p>Son y\u0131llarda T\u00fcrkiye, savunma sanayii ve havac\u0131l\u0131k alan\u0131nda att\u0131\u011f\u0131 cesur ve stratejik ad\u0131mlarla k\u00fcresel sahnede \u00f6nemli bir oyuncu haline gelmi\u015ftir.<\/p>\n\n\n\n<p>Geleneksel tedarik\u00e7i-al\u0131c\u0131 ili\u015fkilerinin \u00f6tesine ge\u00e7en bu d\u00f6n\u00fc\u015f\u00fcm, yaln\u0131zca T\u00fcrkiye&#8217;nin kendi ihtiya\u00e7lar\u0131n\u0131 kar\u015f\u0131lama kapasitesini art\u0131rmakla kalmam\u0131\u015f, ayn\u0131 zamanda uluslararas\u0131 dengeleri de etkileyen bir fark\u0131ndal\u0131k yaratm\u0131\u015ft\u0131r. S-400 hava savunma sistemleri, F-35 sava\u015f u\u00e7aklar\u0131 etraf\u0131ndaki tart\u0131\u015fmalar, Eurofighter Typhoon potansiyeli ve \u00f6zellikle insans\u0131z hava ara\u00e7lar\u0131 (\u0130HA\/S\u0130HA) konusundaki \u00e7\u0131\u011f\u0131r a\u00e7\u0131c\u0131 geli\u015fmeler, bu y\u00fckseli\u015fin somut i\u015faretleridir.<\/p>\n\n\n\n<p>Bu tabloya son eklenen ve T\u00fcrkiye&#8217;nin havac\u0131l\u0131kta ba\u011f\u0131ms\u0131zl\u0131k aray\u0131\u015f\u0131n\u0131n zirvesi olarak nitelendirilebilecek KAAN sava\u015f u\u00e7a\u011f\u0131 projesi de gelece\u011fe dair umutlar\u0131 peki\u015ftirmektedir.<\/p>\n\n\n\n<p>S-400 ve F-35 \u00c7\u0131kmaz\u0131: Bir D\u00f6n\u00fcm Noktas\u0131<\/p>\n\n\n\n<p>T\u00fcrkiye&#8217;nin Rusya&#8217;dan S-400 hava savunma sistemlerini tedarik etme karar\u0131, Bat\u0131l\u0131 m\u00fcttefikler, \u00f6zellikle de ABD ile ili\u015fkilerinde bir d\u00f6n\u00fcm noktas\u0131 olmu\u015ftur. Bu ad\u0131m, T\u00fcrkiye&#8217;nin ulusal \u00e7\u0131karlar\u0131n\u0131 merkeze alan ve tek kutuplu ba\u011f\u0131ml\u0131l\u0131ktan s\u0131yr\u0131lma aray\u0131\u015f\u0131n\u0131n bir g\u00f6stergesi olarak yorumlanm\u0131\u015ft\u0131r. S-400 al\u0131m\u0131, T\u00fcrkiye&#8217;nin F-35 M\u00fc\u015fterek Taarruz U\u00e7a\u011f\u0131 program\u0131ndan \u00e7\u0131kar\u0131lmas\u0131na yol a\u00e7m\u0131\u015f olsa da, bu durum T\u00fcrkiye&#8217;yi kendi alternatiflerini geli\u015ftirmeye veya ba\u015fka i\u015fbirliklerine y\u00f6nelmeye itmi\u015ftir.<\/p>\n\n\n\n<p>Bu kriz, T\u00fcrkiye&#8217;nin egemenlik ve savunma sanayii kapasitesini g\u00fc\u00e7lendirme kararl\u0131l\u0131\u011f\u0131n\u0131 peki\u015ftirmi\u015ftir. Ancak son d\u00f6nemde, F-35 program\u0131na geri d\u00f6nme ihtimaline dair baz\u0131 olumlu sinyallerin gelmesi, T\u00fcrkiye&#8217;nin diplomatik kanallar\u0131 aktif tuttu\u011funu ve uzun vadeli stratejik m\u00fcttefiklik ili\u015fkilerini de g\u00f6z ard\u0131 etmedi\u011fini g\u00f6stermektedir.<\/p>\n\n\n\n<p>Eurofighter Typhoon ve Alternatif Aray\u0131\u015flar\u0131<\/p>\n\n\n\n<p>F-35 program\u0131ndan \u00e7\u0131kar\u0131lman\u0131n ard\u0131ndan T\u00fcrkiye, hava g\u00fcc\u00fcn\u00fc modernle\u015ftirme ihtiyac\u0131n\u0131 kar\u015f\u0131lamak i\u00e7in \u00e7e\u015fitli alternatifleri de\u011ferlendirmeye alm\u0131\u015ft\u0131r. Bu ba\u011flamda, Eurofighter Typhoon sava\u015f u\u00e7aklar\u0131 g\u00fcndeme gelmi\u015f ve bu konuda \u0130ngiltere ile yap\u0131lan g\u00f6r\u00fc\u015fmeler dikkat \u00e7ekmi\u015ftir. Bu g\u00f6r\u00fc\u015fmelerin olumlu bir seyir izlemesi, T\u00fcrkiye&#8217;nin sadece tek bir tedarik\u00e7i veya platforma ba\u011f\u0131ml\u0131 kalmak yerine, \u00e7ok y\u00f6nl\u00fc bir tedarik stratejisi izledi\u011fini ortaya koymaktad\u0131r.<\/p>\n\n\n\n<p>Eurofighter, teknolojik kapasitesi ve NATO uyumlulu\u011fu a\u00e7\u0131s\u0131ndan T\u00fcrkiye i\u00e7in \u00f6nemli bir se\u00e7enek sunmaktad\u0131r. Bu t\u00fcr aray\u0131\u015flar, T\u00fcrkiye&#8217;nin savunma tedarikinde \u00e7ok y\u00f6nl\u00fc bir yakla\u015f\u0131m benimsedi\u011fini ve stratejik esnekli\u011fini korudu\u011funu g\u00f6stermektedir.<\/p>\n\n\n\n<p>KAAN Sava\u015f U\u00e7a\u011f\u0131: Milli ve Yerli Gurur<\/p>\n\n\n\n<p>T\u00fcrkiye&#8217;nin havac\u0131l\u0131kta att\u0131\u011f\u0131 en iddial\u0131 ve stratejik ad\u0131mlardan biri, hi\u00e7 \u015f\u00fcphesiz KAAN sava\u015f u\u00e7a\u011f\u0131 projesidir. Be\u015finci nesil sava\u015f u\u00e7a\u011f\u0131 olarak tasarlanan KAAN, T\u00fcrk m\u00fchendislik ve teknoloji kabiliyetlerinin bir g\u00f6stergesidir. \u0130lk u\u00e7u\u015funu ba\u015far\u0131yla ger\u00e7ekle\u015ftirmesiyle birlikte d\u00fcnya g\u00fcndemine oturan KAAN, T\u00fcrkiye&#8217;nin kendi muharip u\u00e7a\u011f\u0131n\u0131 tasarlama, geli\u015ftirme ve \u00fcretme kapasitesini simgelemektedir. Bu proje, T\u00fcrkiye&#8217;nin gelecekteki hava kuvvetlerinin omurgas\u0131n\u0131 olu\u015fturmay\u0131 hedeflemenin yan\u0131 s\u0131ra, savunma sanayiinde tam ba\u011f\u0131ms\u0131zl\u0131k hedefine ula\u015fma yolunda at\u0131lm\u0131\u015f dev bir ad\u0131md\u0131r.<\/p>\n\n\n\n<p>KAAN, sadece askeri bir platform olman\u0131n \u00f6tesinde, T\u00fcrkiye&#8217;nin teknolojik \u00f6zg\u00fcvenini ve uluslararas\u0131 arenadaki konumunu g\u00fc\u00e7lendiren bir prestij projesidir.<\/p>\n\n\n\n<p>\u0130HA\/S\u0130HA Devrimi: Oyun De\u011fi\u015ftiren G\u00fc\u00e7<\/p>\n\n\n\n<p>T\u00fcrkiye&#8217;nin havac\u0131l\u0131k alan\u0131ndaki en \u00e7arp\u0131c\u0131 ba\u015far\u0131s\u0131 \u015f\u00fcphesiz insans\u0131z hava ara\u00e7lar\u0131 (\u0130HA) ve silahl\u0131 insans\u0131z hava ara\u00e7lar\u0131 (S\u0130HA) programlar\u0131d\u0131r. Bayraktar TB2 ve Ak\u0131nc\u0131 gibi platformlar, Suriye, Libya, Karaba\u011f ve Ukrayna gibi farkl\u0131 co\u011frafyalardaki \u00e7at\u0131\u015fmalarda etkinli\u011fini kan\u0131tlam\u0131\u015f ve askeri doktrinlerde devrim niteli\u011finde de\u011fi\u015fikliklere yol a\u00e7m\u0131\u015ft\u0131r. Bu platformlar, d\u00fc\u015f\u00fck maliyetle y\u00fcksek operasyonel etkinlik sa\u011flamas\u0131, asimetrik tehditlere kar\u015f\u0131 cayd\u0131r\u0131c\u0131l\u0131k olu\u015fturmas\u0131 ve T\u00fcrkiye&#8217;nin kendi g\u00f6be\u011fini kesme kapasitesini art\u0131rmas\u0131 a\u00e7\u0131s\u0131ndan kritik \u00f6neme sahiptir. \u0130HA\/S\u0130HA teknolojisindeki bu liderlik, T\u00fcrkiye&#8217;yi k\u00fcresel savunma pazar\u0131nda \u00f6nemli bir ihracat\u00e7\u0131 konumuna getirmi\u015f ve bir\u00e7ok \u00fclkenin ilgisini \u00e7ekmi\u015ftir.<\/p>\n\n\n\n<p>Demir Kubbe ve T\u00fcrkiye&#8217;nin Hava Savunma Doktrini<br \/>&#8220;Demir Kubbe&#8221; ifadesi, \u0130srail&#8217;in f\u00fcze savunma sistemini akla getirse de, T\u00fcrkiye&#8217;nin kendi hava savunma \u015femsiyesini g\u00fc\u00e7lendirme \u00e7abalar\u0131 da dikkat \u00e7ekicidir. S-400&#8217;lerin yan\u0131 s\u0131ra, yerli ve milli imkanlarla geli\u015ftirilen H\u0130SAR ailesi ve Siper gibi hava savunma sistemleri, T\u00fcrkiye&#8217;nin katmanl\u0131 ve entegre bir hava savunma a\u011f\u0131 kurma hedefinin par\u00e7as\u0131d\u0131r.<\/p>\n\n\n\n<p>Bu sistemler, T\u00fcrkiye&#8217;nin hava sahas\u0131 g\u00fcvenli\u011fini maksimize etmeyi ve potansiyel tehditlere kar\u015f\u0131 cayd\u0131r\u0131c\u0131l\u0131\u011f\u0131n\u0131 art\u0131rmay\u0131 ama\u00e7lamaktad\u0131r.<\/p>\n\n\n\n<p>T\u00fcrkiye&#8217;nin havac\u0131l\u0131k ve savunma sanayii alan\u0131ndaki bu ilerlemeleri, b\u00f6lgesel ve k\u00fcresel g\u00fc\u00e7 dengeleri \u00fczerinde \u00f6nemli etkiler olu\u015fturmaktad\u0131r.<\/p>\n\n\n\n<p>KAAN gibi milli projelerin yan\u0131 s\u0131ra, F-35 ve Eurofighter Typhoon gibi potansiyel i\u015fbirlikleri, T\u00fcrkiye&#8217;nin \u00e7ok y\u00f6nl\u00fc ve esnek bir savunma stratejisi izledi\u011fini g\u00f6stermektedir.<\/p>\n\n\n\n<p>Kendi kendine yeterlilik, teknolojik ba\u011f\u0131ms\u0131zl\u0131k ve stratejik \u00f6zerklik aray\u0131\u015f\u0131, T\u00fcrkiye&#8217;yi uluslararas\u0131 arenada daha g\u00fc\u00e7l\u00fc ve s\u00f6z sahibi bir akt\u00f6r haline getirmektedir.<\/p>\n\n\n\n<p>Bu s\u00fcre\u00e7, sadece askeri kapasitenin artmas\u0131 anlam\u0131na gelmemekte, ayn\u0131 zamanda T\u00fcrkiye&#8217;nin d\u0131\u015f politikas\u0131nda da daha proaktif ve ba\u011f\u0131ms\u0131z bir duru\u015f sergilemesini sa\u011flamaktad\u0131r. T\u00fcrkiye&#8217;nin bu alandaki kararl\u0131l\u0131\u011f\u0131 ve yat\u0131r\u0131mlar\u0131, \u00f6n\u00fcm\u00fczdeki y\u0131llarda da dikkatle takip edilmeye devam edecektir.<\/p>\n","protected":false},"excerpt":{"rendered":"<p>Son y\u0131llarda T\u00fcrkiye, savunma sanayii ve havac\u0131l\u0131k alan\u0131nda att\u0131\u011f\u0131 cesur ve stratejik ad\u0131mlarla k\u00fcresel sahnede \u00f6nemli bir oyuncu haline gelmi\u015ftir.<\/p>\n","protected":false},"author":2,"featured_media":10737,"comment_status":"closed","ping_status":"","sticky":false,"template":"","format":"aside","meta":{"_jetpack_memberships_contains_paid_content":false,"footnotes":""},"categories":[83,84],"tags":[],"class_list":["post-10738","post","type-post","status-publish","format-aside","has-post-thumbnail","hentry","category-cevre-ve-politika","category-genel-haberler","post_format-post-format-aside"],"jetpack_featured_media_url":"https:\/\/altinisik.org\/wp-content\/uploads\/2025\/07\/29d16023-8c94-40a3-927a-0b2c6ab51d89-2-1.jpg","jetpack_sharing_enabled":true,"_links":{"self":[{"href":"https:\/\/altinisik.org\/index.php?rest_route=\/wp\/v2\/posts\/10738","targetHints":{"allow":["GET"]}}],"collection":[{"href":"https:\/\/altinisik.org\/index.php?rest_route=\/wp\/v2\/posts"}],"about":[{"href":"https:\/\/altinisik.org\/index.php?rest_route=\/wp\/v2\/types\/post"}],"author":[{"embeddable":true,"href":"https:\/\/altinisik.org\/index.php?rest_route=\/wp\/v2\/users\/2"}],"replies":[{"embeddable":true,"href":"https:\/\/altinisik.org\/index.php?rest_route=%2Fwp%2Fv2%2Fcomments&post=10738"}],"version-history":[{"count":1,"href":"https:\/\/altinisik.org\/index.php?rest_route=\/wp\/v2\/posts\/10738\/revisions"}],"predecessor-version":[{"id":10739,"href":"https:\/\/altinisik.org\/index.php?rest_route=\/wp\/v2\/posts\/10738\/revisions\/10739"}],"wp:featuredmedia":[{"embeddable":true,"href":"https:\/\/altinisik.org\/index.php?rest_route=\/wp\/v2\/media\/10737"}],"wp:attachment":[{"href":"https:\/\/altinisik.org\/index.php?rest_route=%2Fwp%2Fv2%2Fmedia&parent=10738"}],"wp:term":[{"taxonomy":"category","embeddable":true,"href":"https:\/\/altinisik.org\/index.php?rest_route=%2Fwp%2Fv2%2Fcategories&post=10738"},{"taxonomy":"post_tag","embeddable":true,"href":"https:\/\/altinisik.org\/index.php?rest_route=%2Fwp%2Fv2%2Ftags&post=10738"}],"curies":[{"name":"wp","href":"https:\/\/api.w.org\/{rel}","templated":true}]}}