{"id":10735,"date":"2025-07-01T14:57:08","date_gmt":"2025-07-01T12:57:08","guid":{"rendered":"https:\/\/altinisik.org\/?p=10735"},"modified":"2025-07-01T14:57:08","modified_gmt":"2025-07-01T12:57:08","slug":"adaletin-golgesinde-bir-siyaset-tiyatrosu","status":"publish","type":"post","link":"https:\/\/altinisik.org\/?p=10735","title":{"rendered":"Adaletin G\u00f6lgesinde Bir Siyaset Tiyatrosu"},"content":{"rendered":"\n<p><\/p>\n\n\n\n<p>Bir zamanlar Ankara\u2019dan \u0130stanbul\u2019a \u201cadalet\u201d i\u00e7in y\u00fcr\u00fcyen bir lider vard\u0131. Koca bir y\u00fcr\u00fcy\u00fc\u015f, binlerce ad\u0131m, milyonlar\u0131n umutla izledi\u011fi bir yolculuk\u2026 O y\u00fcr\u00fcy\u00fc\u015f\u00fcn ad\u0131 \u201cAdalet\u201dti, ama bug\u00fcn geldi\u011fimiz noktada ayn\u0131 liderin tekrar o koltu\u011fa muhtemel oturmas\u0131n\u0131 sa\u011flayan \u015fey yine &#8220;adalet&#8221; sistemi olacak. Ne garip tecelli de\u011fil mi?<\/p>\n\n\n\n<p>Kemal K\u0131l\u0131\u00e7daro\u011flu, bug\u00fcn kendi partisindeki usuls\u00fczl\u00fck iddialar\u0131n\u0131n g\u00f6lgesinde yeniden genel ba\u015fkanl\u0131k koltu\u011funa do\u011fru bir hamle i\u00e7inde. Bu sefer adalet sisteminin verdi\u011fi kararlar sayesinde. Ne yaman \u00e7eli\u015fki\u2026 D\u00fcne kadar \u201c\u00fclkede adalet yok\u201d s\u00f6ylemini bayrakla\u015ft\u0131ranlar\u0131n, bug\u00fcn kendi koltuk m\u00fccadelelerinde adaletin g\u00f6lgesine s\u0131\u011f\u0131nmalar\u0131 manidar de\u011fil de nedir?<\/p>\n\n\n\n<p>Ancak as\u0131l soru \u015fu: 30 Haziran\u2019da e\u011fer yarg\u0131 \u201cmutlak butlan\u201d derse, yani kurultay\u0131n ge\u00e7ersizli\u011fini ilan ederse, K\u0131l\u0131\u00e7daro\u011flu ne yapacak? \u201cBen haks\u0131z yere indirildim ama olsun, beni indirenler yine kaptan k\u00f6\u015fk\u00fcnde otursun\u201d mu diyecek? Bu sorunun cevab\u0131 sadece CHP\u2019nin de\u011fil, T\u00fcrk siyasetinin gelece\u011fi a\u00e7\u0131s\u0131ndan da \u00f6nemli.<\/p>\n\n\n\n<p>Dahas\u0131 var: Mevcut y\u00f6netim, olas\u0131 bir yenilgiye kar\u015f\u0131 B ve C planlar\u0131n\u0131 haz\u0131rl\u0131yor. Yeni stratejiler haz\u0131r, yeni isimler rafta. K\u0131l\u0131\u00e7daro\u011flu olmazsa Muharrem \u0130nce olsun; yeter ki Ekrem \u0130mamo\u011flu&#8217;nun \u00f6n\u00fc kesilsin anlay\u0131\u015f\u0131, parti i\u00e7i hiziplerin ne kadar derinle\u015fti\u011fini g\u00f6zler \u00f6n\u00fcne seriyor. D\u00fcn Ekremci olanlar\u0131n, yar\u0131n Muharremci olmas\u0131na kimse \u015fa\u015f\u0131rmas\u0131n. Bu cephe art\u0131k sabit fikirli de\u011fil, sabit koltuklu. Kimin neyi savundu\u011funun bir \u00f6nemi yok; \u00f6nemli olan kimin hangi sandalyeye oturaca\u011f\u0131.<\/p>\n\n\n\n<p>Bu yap\u0131 art\u0131k iflas etmi\u015ftir. Ne milletin de\u011ferlerine, ne de co\u011frafyan\u0131n ger\u00e7eklerine s\u00f6yleyecek s\u00f6z\u00fc kalm\u0131\u015ft\u0131r. Nas\u0131l ki insan bedenindeki kangrenli uzuv tedavi edilemezse, kesilip at\u0131l\u0131rsa; bu siyasi yap\u0131 da art\u0131k sa\u011fl\u0131kl\u0131 bir sistemin par\u00e7as\u0131 olamaz. \u00c7\u00fcnk\u00fc \u00e7\u00fcr\u00fcm\u00fc\u015f yap\u0131, sadece kendi kendini t\u00fcketmekle kalmaz; ba\u011fl\u0131 oldu\u011fu b\u00fcnyeyi de zehirler.<\/p>\n\n\n\n<p>Bu \u00fclkenin ve bu milletin, art\u0131k k\u00f6hnemi\u015f sloganlara de\u011fil; yerli, milli ve ilkeli bir muhalefete ihtiyac\u0131 var. Samimiyetle milletin derdini dert eden, g\u00fcn\u00fc kurtarmaya de\u011fil, yar\u0131n\u0131 in\u015fa etmeye \u00e7al\u0131\u015fan bir anlay\u0131\u015fa ihtiya\u00e7 var.<br \/>\u00d6n\u00fcm\u00fczdeki g\u00fcnler, bu ihtiyac\u0131n nas\u0131l ve kimler taraf\u0131ndan kar\u015f\u0131lanaca\u011f\u0131na dair \u00f6nemli i\u015faretler verecek. Ama \u015fu bir ger\u00e7ek: T\u00fcrkiye, ge\u00e7mi\u015fin bagajlar\u0131ndan ar\u0131nm\u0131\u015f, yeni bir siyasal s\u00f6yleme ve yeni bir muhalefet ruhuna gebedir.<\/p>\n\n\n\n<p>Ve unutulmamal\u0131d\u0131r ki, adalet yaln\u0131zca y\u00fcr\u00fcmekle de\u011fil, onu ger\u00e7ekten ya\u015famakla m\u00fcmk\u00fcnd\u00fcr.<\/p>\n","protected":false},"excerpt":{"rendered":"<p>Bir zamanlar Ankara\u2019dan \u0130stanbul\u2019a \u201cadalet\u201d i\u00e7in y\u00fcr\u00fcyen bir lider vard\u0131. Koca bir y\u00fcr\u00fcy\u00fc\u015f, binlerce ad\u0131m, milyonlar\u0131n umutla izledi\u011fi bir yolculuk\u2026 O y\u00fcr\u00fcy\u00fc\u015f\u00fcn ad\u0131 \u201cAdalet\u201dti, ama bug\u00fcn geldi\u011fimiz noktada ayn\u0131 liderin tekrar o koltu\u011fa muhtemel oturmas\u0131n\u0131 sa\u011flayan \u015fey yine &#8220;adalet&#8221; sistemi olacak. Ne garip tecelli de\u011fil mi?<\/p>\n","protected":false},"author":2,"featured_media":10734,"comment_status":"","ping_status":"","sticky":false,"template":"","format":"aside","meta":{"_jetpack_memberships_contains_paid_content":false,"footnotes":""},"categories":[83],"tags":[],"class_list":["post-10735","post","type-post","status-publish","format-aside","has-post-thumbnail","hentry","category-cevre-ve-politika","post_format-post-format-aside"],"jetpack_featured_media_url":"https:\/\/altinisik.org\/wp-content\/uploads\/2025\/07\/7c2b5880-398f-4c05-858c-961b3727c51e-1.jpg","jetpack_sharing_enabled":true,"_links":{"self":[{"href":"https:\/\/altinisik.org\/index.php?rest_route=\/wp\/v2\/posts\/10735","targetHints":{"allow":["GET"]}}],"collection":[{"href":"https:\/\/altinisik.org\/index.php?rest_route=\/wp\/v2\/posts"}],"about":[{"href":"https:\/\/altinisik.org\/index.php?rest_route=\/wp\/v2\/types\/post"}],"author":[{"embeddable":true,"href":"https:\/\/altinisik.org\/index.php?rest_route=\/wp\/v2\/users\/2"}],"replies":[{"embeddable":true,"href":"https:\/\/altinisik.org\/index.php?rest_route=%2Fwp%2Fv2%2Fcomments&post=10735"}],"version-history":[{"count":0,"href":"https:\/\/altinisik.org\/index.php?rest_route=\/wp\/v2\/posts\/10735\/revisions"}],"wp:featuredmedia":[{"embeddable":true,"href":"https:\/\/altinisik.org\/index.php?rest_route=\/wp\/v2\/media\/10734"}],"wp:attachment":[{"href":"https:\/\/altinisik.org\/index.php?rest_route=%2Fwp%2Fv2%2Fmedia&parent=10735"}],"wp:term":[{"taxonomy":"category","embeddable":true,"href":"https:\/\/altinisik.org\/index.php?rest_route=%2Fwp%2Fv2%2Fcategories&post=10735"},{"taxonomy":"post_tag","embeddable":true,"href":"https:\/\/altinisik.org\/index.php?rest_route=%2Fwp%2Fv2%2Ftags&post=10735"}],"curies":[{"name":"wp","href":"https:\/\/api.w.org\/{rel}","templated":true}]}}