{"id":10733,"date":"2025-06-27T09:10:26","date_gmt":"2025-06-27T07:10:26","guid":{"rendered":"https:\/\/altinisik.org\/?p=10733"},"modified":"2025-06-27T09:10:26","modified_gmt":"2025-06-27T07:10:26","slug":"ozgur-ozelin-rotasi-nereye-gidiyor-bu-geminin-kaptani","status":"publish","type":"post","link":"https:\/\/altinisik.org\/?p=10733","title":{"rendered":"\u00d6zg\u00fcr \u00d6zel&#8217;in Rotas\u0131: Nereye Gidiyor Bu Geminin Kaptan\u0131?"},"content":{"rendered":"\n<p><\/p>\n\n\n\n<p>Son g\u00fcnlerde siyaset g\u00fcndemimizin en \u00e7ok tart\u0131\u015f\u0131lan isimlerinden biri \u00d6zg\u00fcr \u00d6zel. Ancak ne yaz\u0131k ki, bu tart\u0131\u015fmalar\u0131n oda\u011f\u0131nda icraatlar\u0131, vizyonu ya da \u00e7\u00f6z\u00fcm \u00f6nerileri de\u011fil; bizzat siyasi duru\u015fu ve \u201c\u015fikayet diplomasisi\u201d var.<\/p>\n\n\n\n<p>CHP Genel Ba\u015fkan\u0131&#8217;n\u0131n sergiledi\u011fi tutum, ister istemez ak\u0131llara \u015fu soruyu getiriyor:<\/p>\n\n\n\n<p>Bu geminin kaptan\u0131 nereye gidiyor?<\/p>\n\n\n\n<p>\u015eikayetler \u015eelalesi: Washington&#8217;dan Br\u00fcksel&#8217;e T\u00fcrkiye Turu<\/p>\n\n\n\n<p>\u00d6zg\u00fcr \u00d6zel, g\u00f6reve geldi\u011fi g\u00fcnden bu yana, uluslararas\u0131 platformlarda T\u00fcrkiye&#8217;yi \u015fikayet etme prati\u011fini adeta bir siyaset ilkesi haline getirdi. \u00d6nce \u0130ngiltere, yetmedi Amerika, o da yetmedi Avrupa Birli\u011fi\u2026<\/p>\n\n\n\n<p>Nereye bir diplomatik yolculuk yapsa, arkas\u0131ndan T\u00fcrkiye&#8217;nin i\u00e7 meselelerini, h\u00fck\u00fcmeti ve hatta \u00fclkenin genel durumunu uluslararas\u0131 arenada karalamaya y\u00f6nelik s\u00f6ylemler duyuyoruz. Bu, kimileri i\u00e7in &#8220;uluslararas\u0131 destek aray\u0131\u015f\u0131&#8221; gibi g\u00f6sterilse de, esas\u0131nda T\u00fcrkiye&#8217;nin i\u00e7 i\u015flerini d\u0131\u015f m\u00fcdahaleye a\u00e7mak anlam\u0131na geliyor.<\/p>\n\n\n\n<p>Bir \u00fclkenin ana muhalefet liderinin, kendi devletini yabanc\u0131 ba\u015fkentlerde \u015fikayet etmesi, diplomatik team\u00fcllere de, milli menfaatlere de ne kadar uygun, bu sorgulanmas\u0131 gereken bir durum.<\/p>\n\n\n\n<p>30 Haziran \u00d6ncesi Perde Arkas\u0131 ve \u0130mamo\u011flu G\u00f6lgesi<\/p>\n\n\n\n<p>\u00d6zel&#8217;in bu tuhaf &#8220;\u015fikayet&#8221; rutini, \u00f6zellikle 30 Haziran \u00f6ncesi ya\u015fananlarla birle\u015fince, kafalarda daha b\u00fcy\u00fck soru i\u015faretleri olu\u015fturuyor. Metinde de belirtildi\u011fi gibi, &#8220;tam bir zihniyetin kuklas\u0131 \u015feklinde hareket etti\u011fi&#8221; iddialar\u0131 hi\u00e7 de yabana at\u0131l\u0131r gibi de\u011fil.<\/p>\n\n\n\n<p>CHP&#8217;deki kongre s\u00fcreci ve \u00d6zel&#8217;in genel ba\u015fkan se\u00e7ili\u015fi, hala haf\u0131zalar\u0131m\u0131zda taze. O g\u00fcnlerde konu\u015fulanlar, Ekrem \u0130mamo\u011flu&#8217;nun g\u00f6lgesinin ne denli b\u00fcy\u00fck oldu\u011fu ve \u00d6zel&#8217;in asl\u0131nda onun bir &#8220;s\u00f6zc\u00fcs\u00fc&#8221; olarak konumland\u0131r\u0131ld\u0131\u011f\u0131 y\u00f6n\u00fcndeydi. \u015eimdi bu iddialar\u0131n peki\u015fti\u011fini g\u00f6rmek, CHP i\u00e7indeki dengelerin ve parti i\u00e7i demokrasinin ne denli \u015faibeli oldu\u011funu bir kez daha g\u00f6steriyor.<\/p>\n\n\n\n<p>Kendi Partisiyle Bar\u0131\u015f\u0131k Olmayan Bir Lider: Marjinalle\u015fme mi Ka\u00e7\u0131n\u0131lmaz?<\/p>\n\n\n\n<p>En trajikomik olan\u0131 ise, \u00d6zg\u00fcr \u00d6zel&#8217;in sadece T\u00fcrkiye ile de\u011fil, kendi partisi CHP ile de bar\u0131\u015f\u0131k olmayan bir siyasi fig\u00fcr olarak \u00f6ne \u00e7\u0131kmas\u0131. Parti i\u00e7indeki huzursuzluklar, farkl\u0131 gruplar\u0131n tepkileri ve genel ba\u015fkan\u0131n sergiledi\u011fi tutum, CHP&#8217;nin bir i\u00e7 karga\u015fa ya\u015fad\u0131\u011f\u0131n\u0131 a\u00e7\u0131k\u00e7a g\u00f6steriyor. Bir siyasi partinin liderinin, hem \u00fclkesiyle hem de kendi partisiyle uyum i\u00e7inde olmamas\u0131, o partinin gelece\u011fi ad\u0131na ciddi endi\u015feler do\u011furur.<\/p>\n\n\n\n<p>Bu gidi\u015fat, CHP&#8217;nin h\u0131zla marjinalle\u015fme riskini beraberinde getiriyor. Kendi i\u00e7 dinamikleriyle bo\u011fu\u015fan, d\u0131\u015far\u0131ya s\u00fcrekli \u015fikayet eden ve halk\u0131n ger\u00e7ek sorunlar\u0131ndan uzakla\u015fan bir siyaset anlay\u0131\u015f\u0131, kitlelerin deste\u011fini kaybetmeye mahkumdur.<\/p>\n\n\n\n<p>Halk, \u00e7\u00f6z\u00fcm bekler, vizyon bekler, birlik ve beraberlik bekler.<\/p>\n\n\n\n<p>E\u011fer bu tablo de\u011fi\u015fmezse, CHP&#8217;nin ana ak\u0131m siyasetten koparak, sadece k\u00fc\u00e7\u00fck bir kesimin temsilcisi haline gelmesi ka\u00e7\u0131n\u0131lmaz olabilir.<\/p>\n\n\n\n<p>T\u00fcrkiye siyasetinin bu d\u00f6nemecinde, \u00d6zg\u00fcr \u00d6zel&#8217;in tercih etti\u011fi yol, hem kendisi hem de temsil etti\u011fi parti i\u00e7in olduk\u00e7a kritik.<\/p>\n\n\n\n<p>Bu geminin rotas\u0131 nereye \u00e7evrildi?<\/p>\n\n\n\n<p>Kaptan, bu f\u0131rt\u0131nal\u0131 denizde gemiyi limana m\u0131 \u00e7\u0131karacak, yoksa kayal\u0131klara m\u0131 s\u00fcr\u00fckleyecek? Yak\u0131n zamanda hep birlikte g\u00f6rece\u011fiz.<\/p>\n","protected":false},"excerpt":{"rendered":"<p>Son g\u00fcnlerde siyaset g\u00fcndemimizin en \u00e7ok tart\u0131\u015f\u0131lan isimlerinden biri \u00d6zg\u00fcr \u00d6zel. Ancak ne yaz\u0131k ki, bu tart\u0131\u015fmalar\u0131n oda\u011f\u0131nda icraatlar\u0131, vizyonu ya da \u00e7\u00f6z\u00fcm \u00f6nerileri de\u011fil; bizzat siyasi duru\u015fu ve \u201c\u015fikayet diplomasisi\u201d var.<\/p>\n","protected":false},"author":2,"featured_media":10732,"comment_status":"","ping_status":"","sticky":false,"template":"","format":"aside","meta":{"_jetpack_memberships_contains_paid_content":false,"footnotes":""},"categories":[83],"tags":[],"class_list":["post-10733","post","type-post","status-publish","format-aside","has-post-thumbnail","hentry","category-cevre-ve-politika","post_format-post-format-aside"],"jetpack_featured_media_url":"https:\/\/altinisik.org\/wp-content\/uploads\/2025\/06\/e1c4cc35-0806-4335-baba-df7fe880671c-1.jpg","jetpack_sharing_enabled":true,"_links":{"self":[{"href":"https:\/\/altinisik.org\/index.php?rest_route=\/wp\/v2\/posts\/10733","targetHints":{"allow":["GET"]}}],"collection":[{"href":"https:\/\/altinisik.org\/index.php?rest_route=\/wp\/v2\/posts"}],"about":[{"href":"https:\/\/altinisik.org\/index.php?rest_route=\/wp\/v2\/types\/post"}],"author":[{"embeddable":true,"href":"https:\/\/altinisik.org\/index.php?rest_route=\/wp\/v2\/users\/2"}],"replies":[{"embeddable":true,"href":"https:\/\/altinisik.org\/index.php?rest_route=%2Fwp%2Fv2%2Fcomments&post=10733"}],"version-history":[{"count":0,"href":"https:\/\/altinisik.org\/index.php?rest_route=\/wp\/v2\/posts\/10733\/revisions"}],"wp:featuredmedia":[{"embeddable":true,"href":"https:\/\/altinisik.org\/index.php?rest_route=\/wp\/v2\/media\/10732"}],"wp:attachment":[{"href":"https:\/\/altinisik.org\/index.php?rest_route=%2Fwp%2Fv2%2Fmedia&parent=10733"}],"wp:term":[{"taxonomy":"category","embeddable":true,"href":"https:\/\/altinisik.org\/index.php?rest_route=%2Fwp%2Fv2%2Fcategories&post=10733"},{"taxonomy":"post_tag","embeddable":true,"href":"https:\/\/altinisik.org\/index.php?rest_route=%2Fwp%2Fv2%2Ftags&post=10733"}],"curies":[{"name":"wp","href":"https:\/\/api.w.org\/{rel}","templated":true}]}}