{"id":10731,"date":"2025-06-24T10:28:47","date_gmt":"2025-06-24T08:28:47","guid":{"rendered":"https:\/\/altinisik.org\/?p=10731"},"modified":"2025-06-24T10:28:47","modified_gmt":"2025-06-24T08:28:47","slug":"bugun-24-haziran-2025-dunya-karmasik-bir-donemecten-geciyor","status":"publish","type":"post","link":"https:\/\/altinisik.org\/?p=10731","title":{"rendered":"Bug\u00fcn 24 Haziran 2025. D\u00fcnya, karma\u015f\u0131k bir d\u00f6neme\u00e7ten ge\u00e7iyor."},"content":{"rendered":"\n<p><\/p>\n\n\n\n<p>Uluslararas\u0131 ili\u015fkilerde kural tan\u0131mazl\u0131k, Bat\u0131&#8217;n\u0131n, \u00f6zellikle de Amerika Birle\u015fik Devletleri&#8217;nin yeni &#8220;silah\u0131&#8221; haline gelmi\u015f durumda. Adeta bir kovboy filmi senaryosunu and\u0131ran bu durum, &#8220;Ben g\u00fc\u00e7l\u00fcy\u00fcm, istedi\u011fimi yapar\u0131m ve herkes bunu kabul etmek zorundad\u0131r&#8221; anlay\u0131\u015f\u0131yla \u00fclkeler aras\u0131 siyaseti \u015fekillendiriyor.<\/p>\n\n\n\n<p>Hatta bu pervas\u0131zl\u0131k, sava\u015flar\u0131 dahi tetikleyebiliyor. \u0130nsani de\u011ferlerin hi\u00e7e say\u0131ld\u0131\u011f\u0131 bir siyasetin uzun \u00f6m\u00fcrl\u00fc olmas\u0131 ise m\u00fcmk\u00fcn de\u011fildir.<\/p>\n\n\n\n<p>\u00dclkeler aras\u0131ndaki sava\u015flar, ne yaz\u0131k ki, film senaristlerinin kaleme ald\u0131\u011f\u0131 kurgulara benzer bir \u015fekilde sahneleniyor.<\/p>\n\n\n\n<p>Bunun en \u00e7arp\u0131c\u0131 \u00f6rne\u011fini, ABD, \u0130srail ve \u0130ran aras\u0131ndaki &#8220;ruh \u00fc\u00e7\u00fczleri&#8221; olarak adland\u0131rabilece\u011fimiz gerilimde g\u00f6rd\u00fck. T\u00fcm d\u00fcnyan\u0131n iki haftad\u0131r nefesini tutarak izledi\u011fi bu s\u00f6zde sava\u015f, kurguland\u0131\u011f\u0131 \u015fekilde ba\u015flat\u0131l\u0131p, yine kurguland\u0131\u011f\u0131 \u015fekilde sona erdirildi. Muhtemelen \u00f6n\u00fcm\u00fczdeki birka\u00e7 g\u00fcn i\u00e7inde bu tiyatroya son verilecek.<\/p>\n\n\n\n<p>Peki, bu kurgusal sava\u015f\u0131n sonunda kim kazanm\u0131\u015f olacak?<\/p>\n\n\n\n<p>Elbette ki enerji kaynaklar\u0131na hakim olanlar, yani paraya h\u00fckmedenler. Bu k\u0131s\u0131r d\u00f6ng\u00fc, y\u0131llard\u0131r s\u00fcregelen adaletsizli\u011fi bir kez daha g\u00f6zler \u00f6n\u00fcne seriyor.<\/p>\n\n\n\n<p>Cumhurba\u015fkan\u0131m\u0131z\u0131n uzun y\u0131llard\u0131r dile getirdi\u011fi &#8220;D\u00fcnya be\u015ften b\u00fcy\u00fckt\u00fcr&#8221; s\u00f6z\u00fc, bu yeni d\u00fczende farkl\u0131 bir anlam kazanmal\u0131. Art\u0131k bu c\u00fcmle, &#8220;D\u00fcnyan\u0131n adil bir d\u00fczene ihtiyac\u0131 var&#8221; \u015feklinde evrilmelidir. \u00c7\u00fcnk\u00fc insanl\u0131k, g\u00fcc\u00fcn de\u011fil, adaletin ve vicdan\u0131n h\u00fck\u00fcm s\u00fcrd\u00fc\u011f\u00fc bir d\u00fcnya d\u00fczenine a\u00e7. Aksi takdirde, bu kural tan\u0131mazl\u0131k ve bencil \u00e7\u0131kar hesaplar\u0131, t\u00fcm insanl\u0131\u011f\u0131 felakete s\u00fcr\u00fcklemeye devam edecektir. Adalet, sadece bireylerin de\u011fil, uluslar\u0131n da temel dayana\u011f\u0131 olmal\u0131d\u0131r.<\/p>\n\n\n\n<p>Aksi takdirde, uluslararas\u0131 sistemde kal\u0131c\u0131 bir bar\u0131\u015f ve istikrar sa\u011flamak m\u00fcmk\u00fcn olmayacakt\u0131r.<\/p>\n","protected":false},"excerpt":{"rendered":"<p>Uluslararas\u0131 ili\u015fkilerde kural tan\u0131mazl\u0131k, Bat\u0131&#8217;n\u0131n, \u00f6zellikle de Amerika Birle\u015fik Devletleri&#8217;nin yeni &#8220;silah\u0131&#8221; haline gelmi\u015f durumda. Adeta bir kovboy filmi senaryosunu and\u0131ran bu durum, &#8220;Ben g\u00fc\u00e7l\u00fcy\u00fcm, istedi\u011fimi yapar\u0131m ve herkes bunu kabul etmek zorundad\u0131r&#8221; anlay\u0131\u015f\u0131yla \u00fclkeler aras\u0131 siyaseti \u015fekillendiriyor.<\/p>\n","protected":false},"author":2,"featured_media":10730,"comment_status":"","ping_status":"","sticky":false,"template":"","format":"aside","meta":{"_jetpack_memberships_contains_paid_content":false,"footnotes":""},"categories":[88],"tags":[],"class_list":["post-10731","post","type-post","status-publish","format-aside","has-post-thumbnail","hentry","category-oneriler","post_format-post-format-aside"],"jetpack_featured_media_url":"https:\/\/altinisik.org\/wp-content\/uploads\/2025\/06\/7ac441c0-6e0c-4975-bbe7-0e6f16f1f793-1.jpg","jetpack_sharing_enabled":true,"_links":{"self":[{"href":"https:\/\/altinisik.org\/index.php?rest_route=\/wp\/v2\/posts\/10731","targetHints":{"allow":["GET"]}}],"collection":[{"href":"https:\/\/altinisik.org\/index.php?rest_route=\/wp\/v2\/posts"}],"about":[{"href":"https:\/\/altinisik.org\/index.php?rest_route=\/wp\/v2\/types\/post"}],"author":[{"embeddable":true,"href":"https:\/\/altinisik.org\/index.php?rest_route=\/wp\/v2\/users\/2"}],"replies":[{"embeddable":true,"href":"https:\/\/altinisik.org\/index.php?rest_route=%2Fwp%2Fv2%2Fcomments&post=10731"}],"version-history":[{"count":0,"href":"https:\/\/altinisik.org\/index.php?rest_route=\/wp\/v2\/posts\/10731\/revisions"}],"wp:featuredmedia":[{"embeddable":true,"href":"https:\/\/altinisik.org\/index.php?rest_route=\/wp\/v2\/media\/10730"}],"wp:attachment":[{"href":"https:\/\/altinisik.org\/index.php?rest_route=%2Fwp%2Fv2%2Fmedia&parent=10731"}],"wp:term":[{"taxonomy":"category","embeddable":true,"href":"https:\/\/altinisik.org\/index.php?rest_route=%2Fwp%2Fv2%2Fcategories&post=10731"},{"taxonomy":"post_tag","embeddable":true,"href":"https:\/\/altinisik.org\/index.php?rest_route=%2Fwp%2Fv2%2Ftags&post=10731"}],"curies":[{"name":"wp","href":"https:\/\/api.w.org\/{rel}","templated":true}]}}