{"id":10724,"date":"2025-06-15T10:43:19","date_gmt":"2025-06-15T08:43:19","guid":{"rendered":"https:\/\/altinisik.org\/?p=10724"},"modified":"2025-06-15T10:43:19","modified_gmt":"2025-06-15T08:43:19","slug":"ates-cemberindeki-orta-dogu-iran-israil-catismasi-ve-turkiyenin-imtihani","status":"publish","type":"post","link":"https:\/\/altinisik.org\/?p=10724","title":{"rendered":"Ate\u015f \u00c7emberindeki Orta Do\u011fu: \u0130ran-\u0130srail \u00c7at\u0131\u015fmas\u0131 ve T\u00fcrkiye&#8217;nin \u0130mtihan\u0131"},"content":{"rendered":"\n<p><\/p>\n\n\n\n<p>Orta Do\u011fu, tarihinin belki de en kritik d\u00f6neme\u00e7lerinden birini ya\u015f\u0131yor. \u0130ran ile \u0130srail aras\u0131ndaki gerilim, son saatlerde n\u00fckleer tesislerin hedef al\u0131nd\u0131\u011f\u0131 kar\u015f\u0131l\u0131kl\u0131 sald\u0131r\u0131larla zirveye ula\u015fm\u0131\u015f durumda. Bu t\u0131rman\u0131\u015f, b\u00f6lgedeki dengeleri alt\u00fcst etme ve k\u00fcresel \u00e7apta \u00f6ng\u00f6r\u00fclemez sonu\u00e7lar do\u011furma potansiyeli ta\u015f\u0131yor.<\/p>\n\n\n\n<p>Bat\u0131 d\u00fcnyas\u0131 alarmda, T\u00fcrkiye ise her zamanki gibi bu f\u0131rt\u0131nan\u0131n ortas\u0131nda, hem kendi g\u00fcvenli\u011fini hem de b\u00f6lgesel istikrar\u0131 koruma \u00e7abas\u0131nda.<\/p>\n\n\n\n<p>Bat\u0131&#8217;n\u0131n \u0130ki Ucu Keskin K\u0131l\u0131c\u0131: K\u0131nama ve Kayg\u0131<\/p>\n\n\n\n<p>Bat\u0131 medyas\u0131n\u0131n man\u015fetleri, \u0130srail&#8217;in \u0130ran&#8217;\u0131n n\u00fckleer tesislerine y\u00f6nelik &#8220;\u00f6nleyici&#8221; sald\u0131r\u0131lar\u0131 ve \u0130ran&#8217;\u0131n buna kar\u015f\u0131l\u0131k balistik f\u00fcze ve drone sald\u0131r\u0131lar\u0131yla yank\u0131lan\u0131yor. Haberlerde \u0130srail&#8217;in &#8220;varolu\u015fsal tehdit&#8221; alg\u0131s\u0131 ve &#8220;kendini savunma hakk\u0131&#8221; s\u0131k\u00e7a vurgulan\u0131rken, \u0130ran&#8217;\u0131n sald\u0131r\u0131lar\u0131 uluslararas\u0131 hukukun ihlali olarak k\u0131nan\u0131yor. Ancak bu tek tarafl\u0131 okuman\u0131n \u00f6tesinde, Bat\u0131l\u0131 ba\u015fkentlerde derin bir endi\u015fe hakim.<br \/>ABD ba\u015fta olmak \u00fczere Bat\u0131l\u0131 m\u00fcttefikler, bir yandan \u0130srail&#8217;e desteklerini yinelerken, di\u011fer yandan Netanyahu h\u00fck\u00fcmetine &#8220;itidal&#8221; \u00e7a\u011fr\u0131s\u0131 yap\u0131yor. Zira bu t\u0131rman\u0131\u015f\u0131n b\u00f6lgesel bir sava\u015fa d\u00f6n\u00fc\u015fmesi, sadece Orta Do\u011fu&#8217;yu de\u011fil, k\u00fcresel enerji piyasalar\u0131n\u0131, tedarik zincirlerini ve dolay\u0131s\u0131yla d\u00fcnya ekonomisini derinden sarsma potansiyeli ta\u015f\u0131yor. Avrupa Birli\u011fi ve Birle\u015fmi\u015f Milletler gibi uluslararas\u0131 akt\u00f6rler de taraflara gerilimi d\u00fc\u015f\u00fcrme ve diplomatik kanallar\u0131 a\u00e7\u0131k tutma \u00e7a\u011fr\u0131s\u0131nda bulunsa da, sahadaki geli\u015fmeler bu \u00e7a\u011fr\u0131lar\u0131n ne denli kar\u015f\u0131l\u0131k bulaca\u011f\u0131n\u0131 belirsizle\u015ftiriyor. ABD Ba\u015fkan\u0131 Donald Trump&#8217;\u0131n olas\u0131 bir m\u00fczakere s\u00fcreci ba\u015flatma \u00e7abalar\u0131n\u0131n \u0130srail&#8217;in sald\u0131r\u0131lar\u0131yla sekteye u\u011framas\u0131 ise, krizin karma\u015f\u0131kl\u0131\u011f\u0131n\u0131 daha da art\u0131r\u0131yor.<\/p>\n\n\n\n<p>T\u00fcrkiye&#8217;nin \u00c7ok Boyutlu Duru\u015fu: Ele\u015ftiri, Arabuluculuk ve Ulusal \u00c7\u0131kar<\/p>\n\n\n\n<p>T\u00fcrkiye, bu kritik anlarda b\u00f6lgedeki en \u00f6nemli ve kendine \u00f6zg\u00fc akt\u00f6rlerden biri olarak \u00f6ne \u00e7\u0131k\u0131yor. Cumhurba\u015fkan\u0131 Erdo\u011fan ve D\u0131\u015fi\u015fleri Bakan\u0131 Hakan Fidan&#8217;dan gelen a\u00e7\u0131klamalar, T\u00fcrkiye&#8217;nin durum de\u011ferlendirmesini ve d\u0131\u015f politika \u00f6nceliklerini net bir \u015fekilde ortaya koyuyor. Ankara, \u0130srail&#8217;in \u0130ran&#8217;a y\u00f6nelik sald\u0131r\u0131lar\u0131n\u0131 &#8220;uluslararas\u0131 hukukun a\u00e7\u0131k bir ihlali&#8221; ve &#8220;provokasyon&#8221; olarak nitelendirerek en sert \u015fekilde k\u0131nad\u0131. Bu duru\u015f, T\u00fcrkiye&#8217;nin Gazze&#8217;deki \u0130srail sald\u0131rganl\u0131\u011f\u0131na kar\u015f\u0131 tak\u0131nd\u0131\u011f\u0131 sert tavr\u0131n bir devam\u0131 niteli\u011finde.<br \/>T\u00fcrkiye, Netanyahu h\u00fck\u00fcmetinin &#8220;b\u00f6lgesel ve k\u00fcresel bar\u0131\u015f\u0131 tehlikeye atan pervas\u0131z, hukuksuz ve sald\u0131rgan eylemlerini&#8221; derhal durdurmas\u0131 gerekti\u011fi y\u00f6n\u00fcnde g\u00fc\u00e7l\u00fc bir \u00e7a\u011fr\u0131 yap\u0131yor. Bu k\u0131nama, T\u00fcrkiye&#8217;nin yaln\u0131zca s\u00f6ylemsel olarak de\u011fil, ayn\u0131 zamanda diplomatik ad\u0131mlarla da pozisyonunu peki\u015ftirdi\u011fini g\u00f6steriyor. T\u00fcrk yetkililerin D\u0131\u015fi\u015fleri, Savunma ve \u0130stihbarat ba\u015fkanlar\u0131 d\u00fczeyinde ger\u00e7ekle\u015ftirdi\u011fi toplant\u0131lar, Ankara&#8217;n\u0131n krizin potansiyel sonu\u00e7lar\u0131na kar\u015f\u0131 ne denli haz\u0131rl\u0131kl\u0131 oldu\u011funu ortaya koyuyor.<br \/>Ancak T\u00fcrkiye&#8217;nin duru\u015fu sadece k\u0131namayla s\u0131n\u0131rl\u0131 de\u011fil. Ankara, hem \u0130ran hem de \u0130srail ile ge\u00e7mi\u015ften gelen ileti\u015fim kanallar\u0131n\u0131 kullanarak, arabuluculuk rol\u00fcn\u00fc \u00fcstlenme niyetini de belli ediyor. D\u0131\u015fi\u015fleri Bakan\u0131 Fidan&#8217;\u0131n Trump y\u00f6netiminin ba\u015flatt\u0131\u011f\u0131 \u0130ran n\u00fckleer m\u00fczakerelerinin ilerletilmesinin tek \u00e7\u00f6z\u00fcm yolu oldu\u011fu y\u00f6n\u00fcndeki ifadeleri, T\u00fcrkiye&#8217;nin diplomatik \u00e7\u00f6z\u00fcm aray\u0131\u015f\u0131n\u0131n bir g\u00f6stergesi. T\u00fcrkiye&#8217;nin bu \u00e7abalar\u0131, b\u00f6lgesel istikrars\u0131zl\u0131\u011f\u0131n kendi ulusal g\u00fcvenli\u011fi \u00fczerindeki potansiyel olumsuz etkilerini (g\u00f6\u00e7 dalgalar\u0131, ter\u00f6r \u00f6rg\u00fctlerinin g\u00fc\u00e7lenmesi gibi) minimize etme aray\u0131\u015f\u0131yla da yak\u0131ndan ili\u015fkili.<br \/>\u00d6te yandan, T\u00fcrkiye&#8217;nin bu krizdeki rol\u00fc, Bat\u0131&#8217;daki baz\u0131 \u00e7evreler taraf\u0131ndan &#8220;\u0130ran&#8217;\u0131 destekleme&#8221; olarak yorumlanabilse de, Ankara&#8217;n\u0131n temel motivasyonu b\u00f6lgesel bir felaketi \u00f6nlemektir. T\u00fcrkiye&#8217;nin ba\u011f\u0131ms\u0131z d\u0131\u015f politika \u00e7izgisi, b\u00f6lgedeki t\u00fcm akt\u00f6rlerle konu\u015fabilme kapasitesi ve jeopolitik konumu, onu bu krizde \u00f6nemli bir arabulucu haline getirebilir.<\/p>\n\n\n\n<p>Gelecek ve T\u00fcrkiye&#8217;nin Rol\u00fc<br \/>Orta Do\u011fu&#8217;daki bu tehlikeli t\u0131rman\u0131\u015f\u0131n nereye varaca\u011f\u0131 belirsizli\u011fini koruyor. Ancak kesin olan bir \u015fey var ki, b\u00f6lgedeki herhangi bir tam \u00f6l\u00e7ekli \u00e7at\u0131\u015fma, k\u00fcresel \u00e7apta a\u011f\u0131r bedeller \u00f6denmesine yol a\u00e7acakt\u0131r. Bu ba\u011flamda, T\u00fcrkiye&#8217;nin diplomatik \u00e7abalar\u0131 ve dengeleyici duru\u015fu, sadece kendi ulusal \u00e7\u0131karlar\u0131 i\u00e7in de\u011fil, ayn\u0131 zamanda b\u00f6lgesel ve k\u00fcresel bar\u0131\u015f i\u00e7in de kritik bir \u00f6neme sahip. Ankara, bu ate\u015f \u00e7emberinde hem kendi g\u00fcvenli\u011fini korumak hem de diplomasi k\u00f6pr\u00fclerini ayakta tutarak istikrara katk\u0131da bulunmak gibi zorlu bir g\u00f6revi \u00fcstlenmi\u015f durumda. Gelecek g\u00fcnler, T\u00fcrkiye&#8217;nin bu imtihandan nas\u0131l bir ba\u015far\u0131yla \u00e7\u0131kaca\u011f\u0131n\u0131 g\u00f6sterecek.<\/p>\n\n\n\n<figure class=\"wp-block-embed\"><div class=\"wp-block-embed__wrapper\">\nhttps:\/\/arti5tv.com\/kose-yazilari\/ates_cemberindeki_orta_dogu_iran-israil_catismasi_ve_turkiyenin_imtihani-9148.html\n<\/div><\/figure>\n\n\n\n<figure class=\"wp-block-embed\"><div class=\"wp-block-embed__wrapper\">\nhttps:\/\/twitter.com\/arti5tv\/status\/1933994177823473912\n<\/div><\/figure>\n\n\n\n<figure class=\"wp-block-embed\"><div class=\"wp-block-embed__wrapper\">\nhttps:\/\/www.facebook.com\/photo\/?fbid=1113767260785637&#038;set=a.433582328804137\n<\/div><\/figure>\n\n\n\n<figure class=\"wp-block-embed is-type-rich is-provider-instagram wp-block-embed-instagram\"><div class=\"wp-block-embed__wrapper\">\n<blockquote class=\"instagram-media\" data-instgrm-captioned data-instgrm-permalink=\"https:\/\/www.instagram.com\/p\/DK5gjTQNgfh\/?utm_source=ig_embed&amp;utm_campaign=loading\" data-instgrm-version=\"14\" style=\" background:#FFF; border:0; border-radius:3px; box-shadow:0 0 1px 0 rgba(0,0,0,0.5),0 1px 10px 0 rgba(0,0,0,0.15); margin: 1px; max-width:658px; min-width:326px; padding:0; width:99.375%; width:-webkit-calc(100% - 2px); width:calc(100% - 2px);\"><div style=\"padding:16px;\"> <a href=\"https:\/\/www.instagram.com\/p\/DK5gjTQNgfh\/?utm_source=ig_embed&amp;utm_campaign=loading\" style=\" background:#FFFFFF; line-height:0; padding:0 0; text-align:center; text-decoration:none; width:100%;\" target=\"_blank\"> <div style=\" display: flex; flex-direction: row; align-items: center;\"> <div style=\"background-color: #F4F4F4; border-radius: 50%; flex-grow: 0; height: 40px; margin-right: 14px; width: 40px;\"><\/div> <div style=\"display: flex; flex-direction: column; flex-grow: 1; justify-content: center;\"> <div style=\" background-color: #F4F4F4; border-radius: 4px; flex-grow: 0; height: 14px; margin-bottom: 6px; width: 100px;\"><\/div> <div style=\" background-color: #F4F4F4; border-radius: 4px; flex-grow: 0; height: 14px; width: 60px;\"><\/div><\/div><\/div><div style=\"padding: 19% 0;\"><\/div> <div style=\"display:block; height:50px; margin:0 auto 12px; width:50px;\"><svg width=\"50px\" height=\"50px\" viewBox=\"0 0 60 60\" version=\"1.1\" xmlns=\"https:\/\/www.w3.org\/2000\/svg\" xmlns:xlink=\"https:\/\/www.w3.org\/1999\/xlink\"><g stroke=\"none\" stroke-width=\"1\" fill=\"none\" fill-rule=\"evenodd\"><g transform=\"translate(-511.000000, -20.000000)\" fill=\"#000000\"><g><path d=\"M556.869,30.41 C554.814,30.41 553.148,32.076 553.148,34.131 C553.148,36.186 554.814,37.852 556.869,37.852 C558.924,37.852 560.59,36.186 560.59,34.131 C560.59,32.076 558.924,30.41 556.869,30.41 M541,60.657 C535.114,60.657 530.342,55.887 530.342,50 C530.342,44.114 535.114,39.342 541,39.342 C546.887,39.342 551.658,44.114 551.658,50 C551.658,55.887 546.887,60.657 541,60.657 M541,33.886 C532.1,33.886 524.886,41.1 524.886,50 C524.886,58.899 532.1,66.113 541,66.113 C549.9,66.113 557.115,58.899 557.115,50 C557.115,41.1 549.9,33.886 541,33.886 M565.378,62.101 C565.244,65.022 564.756,66.606 564.346,67.663 C563.803,69.06 563.154,70.057 562.106,71.106 C561.058,72.155 560.06,72.803 558.662,73.347 C557.607,73.757 556.021,74.244 553.102,74.378 C549.944,74.521 548.997,74.552 541,74.552 C533.003,74.552 532.056,74.521 528.898,74.378 C525.979,74.244 524.393,73.757 523.338,73.347 C521.94,72.803 520.942,72.155 519.894,71.106 C518.846,70.057 518.197,69.06 517.654,67.663 C517.244,66.606 516.755,65.022 516.623,62.101 C516.479,58.943 516.448,57.996 516.448,50 C516.448,42.003 516.479,41.056 516.623,37.899 C516.755,34.978 517.244,33.391 517.654,32.338 C518.197,30.938 518.846,29.942 519.894,28.894 C520.942,27.846 521.94,27.196 523.338,26.654 C524.393,26.244 525.979,25.756 528.898,25.623 C532.057,25.479 533.004,25.448 541,25.448 C548.997,25.448 549.943,25.479 553.102,25.623 C556.021,25.756 557.607,26.244 558.662,26.654 C560.06,27.196 561.058,27.846 562.106,28.894 C563.154,29.942 563.803,30.938 564.346,32.338 C564.756,33.391 565.244,34.978 565.378,37.899 C565.522,41.056 565.552,42.003 565.552,50 C565.552,57.996 565.522,58.943 565.378,62.101 M570.82,37.631 C570.674,34.438 570.167,32.258 569.425,30.349 C568.659,28.377 567.633,26.702 565.965,25.035 C564.297,23.368 562.623,22.342 560.652,21.575 C558.743,20.834 556.562,20.326 553.369,20.18 C550.169,20.033 549.148,20 541,20 C532.853,20 531.831,20.033 528.631,20.18 C525.438,20.326 523.257,20.834 521.349,21.575 C519.376,22.342 517.703,23.368 516.035,25.035 C514.368,26.702 513.342,28.377 512.574,30.349 C511.834,32.258 511.326,34.438 511.181,37.631 C511.035,40.831 511,41.851 511,50 C511,58.147 511.035,59.17 511.181,62.369 C511.326,65.562 511.834,67.743 512.574,69.651 C513.342,71.625 514.368,73.296 516.035,74.965 C517.703,76.634 519.376,77.658 521.349,78.425 C523.257,79.167 525.438,79.673 528.631,79.82 C531.831,79.965 532.853,80.001 541,80.001 C549.148,80.001 550.169,79.965 553.369,79.82 C556.562,79.673 558.743,79.167 560.652,78.425 C562.623,77.658 564.297,76.634 565.965,74.965 C567.633,73.296 568.659,71.625 569.425,69.651 C570.167,67.743 570.674,65.562 570.82,62.369 C570.966,59.17 571,58.147 571,50 C571,41.851 570.966,40.831 570.82,37.631\"><\/path><\/g><\/g><\/g><\/svg><\/div><div style=\"padding-top: 8px;\"> <div style=\" color:#3897f0; font-family:Arial,sans-serif; font-size:14px; font-style:normal; font-weight:550; line-height:18px;\">View this post on Instagram<\/div><\/div><div style=\"padding: 12.5% 0;\"><\/div> <div style=\"display: flex; flex-direction: row; margin-bottom: 14px; align-items: center;\"><div> <div style=\"background-color: #F4F4F4; border-radius: 50%; height: 12.5px; width: 12.5px; transform: translateX(0px) translateY(7px);\"><\/div> <div style=\"background-color: #F4F4F4; height: 12.5px; transform: rotate(-45deg) translateX(3px) translateY(1px); width: 12.5px; flex-grow: 0; margin-right: 14px; margin-left: 2px;\"><\/div> <div style=\"background-color: #F4F4F4; border-radius: 50%; height: 12.5px; width: 12.5px; transform: translateX(9px) translateY(-18px);\"><\/div><\/div><div style=\"margin-left: 8px;\"> <div style=\" background-color: #F4F4F4; border-radius: 50%; flex-grow: 0; height: 20px; width: 20px;\"><\/div> <div style=\" width: 0; height: 0; border-top: 2px solid transparent; border-left: 6px solid #f4f4f4; border-bottom: 2px solid transparent; transform: translateX(16px) translateY(-4px) rotate(30deg)\"><\/div><\/div><div style=\"margin-left: auto;\"> <div style=\" width: 0px; border-top: 8px solid #F4F4F4; border-right: 8px solid transparent; transform: translateY(16px);\"><\/div> <div style=\" background-color: #F4F4F4; flex-grow: 0; height: 12px; width: 16px; transform: translateY(-4px);\"><\/div> <div style=\" width: 0; height: 0; border-top: 8px solid #F4F4F4; border-left: 8px solid transparent; transform: translateY(-4px) translateX(8px);\"><\/div><\/div><\/div> <div style=\"display: flex; flex-direction: column; flex-grow: 1; justify-content: center; margin-bottom: 24px;\"> <div style=\" background-color: #F4F4F4; border-radius: 4px; flex-grow: 0; height: 14px; margin-bottom: 6px; width: 224px;\"><\/div> <div style=\" background-color: #F4F4F4; border-radius: 4px; flex-grow: 0; height: 14px; width: 144px;\"><\/div><\/div><\/a><p style=\" color:#c9c8cd; font-family:Arial,sans-serif; font-size:14px; line-height:17px; margin-bottom:0; margin-top:8px; overflow:hidden; padding:8px 0 7px; text-align:center; text-overflow:ellipsis; white-space:nowrap;\"><a href=\"https:\/\/www.instagram.com\/p\/DK5gjTQNgfh\/?utm_source=ig_embed&amp;utm_campaign=loading\" style=\" color:#c9c8cd; font-family:Arial,sans-serif; font-size:14px; font-style:normal; font-weight:normal; line-height:17px; text-decoration:none;\" target=\"_blank\">A post shared by Salih Alt\u0131n\u0131\u015f\u0131k (@salihaltinisik)<\/a><\/p><\/div><\/blockquote><script async src=\"\/\/platform.instagram.com\/en_US\/embeds.js\"><\/script>\n<\/div><\/figure>\n","protected":false},"excerpt":{"rendered":"<p>Orta Do\u011fu, tarihinin belki de en kritik d\u00f6neme\u00e7lerinden birini ya\u015f\u0131yor. \u0130ran ile \u0130srail aras\u0131ndaki gerilim, son saatlerde n\u00fckleer tesislerin hedef al\u0131nd\u0131\u011f\u0131 kar\u015f\u0131l\u0131kl\u0131 sald\u0131r\u0131larla zirveye ula\u015fm\u0131\u015f durumda. Bu t\u0131rman\u0131\u015f, b\u00f6lgedeki dengeleri alt\u00fcst etme ve k\u00fcresel \u00e7apta \u00f6ng\u00f6r\u00fclemez sonu\u00e7lar do\u011furma potansiyeli ta\u015f\u0131yor.<\/p>\n","protected":false},"author":2,"featured_media":10723,"comment_status":"closed","ping_status":"","sticky":false,"template":"","format":"aside","meta":{"_jetpack_memberships_contains_paid_content":false,"footnotes":""},"categories":[83],"tags":[],"class_list":["post-10724","post","type-post","status-publish","format-aside","has-post-thumbnail","hentry","category-cevre-ve-politika","post_format-post-format-aside"],"jetpack_featured_media_url":"https:\/\/altinisik.org\/wp-content\/uploads\/2025\/06\/8286db15-24ff-44a4-9191-a50ac2f10d89-1.jpg","jetpack_sharing_enabled":true,"_links":{"self":[{"href":"https:\/\/altinisik.org\/index.php?rest_route=\/wp\/v2\/posts\/10724","targetHints":{"allow":["GET"]}}],"collection":[{"href":"https:\/\/altinisik.org\/index.php?rest_route=\/wp\/v2\/posts"}],"about":[{"href":"https:\/\/altinisik.org\/index.php?rest_route=\/wp\/v2\/types\/post"}],"author":[{"embeddable":true,"href":"https:\/\/altinisik.org\/index.php?rest_route=\/wp\/v2\/users\/2"}],"replies":[{"embeddable":true,"href":"https:\/\/altinisik.org\/index.php?rest_route=%2Fwp%2Fv2%2Fcomments&post=10724"}],"version-history":[{"count":1,"href":"https:\/\/altinisik.org\/index.php?rest_route=\/wp\/v2\/posts\/10724\/revisions"}],"predecessor-version":[{"id":10725,"href":"https:\/\/altinisik.org\/index.php?rest_route=\/wp\/v2\/posts\/10724\/revisions\/10725"}],"wp:featuredmedia":[{"embeddable":true,"href":"https:\/\/altinisik.org\/index.php?rest_route=\/wp\/v2\/media\/10723"}],"wp:attachment":[{"href":"https:\/\/altinisik.org\/index.php?rest_route=%2Fwp%2Fv2%2Fmedia&parent=10724"}],"wp:term":[{"taxonomy":"category","embeddable":true,"href":"https:\/\/altinisik.org\/index.php?rest_route=%2Fwp%2Fv2%2Fcategories&post=10724"},{"taxonomy":"post_tag","embeddable":true,"href":"https:\/\/altinisik.org\/index.php?rest_route=%2Fwp%2Fv2%2Ftags&post=10724"}],"curies":[{"name":"wp","href":"https:\/\/api.w.org\/{rel}","templated":true}]}}