{"id":10722,"date":"2025-06-11T16:04:04","date_gmt":"2025-06-11T14:04:04","guid":{"rendered":"https:\/\/altinisik.org\/?p=10722"},"modified":"2025-06-11T16:04:04","modified_gmt":"2025-06-11T14:04:04","slug":"artik-vakit-kaybetmeden-turkiyenin-kendi-savunma-kalkani-sart","status":"publish","type":"post","link":"https:\/\/altinisik.org\/?p=10722","title":{"rendered":"Art\u0131k Vakit Kaybetmeden: T\u00fcrkiye&#8217;nin Kendi Savunma Kalkan\u0131 \u015eart"},"content":{"rendered":"\n<p><\/p>\n\n\n\n<p>Ge\u00e7ti\u011fimiz g\u00fcnlerde NATO&#8217;nun yapt\u0131\u011f\u0131 dikkat \u00e7ekici bir a\u00e7\u0131klama uluslararas\u0131 g\u00fcvenlik \u00e7evrelerinde ciddi yank\u0131 uyand\u0131rd\u0131. NATO yetkililerine g\u00f6re Rusya, Bat\u0131\u2019ya \u2013yani do\u011frudan NATO \u00fclkelerine\u2013 kar\u015f\u0131 askeri g\u00fc\u00e7 kullanmaya be\u015f y\u0131l i\u00e7inde haz\u0131r hale gelebilir. Bu a\u00e7\u0131klama, sadece askeri analiz a\u00e7\u0131s\u0131ndan de\u011fil, T\u00fcrkiye gibi co\u011frafi olarak cephe hatt\u0131nda bulunan \u00fclkeler i\u00e7in bir uyar\u0131 niteli\u011fi ta\u015f\u0131yor.<\/p>\n\n\n\n<p>T\u00fcrkiye, y\u0131llard\u0131r NATO\u2019nun sad\u0131k bir \u00fcyesi. Ancak bu sadakat, \u00e7o\u011fu zaman tek tarafl\u0131 bir ba\u011fl\u0131l\u0131k olarak tezah\u00fcr etti. Ne zaman b\u00f6lgesel tehditler kap\u0131m\u0131za dayansa, ne zaman ter\u00f6r \u00f6rg\u00fctleri s\u0131n\u0131r\u0131m\u0131zda yuvalansa, T\u00fcrkiye \u00e7o\u011fu kez ya yaln\u0131z b\u0131rak\u0131ld\u0131 ya da ge\u00e7ici desteklerle oyaland\u0131. Bug\u00fcn geldi\u011fimiz noktada art\u0131k \u00e7ok daha net g\u00f6r\u00fcl\u00fcyor ki, T\u00fcrkiye&#8217;nin ulusal g\u00fcvenli\u011fini ba\u015fka yap\u0131lar\u0131n \u015femsiyesine emanet etmesi uzun vadede stratejik bir zafiyet olu\u015fturuyor.<\/p>\n\n\n\n<p>NATO\u2019nun Rusya tehdidine kar\u015f\u0131 &#8220;be\u015f y\u0131ll\u0131k bir haz\u0131rl\u0131k&#8221; \u00f6ng\u00f6r\u00fcs\u00fc, T\u00fcrkiye a\u00e7\u0131s\u0131ndan kabul edilemez bir rehaveti bar\u0131nd\u0131r\u0131yor. \u00c7\u00fcnk\u00fc be\u015f y\u0131l, jeopolitik ger\u00e7eklikler g\u00f6z \u00f6n\u00fcnde bulunduruldu\u011funda olduk\u00e7a uzun bir zaman dilimi. Olas\u0131 bir \u00e7at\u0131\u015fmada ilk hedef haline gelebilecek \u00fclkeler aras\u0131nda olan T\u00fcrkiye, savunmas\u0131n\u0131 ba\u015fkalar\u0131n\u0131n takvimine g\u00f6re \u015fekillendiremez.<\/p>\n\n\n\n<p>\u00c7\u00f6z\u00fcm, kendi savunma doktrinimizi s\u0131f\u0131rdan ve ba\u011f\u0131ms\u0131z bir \u015fekilde in\u015fa etmekten ge\u00e7iyor. T\u00fcrkiye; hava savunmas\u0131ndan siber g\u00fcvenli\u011fe, insans\u0131z sistemlerden uzun menzilli f\u00fcze teknolojilerine kadar kendi sistemlerini kurmal\u0131 ve bunlar\u0131 mill\u00ee kabiliyetlerle beslemelidir. Bug\u00fcn Bayraktar TB2, Ak\u0131nc\u0131, Hisar ve Siper gibi projeler bunun ne kadar m\u00fcmk\u00fcn oldu\u011funu g\u00f6stermektedir. Ancak yeterli de\u011fildir. Stratejik \u00f6zerklik, ancak NATO gibi yap\u0131lar\u0131n \u00f6tesinde kendi cayd\u0131r\u0131c\u0131l\u0131\u011f\u0131n\u0131 yaratabilen \u00fclkeler i\u00e7in m\u00fcmk\u00fcnd\u00fcr.<\/p>\n\n\n\n<p>Ayr\u0131ca T\u00fcrkiye, bu s\u00fcre\u00e7te b\u00f6lgesel savunma ortakl\u0131klar\u0131n\u0131 da geli\u015ftirmelidir. T\u00fcrk d\u00fcnyas\u0131yla, Orta Do\u011fu\u2019daki etkili akt\u00f6rlerle, Afrika\u2019daki m\u00fcttefiklerle savunma sanayiinde ortak \u00fcretim ve teknoloji payla\u015f\u0131m\u0131 modelleri olu\u015fturmak; sadece askeri de\u011fil, siyasi olarak da T\u00fcrkiye\u2019nin elini g\u00fc\u00e7lendirecektir.<\/p>\n\n\n\n<p>Unutulmamal\u0131d\u0131r ki tarih, kendi savunmas\u0131n\u0131 ba\u015fkas\u0131na havale eden milletlerin sonunu pek de iyi yazmam\u0131\u015ft\u0131r.<\/p>\n\n\n\n<p>NATO a\u00e7\u0131klamas\u0131 bize bir \u015fey g\u00f6steriyor: T\u00fcrkiye i\u00e7in art\u0131k zaman\u0131 gelen bir ger\u00e7ek var. Kendi g\u00f6be\u011fimizi kendimiz kesmeliyiz. Bu, bir se\u00e7enek de\u011fil, bir mecburiyet.<\/p>\n","protected":false},"excerpt":{"rendered":"<p>Ge\u00e7ti\u011fimiz g\u00fcnlerde NATO&#8217;nun yapt\u0131\u011f\u0131 dikkat \u00e7ekici bir a\u00e7\u0131klama uluslararas\u0131 g\u00fcvenlik \u00e7evrelerinde ciddi yank\u0131 uyand\u0131rd\u0131. NATO yetkililerine g\u00f6re Rusya, Bat\u0131\u2019ya \u2013yani do\u011frudan NATO \u00fclkelerine\u2013 kar\u015f\u0131 askeri g\u00fc\u00e7 kullanmaya be\u015f y\u0131l i\u00e7inde haz\u0131r hale gelebilir. Bu a\u00e7\u0131klama, sadece askeri analiz a\u00e7\u0131s\u0131ndan de\u011fil, T\u00fcrkiye gibi co\u011frafi olarak cephe hatt\u0131nda bulunan \u00fclkeler i\u00e7in bir uyar\u0131 niteli\u011fi ta\u015f\u0131yor.<\/p>\n","protected":false},"author":2,"featured_media":10721,"comment_status":"","ping_status":"","sticky":false,"template":"","format":"aside","meta":{"_jetpack_memberships_contains_paid_content":false,"footnotes":""},"categories":[83,88],"tags":[],"class_list":["post-10722","post","type-post","status-publish","format-aside","has-post-thumbnail","hentry","category-cevre-ve-politika","category-oneriler","post_format-post-format-aside"],"jetpack_featured_media_url":"https:\/\/altinisik.org\/wp-content\/uploads\/2025\/06\/3b37f64e-17f6-4857-a6ae-2c58beccfb0d-1.jpg","jetpack_sharing_enabled":true,"_links":{"self":[{"href":"https:\/\/altinisik.org\/index.php?rest_route=\/wp\/v2\/posts\/10722","targetHints":{"allow":["GET"]}}],"collection":[{"href":"https:\/\/altinisik.org\/index.php?rest_route=\/wp\/v2\/posts"}],"about":[{"href":"https:\/\/altinisik.org\/index.php?rest_route=\/wp\/v2\/types\/post"}],"author":[{"embeddable":true,"href":"https:\/\/altinisik.org\/index.php?rest_route=\/wp\/v2\/users\/2"}],"replies":[{"embeddable":true,"href":"https:\/\/altinisik.org\/index.php?rest_route=%2Fwp%2Fv2%2Fcomments&post=10722"}],"version-history":[{"count":0,"href":"https:\/\/altinisik.org\/index.php?rest_route=\/wp\/v2\/posts\/10722\/revisions"}],"wp:featuredmedia":[{"embeddable":true,"href":"https:\/\/altinisik.org\/index.php?rest_route=\/wp\/v2\/media\/10721"}],"wp:attachment":[{"href":"https:\/\/altinisik.org\/index.php?rest_route=%2Fwp%2Fv2%2Fmedia&parent=10722"}],"wp:term":[{"taxonomy":"category","embeddable":true,"href":"https:\/\/altinisik.org\/index.php?rest_route=%2Fwp%2Fv2%2Fcategories&post=10722"},{"taxonomy":"post_tag","embeddable":true,"href":"https:\/\/altinisik.org\/index.php?rest_route=%2Fwp%2Fv2%2Ftags&post=10722"}],"curies":[{"name":"wp","href":"https:\/\/api.w.org\/{rel}","templated":true}]}}