{"id":10720,"date":"2025-06-08T23:02:31","date_gmt":"2025-06-08T21:02:31","guid":{"rendered":"https:\/\/altinisik.org\/?p=10720"},"modified":"2025-06-08T23:02:31","modified_gmt":"2025-06-08T21:02:31","slug":"brukselde-saat-turkiyeyi-gosterdi","status":"publish","type":"post","link":"https:\/\/altinisik.org\/?p=10720","title":{"rendered":"Br\u00fcksel\u2019de Saat T\u00fcrkiye\u2019yi G\u00f6sterdi"},"content":{"rendered":"\n<p><\/p>\n\n\n\n<p>Zaman zaman sessizlik, f\u0131rt\u0131nadan daha b\u00fcy\u00fck bir habercidir. T\u00fcrkiye ile Avrupa Birli\u011fi aras\u0131ndaki ekonomik diyalog masas\u0131 tam alt\u0131 y\u0131l sessiz kald\u0131. Ne telefonlar \u00e7ald\u0131, ne kalemler oynad\u0131, ne de ciddi bir bulu\u015fma ya\u015fand\u0131. Ama \u015fimdi, Br\u00fcksel&#8217;de o masa yeniden kuruldu. \u00dcstelik bu kez dosyalar dolu, ajandalar net, iradeler g\u00fc\u00e7l\u00fcyd\u00fc.<\/p>\n\n\n\n<p>T\u00fcrkiye oradayd\u0131. Haz\u0131rl\u0131kl\u0131, kararl\u0131 ve net bir vizyonla. Hazine ve Maliye Bakan\u0131 Mehmet \u015eim\u015fek ile Ticaret Bakan\u0131 \u00d6mer Bolat\u2019\u0131n temsil etti\u011fi heyet, sadece bir \u00fclkenin teknik sunumunu de\u011fil, bir milletin toparlanma iradesini masaya koydu. 2025\u20132027 Ekonomik Reform Program\u0131, T\u00fcrkiye\u2019nin art\u0131k g\u00fcn\u00fc kurtaran de\u011fil, yar\u0131n\u0131 planlayan bir ekonomi politikas\u0131 izledi\u011fini g\u00f6sterdi.<\/p>\n\n\n\n<p>Br\u00fcksel\u2019in dili bellidir. C\u00fcmleler k\u0131sad\u0131r, mesajlar uzundur. Ve bu kez AB yetkilileri farkl\u0131 bir T\u00fcrkiye g\u00f6rd\u00fc. S\u00f6yleyip yapmayan de\u011fil, \u00f6nce yap\u0131p sonra anlatan bir T\u00fcrkiye. Evet, zorluklar oldu. Ama T\u00fcrkiye, ekonomik t\u00fcrb\u00fclanstan siyasi so\u011fuklu\u011fa kadar pek \u00e7ok ba\u015fl\u0131kta yeniden y\u00f6n\u00fcn\u00fc buldu. Ve bu y\u00f6n, \u00e7at\u0131\u015fma de\u011fil uzla\u015fma, savrulma de\u011fil istikrar, iddia de\u011fil icraat \u00fczerine kurulu.<\/p>\n\n\n\n<p>Ortak bildiride yer alan \u201chukukun \u00fcst\u00fcnl\u00fc\u011f\u00fc, demokrasi, temel hak ve \u00f6zg\u00fcrl\u00fckler\u201d vurgusu, baz\u0131 \u00e7evrelerce klasik bir tekrar olarak g\u00f6r\u00fclebilir. Ama T\u00fcrkiye a\u00e7\u0131s\u0131ndan bu sat\u0131rlar bir meydan okumad\u0131r. \u00c7\u00fcnk\u00fc art\u0131k bu ilkeler, Bat\u0131&#8217;n\u0131n bize dikte etti\u011fi de\u011fil; bizim kendimize verdi\u011fimiz s\u00f6zlerdir. Yani mesele, Avrupa\u2019y\u0131 memnun etmek de\u011fil; milletin refah\u0131n\u0131, adaletini, huzurunu sa\u011flama meselesidir.<\/p>\n\n\n\n<p>G\u00fcmr\u00fck Birli\u011fi&#8217;nin g\u00fcncellenmesi, vize serbestisi, yat\u0131r\u0131m ortam\u0131n\u0131n iyile\u015ftirilmesi gibi ba\u015fl\u0131klar, teknik g\u00f6r\u00fcnebilir. Ama asl\u0131nda her biri birer siyasi turnusol k\u00e2\u011f\u0131d\u0131d\u0131r. Bu konulardaki ilerleme, sadece ekonomiyi de\u011fil; y\u00f6n\u00fcm\u00fcz\u00fc, niyetimizi ve ciddiyetimizi de ortaya koyacakt\u0131r. T\u00fcrkiye bug\u00fcn sadece Avrupa&#8217;n\u0131n \u00e7evresinde de\u011fil; merkezinde tart\u0131\u015f\u0131lan, dikkate al\u0131nan, hatta eksikli\u011finde kriz b\u00fcy\u00fcyen bir \u00fclkedir.<\/p>\n\n\n\n<p>Ve evet, Avrupa T\u00fcrkiye\u2019yi yeniden konu\u015fuyor. \u00c7\u00fcnk\u00fc ne enerji g\u00fcvenli\u011fini T\u00fcrkiye\u2019siz sa\u011flayabilir, ne g\u00f6\u00e7 ak\u0131n\u0131n\u0131 y\u00f6netebilir, ne de Do\u011fu Akdeniz\u2019de denge kurabilir. T\u00fcrkiye olmadan bu co\u011frafya eksik kal\u0131yor. Bunu T\u00fcrkiye uzun zamand\u0131r biliyordu, Br\u00fcksel ise nihayet anlamaya ba\u015flad\u0131.<\/p>\n\n\n\n<p>Bu toplant\u0131dan \u00e7\u0131kan en b\u00fcy\u00fck sonu\u00e7 \u015fudur: T\u00fcrkiye art\u0131k masada izlenen de\u011fil, masa kuran bir akt\u00f6r olmak istiyor. Bug\u00fcne kadar hep \u201cne verirseniz al\u0131r\u0131z\u201d diyen T\u00fcrkiye gitti, yerine \u201cne payla\u015faca\u011f\u0131z?\u201d diyen bir T\u00fcrkiye geldi. Bu, \u00f6zg\u00fcvenin ve devlet akl\u0131n\u0131n yeniden bulu\u015fmas\u0131d\u0131r.<\/p>\n\n\n\n<p>\u015eimdi soru \u015fu: Bu ad\u0131mlar kararl\u0131l\u0131kla devam edecek mi? Evet. \u00c7\u00fcnk\u00fc bu yol art\u0131k sadece ekonomiyle de\u011fil, milletin gelece\u011fine olan borcumuzla ilgili. Art\u0131k T\u00fcrkiye sadece bug\u00fcn\u00fc de\u011fil, yar\u0131n\u0131 da d\u00fc\u015f\u00fcnen bir devlet refleksiyle hareket ediyor.<\/p>\n\n\n\n<p>Br\u00fcksel\u2019de kurulan masa bize sadece d\u0131\u015f d\u00fcnyadan gelen bir davet de\u011fil, ayn\u0131 zamanda i\u00e7erde yeniden aya\u011fa kalkma \u00e7a\u011fr\u0131s\u0131d\u0131r. Bu \u00e7a\u011fr\u0131ya kulak verilmeli. \u00c7\u00fcnk\u00fc bu kez saat, T\u00fcrkiye\u2019yi g\u00f6steriyor.<\/p>\n","protected":false},"excerpt":{"rendered":"<p>Zaman zaman sessizlik, f\u0131rt\u0131nadan daha b\u00fcy\u00fck bir habercidir. T\u00fcrkiye ile Avrupa Birli\u011fi aras\u0131ndaki ekonomik diyalog masas\u0131 tam alt\u0131 y\u0131l sessiz kald\u0131. Ne telefonlar \u00e7ald\u0131, ne kalemler oynad\u0131, ne de ciddi bir bulu\u015fma ya\u015fand\u0131. Ama \u015fimdi, Br\u00fcksel&#8217;de o masa yeniden kuruldu. \u00dcstelik bu kez dosyalar dolu, ajandalar net, iradeler g\u00fc\u00e7l\u00fcyd\u00fc.<\/p>\n","protected":false},"author":2,"featured_media":10719,"comment_status":"","ping_status":"","sticky":false,"template":"","format":"aside","meta":{"_jetpack_memberships_contains_paid_content":false,"footnotes":""},"categories":[88],"tags":[],"class_list":["post-10720","post","type-post","status-publish","format-aside","has-post-thumbnail","hentry","category-oneriler","post_format-post-format-aside"],"jetpack_featured_media_url":"https:\/\/altinisik.org\/wp-content\/uploads\/2025\/06\/1b041b3e-f9a8-4632-9471-ead86bcb5067-1.jpg","jetpack_sharing_enabled":true,"_links":{"self":[{"href":"https:\/\/altinisik.org\/index.php?rest_route=\/wp\/v2\/posts\/10720","targetHints":{"allow":["GET"]}}],"collection":[{"href":"https:\/\/altinisik.org\/index.php?rest_route=\/wp\/v2\/posts"}],"about":[{"href":"https:\/\/altinisik.org\/index.php?rest_route=\/wp\/v2\/types\/post"}],"author":[{"embeddable":true,"href":"https:\/\/altinisik.org\/index.php?rest_route=\/wp\/v2\/users\/2"}],"replies":[{"embeddable":true,"href":"https:\/\/altinisik.org\/index.php?rest_route=%2Fwp%2Fv2%2Fcomments&post=10720"}],"version-history":[{"count":0,"href":"https:\/\/altinisik.org\/index.php?rest_route=\/wp\/v2\/posts\/10720\/revisions"}],"wp:featuredmedia":[{"embeddable":true,"href":"https:\/\/altinisik.org\/index.php?rest_route=\/wp\/v2\/media\/10719"}],"wp:attachment":[{"href":"https:\/\/altinisik.org\/index.php?rest_route=%2Fwp%2Fv2%2Fmedia&parent=10720"}],"wp:term":[{"taxonomy":"category","embeddable":true,"href":"https:\/\/altinisik.org\/index.php?rest_route=%2Fwp%2Fv2%2Fcategories&post=10720"},{"taxonomy":"post_tag","embeddable":true,"href":"https:\/\/altinisik.org\/index.php?rest_route=%2Fwp%2Fv2%2Ftags&post=10720"}],"curies":[{"name":"wp","href":"https:\/\/api.w.org\/{rel}","templated":true}]}}