{"id":10718,"date":"2025-06-03T15:15:56","date_gmt":"2025-06-03T13:15:56","guid":{"rendered":"https:\/\/altinisik.org\/?p=10718"},"modified":"2025-06-03T15:15:56","modified_gmt":"2025-06-03T13:15:56","slug":"bu-topraklara-artik-yalniz-baris-yakisir","status":"publish","type":"post","link":"https:\/\/altinisik.org\/?p=10718","title":{"rendered":"Bu Topraklara Art\u0131k Yaln\u0131z Bar\u0131\u015f Yak\u0131\u015f\u0131r"},"content":{"rendered":"\n<p><\/p>\n\n\n\n<p>Y\u0131llard\u0131r bu \u00fclkenin kaderine bir c\u00fcmle kaz\u0131nd\u0131:<br>\u201cBu topraklarda bar\u0131\u015f olmaz.\u201d<\/p>\n\n\n\n<p>Ne zaman ortak bir gelecek d\u00fc\u015flense, ne zaman ayn\u0131 sofraya oturma arzusu belirse, birileri hemen karanl\u0131k c\u00fcmlelerle ortaya \u00e7\u0131kt\u0131:<br>\u201cTer\u00f6r bitmez. Karde\u015flik m\u00fcmk\u00fcn de\u011fil. Bu millet bir arada ya\u015fayamaz.\u201d<\/p>\n\n\n\n<p>Oysa bu s\u00f6zler, yaln\u0131zca bir umudu de\u011fil, bir milleti rehin almak isteyen zihniyetin \u00fcr\u00fcn\u00fcd\u00fcr.<br \/>Ve \u015fimdi art\u0131k bu zihniyeti reddetmenin, yeni bir T\u00fcrkiye ger\u00e7e\u011fini kabul etmenin vaktidir:<br \/>Bu \u00fclke, ter\u00f6rs\u00fcz bir gelece\u011fi hak ediyor.<\/p>\n\n\n\n<p>\u00c7\u00fcnk\u00fc biz, \u00e7at\u0131\u015fman\u0131n de\u011fil; birli\u011fin geneti\u011fini ta\u015f\u0131yoruz.<br \/>Bin y\u0131ld\u0131r ayn\u0131 topra\u011f\u0131 vatan bilen, ayn\u0131 ac\u0131ya g\u00f6zya\u015f\u0131 d\u00f6ken, ayn\u0131 bayra\u011fa sar\u0131lan bir milletiz.<\/p>\n\n\n\n<p>Bug\u00fcn T\u00fcrkiye, sadece ter\u00f6rle m\u00fccadele etmiyor.<br \/>Ayn\u0131 zamanda kendi i\u00e7 bar\u0131\u015f\u0131n\u0131 yeniden in\u015fa ediyor.<br \/>Sadece silah\u0131 susturmuyor; g\u00f6n\u00fclleri konu\u015fturuyor, kalpleri onar\u0131yor.<\/p>\n\n\n\n<p>Evet, bu kolay de\u011fil.<br \/>Evet, y\u0131llarca derinle\u015ftirilen fay hatlar\u0131 kolayca kapanmaz.<br \/>Ama \u015funu art\u0131k y\u00fcksek sesle s\u00f6ylemeliyiz:<br \/>Bu \u00fclkenin \u00e7ocuklar\u0131na \u00e7at\u0131\u015fmay\u0131 de\u011fil, bar\u0131\u015f\u0131 miras b\u0131rakmal\u0131y\u0131z.<br \/>Bu topraklara art\u0131k yaln\u0131zca bar\u0131\u015f yak\u0131\u015f\u0131r.<\/p>\n\n\n\n<p>Bug\u00fcn ter\u00f6rs\u00fcz T\u00fcrkiye hayali; sadece bir g\u00fcvenlik politikas\u0131 de\u011fil, ayn\u0131 zamanda bir kalk\u0131nma, bir e\u015fitlik ve bir adalet projesidir.<br \/>Yat\u0131r\u0131mla, e\u011fitimle, istihdamla, k\u00fclt\u00fcrle, irfanla y\u00fcr\u00fct\u00fclmesi gereken uzun soluklu bir y\u00fcr\u00fcy\u00fc\u015ft\u00fcr bu.<br \/>Ve bu y\u00fcr\u00fcy\u00fc\u015f; siyasetin vizyonunu, akademinin rehberli\u011fini, toplumun deste\u011fini ve milletin duas\u0131n\u0131 gerektirir.<\/p>\n\n\n\n<p>Zira mesele sadece da\u011fdaki silah de\u011fil; zihinlerdeki ku\u015fatmay\u0131 k\u0131rmakt\u0131r.<br \/>Mesele yaln\u0131zca s\u0131n\u0131r g\u00fcvenli\u011fi de\u011fil; g\u00f6n\u00fcl s\u0131n\u0131rlar\u0131n\u0131 a\u00e7makt\u0131r.<br \/>As\u0131l mesele, birbirine g\u00fcvenen bir T\u00fcrkiye\u2019dir.<br \/>\u0130nanan, konu\u015fan, dinleyen, merhamet eden, birlikte y\u00fcr\u00fcyen bir millet idealidir.<\/p>\n\n\n\n<p>Bug\u00fcn art\u0131k seyreden de\u011fil, y\u00f6n veren bir T\u00fcrkiye var.<br \/>Tarihi sadece ya\u015fayan de\u011fil, onu yeniden yazmaya talip bir millet var.<\/p>\n\n\n\n<p>Bu \u00f6zg\u00fcven kibir de\u011fil, ge\u00e7mi\u015fin emanetine sahip \u00e7\u0131kmakt\u0131r.<br \/>Bu irade bir tepki de\u011fil, bir medeniyet in\u015fas\u0131d\u0131r.<\/p>\n\n\n\n<p>Gelin, karde\u015fli\u011fin \u00f6n\u00fcne set \u00e7ekmeyelim.<br \/>Gelin, bar\u0131\u015f\u0131 yaln\u0131zca bir temenni de\u011fil, bir devlet ve millet politikas\u0131 haline getirelim.<br \/>Gelin, T\u00fcrkiye Y\u00fczy\u0131l\u0131\u2019n\u0131 sadece kalk\u0131nma de\u011fil, birlik ve huzur y\u00fczy\u0131l\u0131 olarak tarihe kaz\u0131yal\u0131m.<\/p>\n\n\n\n<p>\u00c7\u00fcnk\u00fc biz inan\u0131yoruz:<br>Ter\u00f6rs\u00fcz bir T\u00fcrkiye m\u00fcmk\u00fcnd\u00fcr.<br>Ve bu \u00fclkenin gelece\u011fi, art\u0131k bar\u0131\u015f\u0131n sesinde b\u00fcy\u00fcyecektir.<\/p>\n","protected":false},"excerpt":{"rendered":"<p>Ne zaman ortak bir gelecek d\u00fc\u015flense, ne zaman ayn\u0131 sofraya oturma arzusu belirse, birileri hemen karanl\u0131k c\u00fcmlelerle ortaya \u00e7\u0131kt\u0131:\u2028\u201cTer\u00f6r bitmez. Karde\u015flik m\u00fcmk\u00fcn de\u011fil. Bu millet bir arada ya\u015fayamaz.\u201d<\/p>\n","protected":false},"author":2,"featured_media":10717,"comment_status":"","ping_status":"","sticky":false,"template":"","format":"aside","meta":{"_jetpack_memberships_contains_paid_content":false,"footnotes":""},"categories":[83,4],"tags":[],"class_list":["post-10718","post","type-post","status-publish","format-aside","has-post-thumbnail","hentry","category-cevre-ve-politika","category-sivil-toplum-hareketi","post_format-post-format-aside"],"jetpack_featured_media_url":"https:\/\/altinisik.org\/wp-content\/uploads\/2025\/06\/01c551ad-72f0-4b46-a1b4-993ff8e07b10-1.jpg","jetpack_sharing_enabled":true,"_links":{"self":[{"href":"https:\/\/altinisik.org\/index.php?rest_route=\/wp\/v2\/posts\/10718","targetHints":{"allow":["GET"]}}],"collection":[{"href":"https:\/\/altinisik.org\/index.php?rest_route=\/wp\/v2\/posts"}],"about":[{"href":"https:\/\/altinisik.org\/index.php?rest_route=\/wp\/v2\/types\/post"}],"author":[{"embeddable":true,"href":"https:\/\/altinisik.org\/index.php?rest_route=\/wp\/v2\/users\/2"}],"replies":[{"embeddable":true,"href":"https:\/\/altinisik.org\/index.php?rest_route=%2Fwp%2Fv2%2Fcomments&post=10718"}],"version-history":[{"count":0,"href":"https:\/\/altinisik.org\/index.php?rest_route=\/wp\/v2\/posts\/10718\/revisions"}],"wp:featuredmedia":[{"embeddable":true,"href":"https:\/\/altinisik.org\/index.php?rest_route=\/wp\/v2\/media\/10717"}],"wp:attachment":[{"href":"https:\/\/altinisik.org\/index.php?rest_route=%2Fwp%2Fv2%2Fmedia&parent=10718"}],"wp:term":[{"taxonomy":"category","embeddable":true,"href":"https:\/\/altinisik.org\/index.php?rest_route=%2Fwp%2Fv2%2Fcategories&post=10718"},{"taxonomy":"post_tag","embeddable":true,"href":"https:\/\/altinisik.org\/index.php?rest_route=%2Fwp%2Fv2%2Ftags&post=10718"}],"curies":[{"name":"wp","href":"https:\/\/api.w.org\/{rel}","templated":true}]}}