{"id":10711,"date":"2025-05-22T22:49:16","date_gmt":"2025-05-22T20:49:16","guid":{"rendered":"https:\/\/altinisik.org\/?p=10711"},"modified":"2025-05-22T22:49:16","modified_gmt":"2025-05-22T20:49:16","slug":"yatirimla-buyuyen-ekonomi-enflasyonla-mucadelede-yeni-bir-yol","status":"publish","type":"post","link":"https:\/\/altinisik.org\/?p=10711","title":{"rendered":"Yat\u0131r\u0131mla B\u00fcy\u00fcyen Ekonomi: Enflasyonla M\u00fccadelede Yeni Bir Yol"},"content":{"rendered":"\n<p><\/p>\n\n\n\n<p>Son y\u0131llarda, ekonomik dengeleri sa\u011flamak ve enflasyonla m\u00fccadele etmek, t\u00fcm \u00fclkeler i\u00e7in \u00f6nemli bir g\u00fcndem maddesi olmu\u015ftur. Geleneksel olarak, enflasyonu kontrol alt\u0131na almak i\u00e7in s\u0131kl\u0131kla faiz oranlar\u0131n\u0131n art\u0131r\u0131lmas\u0131 gibi para politikalar\u0131 \u00f6n plana \u00e7\u0131km\u0131\u015ft\u0131r. Ancak bu yakla\u015f\u0131m\u0131n ekonomik b\u00fcy\u00fcmeyi yava\u015flatabilece\u011fi ve istihdam \u00fczerinde olumsuz etkiler yaratabilece\u011fi de bir ger\u00e7ektir.<\/p>\n\n\n\n<p>Peki, enflasyonla m\u00fccadelede sadece faiz politikalar\u0131na odaklanmak yerine, yat\u0131r\u0131m politikalar\u0131n\u0131 nas\u0131l \u00f6nceliklendirebiliriz?<\/p>\n\n\n\n<p>Yat\u0131r\u0131mlar\u0131n G\u00fcc\u00fc: Ekonomik B\u00fcy\u00fcmenin Anahtar\u0131<\/p>\n\n\n\n<p>Yat\u0131r\u0131mlar, bir ekonominin \u00fcretim kapasitesini art\u0131ran ve uzun vadede s\u00fcrd\u00fcr\u00fclebilir b\u00fcy\u00fcmeyi destekleyen en \u00f6nemli fakt\u00f6rlerden biridir. Yat\u0131r\u0131m te\u015fvikleri, \u00f6zel sekt\u00f6r\u00fcn yeni projeler ve giri\u015fimler i\u00e7in kaynak bulmas\u0131n\u0131 kolayla\u015ft\u0131r\u0131r. Sanayi, enerji, teknoloji ve tar\u0131m gibi alanlarda yap\u0131lan yat\u0131r\u0131mlar, hem \u00fcretimi art\u0131r\u0131r hem de istihdam yarat\u0131r.<\/p>\n\n\n\n<p>Artan \u00fcretim kapasitesi ise, piyasadaki mal ve hizmet arz\u0131n\u0131 y\u00fckselterek fiyat bask\u0131lar\u0131n\u0131 hafifletir. B\u00f6ylece enflasyon, do\u011fal yollardan ve s\u00fcrd\u00fcr\u00fclebilir bir bi\u00e7imde kontrol alt\u0131na al\u0131nabilir.<\/p>\n\n\n\n<p>Sadece Faiz De\u011fil, Stratejik Yat\u0131r\u0131m Gerek<\/p>\n\n\n\n<p>Merkez Bankas\u0131&#8217;n\u0131n uygulad\u0131\u011f\u0131 s\u0131k\u0131 para politikalar\u0131 k\u0131sa vadeli etkiler yaratabilir; ancak kal\u0131c\u0131 \u00e7\u00f6z\u00fcm i\u00e7in \u00fcretim ekonomisine ge\u00e7i\u015f \u015fart. Devletin \u00f6nc\u00fcl\u00fck etti\u011fi stratejik yat\u0131r\u0131mlar, \u00f6zel sekt\u00f6r\u00fc de harekete ge\u00e7irerek ekonomiye canl\u0131l\u0131k kazand\u0131r\u0131r. \u00d6zellikle y\u00fcksek teknoloji, ye\u015fil enerji ve altyap\u0131 projeleri hem cari a\u00e7\u0131\u011f\u0131 azalt\u0131r hem de d\u0131\u015fa ba\u011f\u0131ml\u0131l\u0131\u011f\u0131 d\u00fc\u015f\u00fcr\u00fcr.<\/p>\n\n\n\n<p>Bu da, d\u00f6viz kurunun bask\u0131lamas\u0131na katk\u0131 sa\u011flayarak ithalat kaynakl\u0131 enflasyonla m\u00fccadelede g\u00fc\u00e7l\u00fc bir zemin olu\u015fturur.<\/p>\n\n\n\n<p>Enflasyona Kar\u015f\u0131 Uzun Vadeli Strateji<\/p>\n\n\n\n<p>Elbette faiz politikalar\u0131 gerekti\u011finde kullan\u0131labilir. Ancak, sadece talebi bask\u0131lamakla yetinmek, ekonomiyi daraltma riskini de beraberinde getirir. Enflasyonla ger\u00e7ek anlamda m\u00fccadele, \u00fcretim art\u0131\u015f\u0131 ve verimlili\u011fe dayal\u0131 politikalarla m\u00fcmk\u00fcnd\u00fcr. Bu da ancak yat\u0131r\u0131m ortam\u0131n\u0131n iyile\u015ftirilmesi, giri\u015fimcili\u011fin desteklenmesi ve uzun vadeli ekonomik vizyonla ba\u015far\u0131labilir.<\/p>\n\n\n\n<p>K\u0131sacas\u0131, enflasyona kar\u015f\u0131 g\u00fc\u00e7l\u00fc bir silah ar\u0131yorsak, bu silah\u0131n ad\u0131: yat\u0131r\u0131md\u0131r.<\/p>\n","protected":false},"excerpt":{"rendered":"<p>Son y\u0131llarda, ekonomik dengeleri sa\u011flamak ve enflasyonla m\u00fccadele etmek, t\u00fcm \u00fclkeler i\u00e7in \u00f6nemli bir g\u00fcndem maddesi olmu\u015ftur. Geleneksel olarak, enflasyonu kontrol alt\u0131na almak i\u00e7in s\u0131kl\u0131kla faiz oranlar\u0131n\u0131n art\u0131r\u0131lmas\u0131 gibi para politikalar\u0131 \u00f6n plana \u00e7\u0131km\u0131\u015ft\u0131r. Ancak bu yakla\u015f\u0131m\u0131n ekonomik b\u00fcy\u00fcmeyi yava\u015flatabilece\u011fi ve istihdam \u00fczerinde olumsuz etkiler yaratabilece\u011fi de bir ger\u00e7ektir.<\/p>\n","protected":false},"author":2,"featured_media":10710,"comment_status":"","ping_status":"","sticky":false,"template":"","format":"aside","meta":{"_jetpack_memberships_contains_paid_content":false,"footnotes":""},"categories":[83,88],"tags":[],"class_list":["post-10711","post","type-post","status-publish","format-aside","has-post-thumbnail","hentry","category-cevre-ve-politika","category-oneriler","post_format-post-format-aside"],"jetpack_featured_media_url":"https:\/\/altinisik.org\/wp-content\/uploads\/2025\/05\/3c1773b7-9a85-4505-bed7-c7999a11dd42-1.jpg","jetpack_sharing_enabled":true,"_links":{"self":[{"href":"https:\/\/altinisik.org\/index.php?rest_route=\/wp\/v2\/posts\/10711","targetHints":{"allow":["GET"]}}],"collection":[{"href":"https:\/\/altinisik.org\/index.php?rest_route=\/wp\/v2\/posts"}],"about":[{"href":"https:\/\/altinisik.org\/index.php?rest_route=\/wp\/v2\/types\/post"}],"author":[{"embeddable":true,"href":"https:\/\/altinisik.org\/index.php?rest_route=\/wp\/v2\/users\/2"}],"replies":[{"embeddable":true,"href":"https:\/\/altinisik.org\/index.php?rest_route=%2Fwp%2Fv2%2Fcomments&post=10711"}],"version-history":[{"count":0,"href":"https:\/\/altinisik.org\/index.php?rest_route=\/wp\/v2\/posts\/10711\/revisions"}],"wp:featuredmedia":[{"embeddable":true,"href":"https:\/\/altinisik.org\/index.php?rest_route=\/wp\/v2\/media\/10710"}],"wp:attachment":[{"href":"https:\/\/altinisik.org\/index.php?rest_route=%2Fwp%2Fv2%2Fmedia&parent=10711"}],"wp:term":[{"taxonomy":"category","embeddable":true,"href":"https:\/\/altinisik.org\/index.php?rest_route=%2Fwp%2Fv2%2Fcategories&post=10711"},{"taxonomy":"post_tag","embeddable":true,"href":"https:\/\/altinisik.org\/index.php?rest_route=%2Fwp%2Fv2%2Ftags&post=10711"}],"curies":[{"name":"wp","href":"https:\/\/api.w.org\/{rel}","templated":true}]}}