{"id":10709,"date":"2025-05-20T19:13:57","date_gmt":"2025-05-20T17:13:57","guid":{"rendered":"https:\/\/altinisik.org\/?p=10709"},"modified":"2025-05-20T19:13:57","modified_gmt":"2025-05-20T17:13:57","slug":"icimizdeki-tezatlar-ve-kardeslik-sinavi-turkiye-israil-ve-azerbaycan-uzerine-bir-vicdan-muhasebesi","status":"publish","type":"post","link":"https:\/\/altinisik.org\/?p=10709","title":{"rendered":"\u0130\u00e7imizdeki Tezatlar ve Karde\u015flik S\u0131nav\u0131: T\u00fcrkiye, \u0130srail ve Azerbaycan \u00dczerine Bir Vicdan Muhasebesi"},"content":{"rendered":"\n<p><\/p>\n\n\n\n<p>T\u00fcrkiye, 21. y\u00fczy\u0131lda sadece b\u00f6lgesel de\u011fil k\u00fcresel anlamda da yeni bir g\u00fc\u00e7 merkezi olma yolunda \u00f6nemli ad\u0131mlar atmaktad\u0131r. Enerji koridorlar\u0131ndan savunma sanayisine, diplomatik hamlelerden insani duru\u015funa kadar pek \u00e7ok alanda g\u00fc\u00e7l\u00fc bir duru\u015f sergileyen T\u00fcrkiye, \u00f6zellikle Filistin meselesindeki net ve ilkeli tavr\u0131yla mazlum halklar\u0131n sesi olmu\u015ftur. Bu kararl\u0131 duru\u015fun sadece devletin de\u011fil, milletin vicdani bir refleksi oldu\u011funu da unutmamak gerekir.<\/p>\n\n\n\n<p>Ancak bu y\u00fcksek ideallerin ve d\u0131\u015f politikadaki omurgal\u0131 duru\u015fun i\u00e7 siyasette baz\u0131 \u00f6rneklerle g\u00f6lgelenmesi, halk\u0131n vicdan\u0131nda derin yaralar a\u00e7maktad\u0131r. \u0130ktidar partisinde \u00fc\u00e7 d\u00f6nem milletvekilli\u011fi yapm\u0131\u015f, \u00f6nemli g\u00f6revlerde bulunmu\u015f bir \u015fahs\u0131n, bug\u00fcn Ankara\u2019da bir \u00fcniversitenin rekt\u00f6rl\u00fc\u011f\u00fcn\u00fc y\u00fcr\u00fctmesi yetmiyormu\u015f gibi, \u0130srail\u2019in T\u00fcrkiye\u2019deki yay\u0131n organ\u0131 gibi \u00e7al\u0131\u015fan \u015ealom gazetesinde k\u00f6\u015fe yazarl\u0131\u011f\u0131 yapmas\u0131, kamuoyunda hakl\u0131 olarak b\u00fcy\u00fck bir sorgulama do\u011furmaktad\u0131r.<\/p>\n\n\n\n<p>S\u00f6z konusu isim, Gazze\u2019de \u00e7ocuklar can verirken, anneler evlats\u0131z, \u015fehirler sessizli\u011fe g\u00f6m\u00fclm\u00fc\u015fken tek bir payla\u015f\u0131mda dahi bulunmam\u0131\u015f, buna kar\u015f\u0131n \u0130srail as\u0131ll\u0131 bir sanat\u00e7\u0131ya sahip \u00e7\u0131kan ifadeleriyle dikkat \u00e7ekmi\u015ftir. Burada sadece bir duyars\u0131zl\u0131k de\u011fil, a\u00e7\u0131k bir tezat, hatta ikiy\u00fczl\u00fcl\u00fck s\u00f6z konusudur. Zira bu ki\u015fi, milletin de\u011ferlerini temsil etmesi gereken bir g\u00f6revde bulunmakta ve ayn\u0131 zamanda iktidar partisinin misyonunu da yans\u0131tt\u0131\u011f\u0131 iddias\u0131ndad\u0131r. Oysa sergiledi\u011fi tutum, partinin ideolojik \u00e7izgisiyle a\u00e7\u0131k\u00e7a \u00e7eli\u015fmektedir.<\/p>\n\n\n\n<p>Burada bir durup d\u00fc\u015f\u00fcnmek gerekir: Bu \u015fah\u0131s bu milletin hangi de\u011ferlerini savunmakta, hangi duygular\u0131na terc\u00fcman olmaktad\u0131r? Milli iradeyi temsil iddias\u0131ndaki bir pozisyonda olan bir ki\u015finin, milletin vicdan\u0131n\u0131 derinden yaralayan bir s\u00fcre\u00e7te bu kadar duyars\u0131z kalmas\u0131 kabul edilebilir mi? Bu sorular sadece bir ki\u015fiye de\u011fil, sistemin kendisine de y\u00f6neltilmelidir. Zira mesele bir bireyin tutumu olmaktan \u00e7\u0131km\u0131\u015f, sistematik bir vurdumduymazl\u0131k ve hesap sorulmayan bir \u00e7arp\u0131kl\u0131k haline gelmi\u015ftir.<\/p>\n\n\n\n<p>\u00d6te yandan, bu i\u00e7sel \u00e7eli\u015fkileri ya\u015farken bir de &#8220;iki devlet, tek millet&#8221; \u015fiar\u0131n\u0131 payla\u015ft\u0131\u011f\u0131m\u0131z karde\u015f \u00fclke Azerbaycan&#8217;\u0131n tutumu, milletimizin vicdan\u0131nda ba\u015fka bir yara daha a\u00e7m\u0131\u015ft\u0131r. Son Eurovision \u015eark\u0131 Yar\u0131\u015fmas\u0131\u2019nda Azerbaycan\u2019\u0131n \u0130srail\u2019e tam 12 puan vermesi, sadece m\u00fczikle a\u00e7\u0131klanamayacak bir tavr\u0131n yans\u0131mas\u0131d\u0131r. Bu sembolik ad\u0131m, asl\u0131nda iki \u00fclke aras\u0131ndaki derinle\u015fen siyasi ve ekonomik ili\u015fkilerin bir ifadesidir. Oysa T\u00fcrkiye, \u0130srail&#8217;in Filistin topraklar\u0131ndaki zulm\u00fcne kar\u015f\u0131 kararl\u0131 bir duru\u015f sergilerken, Azerbaycan\u2019\u0131n \u0130srail ile askeri ve ticari ili\u015fkilerini her ge\u00e7en g\u00fcn daha da ileriye ta\u015f\u0131mas\u0131, karde\u015flik hukuku a\u00e7\u0131s\u0131ndan izaha muhta\u00e7 bir durumdur.<\/p>\n\n\n\n<p>Azerbaycan\u2019\u0131n, \u00f6zellikle savunma sanayinde \u0130srail\u2019e ba\u011f\u0131ml\u0131l\u0131\u011f\u0131, \u0130ran\u2019a kar\u015f\u0131 konumlanma stratejisi ve Bat\u0131 ile ili\u015fkilerini dengeleme gayreti, bu ili\u015fkilerin arka plan\u0131n\u0131 olu\u015fturmaktad\u0131r. Ancak bu gerek\u00e7eler, mazlum Filistin halk\u0131n\u0131n ya\u015fad\u0131\u011f\u0131 katliamlar\u0131 g\u00f6rmezden gelmenin bahanesi olamaz. Hele ki bu ili\u015fkilerin halk iradesinden \u00e7ok, belirli bir vesayet yap\u0131s\u0131n\u0131n y\u00f6nlendirmesiyle \u015fekillendi\u011fi d\u00fc\u015f\u00fcn\u00fcl\u00fcrse, Azerbaycan halk\u0131n\u0131n da kendi i\u00e7inde bir \u00f6zg\u00fcrl\u00fck m\u00fccadelesi vermesi gerekti\u011fi ger\u00e7e\u011fi ortaya \u00e7\u0131kar.<\/p>\n\n\n\n<p>Zira halklar, her zaman y\u00f6neticilerinin politikalar\u0131n\u0131 onaylamaz. T\u00fcrkiye&#8217;de oldu\u011fu gibi Azerbaycan&#8217;da da devlet politikalar\u0131 ile halk\u0131n vicdan\u0131 aras\u0131nda zaman zaman b\u00fcy\u00fck farklar olabilir. Bu noktada medya, sivil toplum ve kanaat \u00f6nderlerine b\u00fcy\u00fck sorumluluk d\u00fc\u015fmektedir. Ger\u00e7ek karde\u015flik, yaln\u0131zca sava\u015fta de\u011fil, bar\u0131\u015fta da birbirinin yan\u0131nda durmay\u0131; yaln\u0131zca zaferde de\u011fil, mazlumun yan\u0131nda saf tutmay\u0131 gerektirir.<\/p>\n\n\n\n<p>T\u00fcrkiye, b\u00fcy\u00fck bir \u00fclke olman\u0131n gere\u011fi olarak sadece kendi co\u011frafyas\u0131na de\u011fil, dost ve karde\u015f \u00fclkelerin i\u00e7 siyasal dinamiklerine de dikkat kesilmek zorundad\u0131r. Gerek i\u00e7 siyasetteki tutars\u0131zl\u0131klar, gerek d\u0131\u015f politikadaki k\u0131r\u0131lmalar, milletin moralini zedelemekte; \u00fclkenin itibar\u0131na g\u00f6lge d\u00fc\u015f\u00fcrmektedir. Bu tablo kar\u015f\u0131s\u0131nda, milletin de\u011ferlerine sad\u0131k duran, samimi ve ilkeli bir duru\u015f sergileyen herkesin sorumluluk almas\u0131, sessiz kalmamas\u0131 bir zorunluluktur.<\/p>\n\n\n\n<p>Sonu\u00e7 olarak; T\u00fcrkiye\u2019nin vicdanl\u0131 duru\u015fu ile bu duru\u015fu i\u00e7erden ya da d\u0131\u015fardan g\u00f6lgelemeye \u00e7al\u0131\u015fan yap\u0131lar aras\u0131ndaki fark\u0131 milletimiz gayet iyi g\u00f6rmekte ve not etmektedir. Ne i\u00e7erideki \u00e7eli\u015fkiler, ne d\u0131\u015far\u0131daki k\u0131r\u0131lmalar, bu \u00fclkenin hakl\u0131 duru\u015funu g\u00f6lgeleyemez. Ancak bu hakl\u0131 duru\u015fun s\u00fcrd\u00fcr\u00fclebilir olmas\u0131, milletin de\u011ferlerine ayk\u0131r\u0131 ad\u0131mlar atanlara kar\u015f\u0131 hesap sorulmas\u0131yla m\u00fcmk\u00fcnd\u00fcr. Zira g\u00fc\u00e7l\u00fc bir gelecek, ancak tutarl\u0131l\u0131k \u00fczerine in\u015fa edilebilir.<\/p>\n","protected":false},"excerpt":{"rendered":"<p>T\u00fcrkiye, 21. y\u00fczy\u0131lda sadece b\u00f6lgesel de\u011fil k\u00fcresel anlamda da yeni bir g\u00fc\u00e7 merkezi olma yolunda \u00f6nemli ad\u0131mlar atmaktad\u0131r. Enerji koridorlar\u0131ndan savunma sanayisine, diplomatik hamlelerden insani duru\u015funa kadar pek \u00e7ok alanda g\u00fc\u00e7l\u00fc bir duru\u015f sergileyen T\u00fcrkiye, \u00f6zellikle Filistin meselesindeki net ve ilkeli tavr\u0131yla mazlum halklar\u0131n sesi olmu\u015ftur. Bu kararl\u0131 duru\u015fun sadece devletin de\u011fil, milletin vicdani bir [&hellip;]<\/p>\n","protected":false},"author":2,"featured_media":10708,"comment_status":"","ping_status":"","sticky":false,"template":"","format":"aside","meta":{"_jetpack_memberships_contains_paid_content":false,"footnotes":""},"categories":[83],"tags":[],"class_list":["post-10709","post","type-post","status-publish","format-aside","has-post-thumbnail","hentry","category-cevre-ve-politika","post_format-post-format-aside"],"jetpack_featured_media_url":"https:\/\/altinisik.org\/wp-content\/uploads\/2025\/05\/f5be36bd-d251-44f2-bdf5-0e965b598f52-1.jpg","jetpack_sharing_enabled":true,"_links":{"self":[{"href":"https:\/\/altinisik.org\/index.php?rest_route=\/wp\/v2\/posts\/10709","targetHints":{"allow":["GET"]}}],"collection":[{"href":"https:\/\/altinisik.org\/index.php?rest_route=\/wp\/v2\/posts"}],"about":[{"href":"https:\/\/altinisik.org\/index.php?rest_route=\/wp\/v2\/types\/post"}],"author":[{"embeddable":true,"href":"https:\/\/altinisik.org\/index.php?rest_route=\/wp\/v2\/users\/2"}],"replies":[{"embeddable":true,"href":"https:\/\/altinisik.org\/index.php?rest_route=%2Fwp%2Fv2%2Fcomments&post=10709"}],"version-history":[{"count":0,"href":"https:\/\/altinisik.org\/index.php?rest_route=\/wp\/v2\/posts\/10709\/revisions"}],"wp:featuredmedia":[{"embeddable":true,"href":"https:\/\/altinisik.org\/index.php?rest_route=\/wp\/v2\/media\/10708"}],"wp:attachment":[{"href":"https:\/\/altinisik.org\/index.php?rest_route=%2Fwp%2Fv2%2Fmedia&parent=10709"}],"wp:term":[{"taxonomy":"category","embeddable":true,"href":"https:\/\/altinisik.org\/index.php?rest_route=%2Fwp%2Fv2%2Fcategories&post=10709"},{"taxonomy":"post_tag","embeddable":true,"href":"https:\/\/altinisik.org\/index.php?rest_route=%2Fwp%2Fv2%2Ftags&post=10709"}],"curies":[{"name":"wp","href":"https:\/\/api.w.org\/{rel}","templated":true}]}}