{"id":10706,"date":"2025-05-16T23:21:04","date_gmt":"2025-05-16T21:21:04","guid":{"rendered":"https:\/\/altinisik.org\/?p=10706"},"modified":"2025-05-19T23:40:08","modified_gmt":"2025-05-19T21:40:08","slug":"turkiye-yeni-duzenin-anahtar-ulkesi","status":"publish","type":"post","link":"https:\/\/altinisik.org\/?p=10706","title":{"rendered":"T\u00fcrkiye Yeni D\u00fczenin Anahtar \u00dclkesi"},"content":{"rendered":"\n<p><\/p>\n\n\n\n<p>Uluslararas\u0131 ili\u015fkilerde kartlar yeniden kar\u0131l\u0131yor. K\u00fcresel dengeler sanc\u0131l\u0131 bir de\u011fi\u015fim s\u00fcrecinden ge\u00e7erken, baz\u0131 \u00fclkeler bu de\u011fi\u015fimin izleyicisi olurken, baz\u0131lar\u0131 ise y\u00f6n vericisi konumuna y\u00fckseliyor. T\u00fcrkiye, bu ikinci kategorideki \u00fclkelerin ba\u015f\u0131nda geliyor. Jeopolitik konumunun \u00f6tesinde, diplomatik etkinli\u011fi ve \u00e7ok y\u00f6nl\u00fc d\u0131\u015f politikas\u0131yla T\u00fcrkiye, yeni d\u00fcnya d\u00fczeninin olu\u015fumunda anahtar rol \u00fcstleniyor.<\/p>\n\n\n\n<p>Son g\u00fcnlerde ya\u015fanan geli\u015fmeler bu tespiti peki\u015ftiriyor. ABD Ba\u015fkan\u0131 Donald Trump\u2019\u0131n Suudi Arabistan\u2019da ger\u00e7ekle\u015ftirdi\u011fi kritik temaslar, b\u00f6lgede yeni bir blokla\u015fman\u0131n i\u015faretlerini veriyor. Enerji, savunma ve finans eksenli bu g\u00f6r\u00fc\u015fmeler, k\u00fcresel dengeleri etkileyecek nitelikte. Ancak dikkat \u00e7eken ve \u00fczerinde durulmas\u0131 gereken \u00f6nemli bir ayr\u0131nt\u0131 daha var: Trump\u2019\u0131n g\u00f6r\u00fc\u015fmeler s\u0131ras\u0131nda Cumhurba\u015fkan\u0131 Recep Tayyip Erdo\u011fan\u2019a \u00f6zel bir parantez a\u00e7mas\u0131. Trump, T\u00fcrkiye\u2019siz bir b\u00f6lge denkleminden s\u00f6z edilemeyece\u011fini belirtirken, Erdo\u011fan\u2019\u0131n liderli\u011fini ve son y\u0131llardaki etkin diplomatik hamlelerini \u00f6vg\u00fcyle vurgulad\u0131. Bu vurgu, yaln\u0131zca T\u00fcrkiye\u2019nin de\u011fil, Erdo\u011fan\u2019\u0131n da k\u00fcresel siyaset sahnesindeki a\u011f\u0131rl\u0131\u011f\u0131n\u0131 g\u00f6zler \u00f6n\u00fcne seriyor.<\/p>\n\n\n\n<p>\u0130stanbul\u2019da d\u00fcn ve bug\u00fcn ger\u00e7ekle\u015ftirilen Rusya-Ukrayna bar\u0131\u015f g\u00f6r\u00fc\u015fmeleri ise T\u00fcrkiye\u2019nin uluslararas\u0131 bar\u0131\u015f diplomasisindeki etkisini bir kez daha ortaya koymu\u015ftur. Sava\u015f\u0131n ba\u015flad\u0131\u011f\u0131 g\u00fcnden bu yana taraflarla do\u011frudan diyalog kurabilen tek NATO \u00fclkesi olan T\u00fcrkiye, bu \u00e7abas\u0131yla sadece Karadeniz\u2019de de\u011fil, t\u00fcm d\u00fcnyada g\u00fcvenlik ve istikrar\u0131n tesisi ad\u0131na \u00f6nemli bir sorumluluk \u00fcstlenmi\u015ftir. \u0130stanbul\u2019da at\u0131lan ad\u0131mlar, bar\u0131\u015f umutlar\u0131n\u0131 yeniden ye\u015fertmi\u015f; T\u00fcrkiye\u2019nin k\u00fcresel diplomasideki \u00f6zg\u00fcl a\u011f\u0131rl\u0131\u011f\u0131n\u0131 art\u0131rm\u0131\u015ft\u0131r.<\/p>\n\n\n\n<p>Orta Do\u011fu\u2019daki geli\u015fmelerde ise T\u00fcrkiye, yaln\u0131zca g\u00fcvenlik eksenli de\u011fil, insani ve vicdani bir yakla\u015f\u0131m\u0131 da merkeze alarak hareket etmektedir. Gazze meselesinde sergiledi\u011fi ilkeli duru\u015f, Filistin halk\u0131na verdi\u011fi destek ve uluslararas\u0131 topluma yapt\u0131\u011f\u0131 \u00e7a\u011fr\u0131lar, T\u00fcrkiye\u2019yi sadece siyasi de\u011fil, ahlaki bir liderlik pozisyonuna da ta\u015f\u0131maktad\u0131r.<\/p>\n\n\n\n<p>Ayn\u0131 \u015fekilde Suriye politikas\u0131nda da T\u00fcrkiye, s\u0131n\u0131r g\u00fcvenli\u011fini sa\u011flarken, milyonlarca m\u00fclteciye ev sahipli\u011fi yaparak d\u00fcnyada benzeri olmayan bir insani sorumlulu\u011fu yerine getirmi\u015ftir. Ter\u00f6rle m\u00fccadelede kararl\u0131l\u0131\u011f\u0131n\u0131 sahada ve masada g\u00f6steren T\u00fcrkiye, b\u00f6lge halklar\u0131yla do\u011frudan temas kuran, onlarla birlikte \u00e7\u00f6z\u00fcm arayan tek akt\u00f6r konumundad\u0131r.<\/p>\n\n\n\n<p>Savunma sanayindeki at\u0131l\u0131mlar, enerji koridorlar\u0131ndaki merkez\u00ee rol, T\u00fcrk Devletleri Te\u015fkilat\u0131\u2019ndan Afrika a\u00e7\u0131l\u0131m\u0131na kadar geni\u015fleyen d\u0131\u015f politika vizyonu ile T\u00fcrkiye art\u0131k b\u00f6lgesel bir g\u00fc\u00e7ten \u00e7ok daha fazlas\u0131d\u0131r. K\u00fcresel sistemin kriz i\u00e7inde oldu\u011fu bu d\u00f6nemde, T\u00fcrkiye \u00e7\u00f6z\u00fcm \u00fcreten, istikrar sa\u011flayan ve y\u00f6n veren bir \u00fclke profili \u00e7izmektedir.<\/p>\n\n\n\n<p>Sonu\u00e7 olarak, T\u00fcrkiye art\u0131k sadece bulundu\u011fu co\u011frafyan\u0131n de\u011fil, \u00e7ok kutuplulu\u011fa evrilen d\u00fcnya d\u00fczeninin de vazge\u00e7ilmez akt\u00f6rlerinden biridir. \u0130stanbul\u2019daki bar\u0131\u015f g\u00f6r\u00fc\u015fmeleri ve Suudi Arabistan\u2019daki temaslar\u0131n e\u015f zamanl\u0131l\u0131\u011f\u0131, T\u00fcrkiye\u2019nin art\u0131k g\u00f6lgede kalan de\u011fil, merkezde bulunan bir \u00fclke oldu\u011funu bir kez daha g\u00f6stermi\u015ftir. Ve bu merkezin ba\u015f\u0131nda, k\u00fcresel liderlerce a\u00e7\u0131k\u00e7a takdir edilen bir lider olarak Cumhurba\u015fkan\u0131 Erdo\u011fan bulunmaktad\u0131r. Yeni d\u00fcnyan\u0131n kurucu ta\u015flar\u0131ndan biri, hi\u00e7 ku\u015fkusuz T\u00fcrkiye olacakt\u0131r.<\/p>\n","protected":false},"excerpt":{"rendered":"<p>Uluslararas\u0131 ili\u015fkilerde kartlar yeniden kar\u0131l\u0131yor. K\u00fcresel dengeler sanc\u0131l\u0131 bir de\u011fi\u015fim s\u00fcrecinden ge\u00e7erken, baz\u0131 \u00fclkeler bu de\u011fi\u015fimin izleyicisi olurken, baz\u0131lar\u0131 ise y\u00f6n vericisi konumuna y\u00fckseliyor. T\u00fcrkiye, bu ikinci kategorideki \u00fclkelerin ba\u015f\u0131nda geliyor. Jeopolitik konumunun \u00f6tesinde, diplomatik etkinli\u011fi ve \u00e7ok y\u00f6nl\u00fc d\u0131\u015f politikas\u0131yla T\u00fcrkiye, yeni d\u00fcnya d\u00fczeninin olu\u015fumunda anahtar rol \u00fcstleniyor. Son g\u00fcnlerde ya\u015fanan geli\u015fmeler bu tespiti [&hellip;]<\/p>\n","protected":false},"author":2,"featured_media":10705,"comment_status":"closed","ping_status":"","sticky":false,"template":"","format":"aside","meta":{"_jetpack_memberships_contains_paid_content":false,"footnotes":""},"categories":[83],"tags":[],"class_list":["post-10706","post","type-post","status-publish","format-aside","has-post-thumbnail","hentry","category-cevre-ve-politika","post_format-post-format-aside"],"jetpack_featured_media_url":"https:\/\/altinisik.org\/wp-content\/uploads\/2025\/05\/img_3260-1.jpg","jetpack_sharing_enabled":true,"_links":{"self":[{"href":"https:\/\/altinisik.org\/index.php?rest_route=\/wp\/v2\/posts\/10706","targetHints":{"allow":["GET"]}}],"collection":[{"href":"https:\/\/altinisik.org\/index.php?rest_route=\/wp\/v2\/posts"}],"about":[{"href":"https:\/\/altinisik.org\/index.php?rest_route=\/wp\/v2\/types\/post"}],"author":[{"embeddable":true,"href":"https:\/\/altinisik.org\/index.php?rest_route=\/wp\/v2\/users\/2"}],"replies":[{"embeddable":true,"href":"https:\/\/altinisik.org\/index.php?rest_route=%2Fwp%2Fv2%2Fcomments&post=10706"}],"version-history":[{"count":1,"href":"https:\/\/altinisik.org\/index.php?rest_route=\/wp\/v2\/posts\/10706\/revisions"}],"predecessor-version":[{"id":10707,"href":"https:\/\/altinisik.org\/index.php?rest_route=\/wp\/v2\/posts\/10706\/revisions\/10707"}],"wp:featuredmedia":[{"embeddable":true,"href":"https:\/\/altinisik.org\/index.php?rest_route=\/wp\/v2\/media\/10705"}],"wp:attachment":[{"href":"https:\/\/altinisik.org\/index.php?rest_route=%2Fwp%2Fv2%2Fmedia&parent=10706"}],"wp:term":[{"taxonomy":"category","embeddable":true,"href":"https:\/\/altinisik.org\/index.php?rest_route=%2Fwp%2Fv2%2Fcategories&post=10706"},{"taxonomy":"post_tag","embeddable":true,"href":"https:\/\/altinisik.org\/index.php?rest_route=%2Fwp%2Fv2%2Ftags&post=10706"}],"curies":[{"name":"wp","href":"https:\/\/api.w.org\/{rel}","templated":true}]}}