{"id":10701,"date":"2025-05-14T14:51:28","date_gmt":"2025-05-14T12:51:28","guid":{"rendered":"https:\/\/altinisik.org\/?p=10701"},"modified":"2025-05-14T14:51:28","modified_gmt":"2025-05-14T12:51:28","slug":"co%e2%82%82-zammi-geldi-simdi-hepimiz-gunahkariz","status":"publish","type":"post","link":"https:\/\/altinisik.org\/?p=10701","title":{"rendered":"CO\u2082 Zamm\u0131 Geldi, \u015eimdi Hepimiz G\u00fcnahk\u00e2r\u0131z!"},"content":{"rendered":"\n<p><\/p>\n\n\n\n<p>Kemerlerinizi ba\u011flay\u0131n:<\/p>\n\n\n\n<p>2027\u2019de sadece hava de\u011fil, c\u00fczdanlar\u0131m\u0131z da a\u011f\u0131r bir bask\u0131 alt\u0131nda kalacak. Almanya\u2019da karbon sal\u0131m\u0131 art\u0131k yaln\u0131zca \u00e7evresel bir mesele de\u011fil \u2014 ekonomik ve sosyal bir k\u0131r\u0131lma noktas\u0131na d\u00f6n\u00fc\u015f\u00fcyor.<\/p>\n\n\n\n<p>CO\u2082 fiyat\u0131 2025 itibar\u0131yla ton ba\u015f\u0131na 55 Euro\u2019ya \u00e7\u0131kt\u0131. Ama bu daha fragmand\u0131. 2027\u2019de devreye girecek yeni Avrupa Emisyon Ticareti Sistemi (ETS II) ile fiyatlar serbest piyasada belirlenecek. \u0130lk tahminler 73 Euro\u2019yu g\u00f6steriyor. Yani benzin litre ba\u015f\u0131na +18 cent, do\u011falgaz ise kWh ba\u015f\u0131na +1,5 cent zamlanacak.<\/p>\n\n\n\n<p>K\u0131saca:<\/p>\n\n\n\n<p>Araba kullan\u0131yorsan\u0131z, do\u011falgazla \u0131s\u0131n\u0131yorsan\u0131z ya da h\u00e2l\u00e2 eski evinizde oturuyorsan\u0131z \u2014 ge\u00e7mi\u015f olsun. Yeni sistem sizi \u201ckarbon g\u00fcnahk\u00e2r\u0131\u201d ilan ediyor.<\/p>\n\n\n\n<p>Ama bu yeni \u201cvergi\u201d sadece \u00e7evreci bir uyar\u0131 de\u011fil, ayn\u0131 zamanda sosyal bir alarm.<br \/>\u00c7\u00fcnk\u00fc herkes bu de\u011fi\u015fime e\u015fit haz\u0131rlanmad\u0131.<\/p>\n\n\n\n<p>Yeni yal\u0131t\u0131ml\u0131 evlerde ya\u015fayanlar, elektrikli otomobil kullananlar ya da g\u00fcne\u015f paneline yat\u0131r\u0131m yapabilenler bu dalgay\u0131 atlatabilir. Peki ya sabit gelirli bir emekli? Ya da asgari \u00fccretle kira \u00f6deyip \u0131s\u0131nmaya \u00e7al\u0131\u015fan bir aile?<\/p>\n\n\n\n<p>\u0130klim politikalar\u0131 gerekli ama bu \u015fekilde uygulan\u0131rsa toplumsal tepki ka\u00e7\u0131n\u0131lmaz olur.<\/p>\n\n\n\n<p>Sar\u0131 Yelekliler\u2019in hik\u00e2yesini unuttuk mu? Fransa\u2019da her \u015fey bir yak\u0131t zamm\u0131yla ba\u015flam\u0131\u015ft\u0131.<\/p>\n\n\n\n<p>\u00c7\u00f6z\u00fcm?<\/p>\n\n\n\n<p>Devletin bu y\u00fck\u00fc adaletli payla\u015fmas\u0131 \u015fart. &#8220;Klimageld&#8221; (iklim yard\u0131m\u0131) gibi destekler h\u0131zla devreye girmeli. Enerji yoksullu\u011fu ile iklim politikalar\u0131 ayn\u0131 c\u00fcmlede yer alamaz.<\/p>\n\n\n\n<p>\u0130klimi korumak hepimizin g\u00f6revi. Ama bu g\u00f6rev, yaln\u0131zca g\u00fc\u00e7l\u00fclerin ayakta kalabildi\u011fi bir yar\u0131\u015fa d\u00f6n\u00fc\u015fmemeli.<\/p>\n\n\n\n<p>Yoksa yar\u0131n sabah sokakta sadece karbon ayak izimiz de\u011fil, b\u00fcy\u00fcyen \u00f6fkemiz de yank\u0131lan\u0131r.<\/p>\n","protected":false},"excerpt":{"rendered":"<p>Kemerlerinizi ba\u011flay\u0131n: 2027\u2019de sadece hava de\u011fil, c\u00fczdanlar\u0131m\u0131z da a\u011f\u0131r bir bask\u0131 alt\u0131nda kalacak. Almanya\u2019da karbon sal\u0131m\u0131 art\u0131k yaln\u0131zca \u00e7evresel bir mesele de\u011fil \u2014 ekonomik ve sosyal bir k\u0131r\u0131lma noktas\u0131na d\u00f6n\u00fc\u015f\u00fcyor. CO\u2082 fiyat\u0131 2025 itibar\u0131yla ton ba\u015f\u0131na 55 Euro\u2019ya \u00e7\u0131kt\u0131. Ama bu daha fragmand\u0131. 2027\u2019de devreye girecek yeni Avrupa Emisyon Ticareti Sistemi (ETS II) ile fiyatlar [&hellip;]<\/p>\n","protected":false},"author":2,"featured_media":10700,"comment_status":"closed","ping_status":"","sticky":false,"template":"","format":"aside","meta":{"_jetpack_memberships_contains_paid_content":false,"footnotes":""},"categories":[83],"tags":[],"class_list":["post-10701","post","type-post","status-publish","format-aside","has-post-thumbnail","hentry","category-cevre-ve-politika","post_format-post-format-aside"],"jetpack_featured_media_url":"https:\/\/altinisik.org\/wp-content\/uploads\/2025\/05\/e952ca50-3bd0-4b78-adf6-9dd25f53c6a7-1.jpg","jetpack_sharing_enabled":true,"_links":{"self":[{"href":"https:\/\/altinisik.org\/index.php?rest_route=\/wp\/v2\/posts\/10701","targetHints":{"allow":["GET"]}}],"collection":[{"href":"https:\/\/altinisik.org\/index.php?rest_route=\/wp\/v2\/posts"}],"about":[{"href":"https:\/\/altinisik.org\/index.php?rest_route=\/wp\/v2\/types\/post"}],"author":[{"embeddable":true,"href":"https:\/\/altinisik.org\/index.php?rest_route=\/wp\/v2\/users\/2"}],"replies":[{"embeddable":true,"href":"https:\/\/altinisik.org\/index.php?rest_route=%2Fwp%2Fv2%2Fcomments&post=10701"}],"version-history":[{"count":1,"href":"https:\/\/altinisik.org\/index.php?rest_route=\/wp\/v2\/posts\/10701\/revisions"}],"predecessor-version":[{"id":10702,"href":"https:\/\/altinisik.org\/index.php?rest_route=\/wp\/v2\/posts\/10701\/revisions\/10702"}],"wp:featuredmedia":[{"embeddable":true,"href":"https:\/\/altinisik.org\/index.php?rest_route=\/wp\/v2\/media\/10700"}],"wp:attachment":[{"href":"https:\/\/altinisik.org\/index.php?rest_route=%2Fwp%2Fv2%2Fmedia&parent=10701"}],"wp:term":[{"taxonomy":"category","embeddable":true,"href":"https:\/\/altinisik.org\/index.php?rest_route=%2Fwp%2Fv2%2Fcategories&post=10701"},{"taxonomy":"post_tag","embeddable":true,"href":"https:\/\/altinisik.org\/index.php?rest_route=%2Fwp%2Fv2%2Ftags&post=10701"}],"curies":[{"name":"wp","href":"https:\/\/api.w.org\/{rel}","templated":true}]}}