{"id":10699,"date":"2025-05-12T08:30:05","date_gmt":"2025-05-12T06:30:05","guid":{"rendered":"https:\/\/altinisik.org\/?p=10699"},"modified":"2025-05-12T08:30:05","modified_gmt":"2025-05-12T06:30:05","slug":"turkiyenin-stratejik-gucu-ve-muhalefetin-korlugu","status":"publish","type":"post","link":"https:\/\/altinisik.org\/?p=10699","title":{"rendered":"T\u00fcrkiye&#8217;nin Stratejik G\u00fcc\u00fc ve Muhalefetin K\u00f6rl\u00fc\u011f\u00fc"},"content":{"rendered":"\n<p><\/p>\n\n\n\n<p>D\u00fcnyada dengelerin h\u0131zla de\u011fi\u015fti\u011fi, ittifaklar\u0131n yeniden \u015fekillendi\u011fi bir d\u00f6nemden ge\u00e7iyoruz. Rusya-Ukrayna Sava\u015f\u0131\u2019nda sahadaki \u00e7at\u0131\u015fmalar kadar, masadaki diplomasi de b\u00fcy\u00fck \u00f6nem ta\u015f\u0131yor. Son g\u00fcnlerde Rusya\u2019n\u0131n do\u011frudan m\u00fczakere \u00e7a\u011fr\u0131lar\u0131 yapmas\u0131, Donald Trump\u2019\u0131n buna olumlu mesajlar vermesi ve T\u00fcrkiye\u2019nin ge\u00e7mi\u015fteki bar\u0131\u015f giri\u015fimlerinin h\u00e2l\u00e2 haf\u0131zalarda taze olmas\u0131, Ankara\u2019n\u0131n yeniden merkezi bir rol oynayabilece\u011fini g\u00f6steriyor.<\/p>\n\n\n\n<p>T\u00fcrkiye bu sava\u015fta sadece bir b\u00f6lge \u00fclkesi de\u011fil; ayn\u0131 zamanda denge unsuru, bar\u0131\u015f masas\u0131na y\u00f6n veren akt\u00f6r konumunda. \u0130stanbul\u2019da y\u00fcr\u00fct\u00fclen bar\u0131\u015f g\u00f6r\u00fc\u015fmeleri, Karadeniz Tah\u0131l Koridoru Anla\u015fmas\u0131 ve esir de\u011fi\u015fimlerinde T\u00fcrkiye\u2019nin oynad\u0131\u011f\u0131 rol, diplomatik tarihimize alt\u0131n harflerle yaz\u0131lacak nitelikte. Bu ba\u015far\u0131lar rastlant\u0131 de\u011fil; jeopolitik konumumuz, d\u0131\u015f politika gelene\u011fimiz ve diplomatik becerimizle do\u011frudan ilgili.<\/p>\n\n\n\n<p>Ancak ne yaz\u0131k ki, bu kazan\u0131mlar T\u00fcrkiye\u2019de i\u00e7eride gerekti\u011fi kadar anla\u015f\u0131lm\u0131yor, hatta bir k\u0131sm\u0131 sistematik bi\u00e7imde de\u011fersizle\u015ftiriliyor. Bu noktada ele\u015ftiri oklar\u0131n\u0131 y\u00f6neltmemiz gereken ba\u015fl\u0131ca adres: Ana muhalefet partisi CHP ve onun etraf\u0131nda \u015fekillenen muhalif bloktur.<\/p>\n\n\n\n<p>G\u00f6lge Etme, Ba\u015fka \u0130hsan \u0130stemeyiz<\/p>\n\n\n\n<p>CHP\u2019nin d\u0131\u015f politika alan\u0131nda sergiledi\u011fi tav\u0131r, T\u00fcrkiye\u2019nin stratejik hamlelerini sadece h\u00fck\u00fcmete muhalefet etme refleksiyle okumaktan ibaret. T\u00fcrkiye bar\u0131\u015f masas\u0131nda bir taraf olarak de\u011fil, masa kuran bir \u00fclke olarak yer ald\u0131\u011f\u0131nda bile, bu ba\u015far\u0131y\u0131 desteklemek yerine yok saymay\u0131 tercih eden bir muhalefet profiliyle kar\u015f\u0131 kar\u015f\u0131yay\u0131z. S\u00f6zde \u201cak\u0131lc\u0131 siyaset\u201d iddias\u0131 ta\u015f\u0131yan kadrolar\u0131n, enerji diplomasisinden NATO dengelerine, tah\u0131l anla\u015fmalar\u0131ndan Karadeniz g\u00fcvenli\u011fine kadar geli\u015fmeleri ya anlamamalar\u0131 ya da anlamazdan gelmeleri, yaln\u0131zca siyasi de\u011fil, tarihsel bir sorumsuzluktur.<\/p>\n\n\n\n<p>Vizyon Meselesi<\/p>\n\n\n\n<p>T\u00fcrkiye\u2019nin enerjide bir ge\u00e7i\u015f \u00fclkesi, g\u00fcvenlikte bir kalkan, diplomaside bir kolayla\u015ft\u0131r\u0131c\u0131 \u00fclke olma yolunda att\u0131\u011f\u0131 ad\u0131mlar; iktidar-muhalefet ayr\u0131m\u0131 olmaks\u0131z\u0131n sahiplenilmesi gereken stratejik kazan\u0131mlard\u0131r. Ancak mevcut muhalefet, stratejik d\u00fc\u015f\u00fcnceden uzak, g\u00fcn\u00fcbirlik reflekslerle hareket eden bir \u00e7izgiyi a\u015fam\u0131yor. Bug\u00fcn T\u00fcrkiye, Karadeniz\u2019den Kafkasya\u2019ya, Do\u011fu Akdeniz\u2019den Orta Do\u011fu\u2019ya kadar kritik dosyalarda s\u00f6z sahibi bir \u00fclkeyse, bunu sadece co\u011frafyas\u0131na de\u011fil; o co\u011frafyay\u0131 anlamland\u0131ran iradeye bor\u00e7ludur.<\/p>\n\n\n\n<p>Y\u00fck Olmay\u0131n, Destek Olun<\/p>\n\n\n\n<p>T\u00fcrkiye\u2019nin \u00f6n\u00fcm\u00fczdeki y\u0131llarda uluslararas\u0131 sistemde daha da etkin hale gelmesi ka\u00e7\u0131n\u0131lmazd\u0131r. Bu s\u00fcre\u00e7te i\u00e7 siyasetin sorumlulu\u011fu, bu y\u00fckseli\u015fi desteklemek ve i\u00e7erden sabote etmemektir. Ele\u015ftiriniz olabilir, \u00f6neriniz olabilir \u2014 ama vizyonsuzluk bir se\u00e7enek de\u011fildir. Bu \u00fclkenin bar\u0131\u015f masalar\u0131nda oturmas\u0131n\u0131 de\u011fil, masay\u0131 kurmas\u0131n\u0131 isteyen herkesin, \u00f6zellikle de muhalefetin, art\u0131k bu ger\u00e7e\u011fi g\u00f6rmesi gerekiyor.<\/p>\n\n\n\n<p>Ve \u00e7ok ge\u00e7 olmadan:<br>G\u00f6lge etmeyin, yeter.<\/p>\n","protected":false},"excerpt":{"rendered":"<p>D\u00fcnyada dengelerin h\u0131zla de\u011fi\u015fti\u011fi, ittifaklar\u0131n yeniden \u015fekillendi\u011fi bir d\u00f6nemden ge\u00e7iyoruz. Rusya-Ukrayna Sava\u015f\u0131\u2019nda sahadaki \u00e7at\u0131\u015fmalar kadar, masadaki diplomasi de b\u00fcy\u00fck \u00f6nem ta\u015f\u0131yor. Son g\u00fcnlerde Rusya\u2019n\u0131n do\u011frudan m\u00fczakere \u00e7a\u011fr\u0131lar\u0131 yapmas\u0131, Donald Trump\u2019\u0131n buna olumlu mesajlar vermesi ve T\u00fcrkiye\u2019nin ge\u00e7mi\u015fteki bar\u0131\u015f giri\u015fimlerinin h\u00e2l\u00e2 haf\u0131zalarda taze olmas\u0131, Ankara\u2019n\u0131n yeniden merkezi bir rol oynayabilece\u011fini g\u00f6steriyor. T\u00fcrkiye bu sava\u015fta sadece bir [&hellip;]<\/p>\n","protected":false},"author":2,"featured_media":10698,"comment_status":"","ping_status":"","sticky":false,"template":"","format":"aside","meta":{"_jetpack_memberships_contains_paid_content":false,"footnotes":""},"categories":[83,88],"tags":[],"class_list":["post-10699","post","type-post","status-publish","format-aside","has-post-thumbnail","hentry","category-cevre-ve-politika","category-oneriler","post_format-post-format-aside"],"jetpack_featured_media_url":"https:\/\/altinisik.org\/wp-content\/uploads\/2025\/05\/f838c64e-2947-441b-b6ad-a875c5be0abc-1.jpg","jetpack_sharing_enabled":true,"_links":{"self":[{"href":"https:\/\/altinisik.org\/index.php?rest_route=\/wp\/v2\/posts\/10699","targetHints":{"allow":["GET"]}}],"collection":[{"href":"https:\/\/altinisik.org\/index.php?rest_route=\/wp\/v2\/posts"}],"about":[{"href":"https:\/\/altinisik.org\/index.php?rest_route=\/wp\/v2\/types\/post"}],"author":[{"embeddable":true,"href":"https:\/\/altinisik.org\/index.php?rest_route=\/wp\/v2\/users\/2"}],"replies":[{"embeddable":true,"href":"https:\/\/altinisik.org\/index.php?rest_route=%2Fwp%2Fv2%2Fcomments&post=10699"}],"version-history":[{"count":0,"href":"https:\/\/altinisik.org\/index.php?rest_route=\/wp\/v2\/posts\/10699\/revisions"}],"wp:featuredmedia":[{"embeddable":true,"href":"https:\/\/altinisik.org\/index.php?rest_route=\/wp\/v2\/media\/10698"}],"wp:attachment":[{"href":"https:\/\/altinisik.org\/index.php?rest_route=%2Fwp%2Fv2%2Fmedia&parent=10699"}],"wp:term":[{"taxonomy":"category","embeddable":true,"href":"https:\/\/altinisik.org\/index.php?rest_route=%2Fwp%2Fv2%2Fcategories&post=10699"},{"taxonomy":"post_tag","embeddable":true,"href":"https:\/\/altinisik.org\/index.php?rest_route=%2Fwp%2Fv2%2Ftags&post=10699"}],"curies":[{"name":"wp","href":"https:\/\/api.w.org\/{rel}","templated":true}]}}