{"id":10672,"date":"2025-05-08T22:37:53","date_gmt":"2025-05-08T20:37:53","guid":{"rendered":"https:\/\/altinisik.org\/?p=10672"},"modified":"2025-05-08T22:37:53","modified_gmt":"2025-05-08T20:37:53","slug":"siyasi-siddetin-kinanmasi-ve-siyasi-etik-ilkeleri","status":"publish","type":"post","link":"https:\/\/altinisik.org\/?p=10672","title":{"rendered":"Siyasi \u015eiddetin K\u0131nanmas\u0131 ve Siyasi Etik \u0130lkeleri"},"content":{"rendered":"\t\t<div data-elementor-type=\"wp-post\" data-elementor-id=\"10672\" class=\"elementor elementor-10672\" data-elementor-post-type=\"post\">\n\t\t\t\t\t\t<section class=\"elementor-section elementor-top-section elementor-element elementor-element-74161e81 elementor-section-boxed elementor-section-height-default elementor-section-height-default\" data-id=\"74161e81\" data-element_type=\"section\" data-e-type=\"section\">\n\t\t\t\t\t\t<div class=\"elementor-container elementor-column-gap-default\">\n\t\t\t\t\t<div class=\"elementor-column elementor-col-100 elementor-top-column elementor-element elementor-element-41e23cfc\" data-id=\"41e23cfc\" data-element_type=\"column\" data-e-type=\"column\">\n\t\t\t<div class=\"elementor-widget-wrap elementor-element-populated\">\n\t\t\t\t\t\t<div class=\"elementor-element elementor-element-498600ec elementor-widget elementor-widget-text-editor\" data-id=\"498600ec\" data-element_type=\"widget\" data-e-type=\"widget\" data-widget_type=\"text-editor.default\">\n\t\t\t\t<div class=\"elementor-widget-container\">\n\t\t\t\t\t\t\t\t\t\n<p>Siyasi arenada ger\u00e7ekle\u015fen her t\u00fcrl\u00fc fiziki ve s\u00f6zl\u00fc sald\u0131r\u0131, hangi siyasi g\u00f6r\u00fc\u015fe y\u00f6nelik olursa olsun, ko\u015fulsuz ve net bir bi\u00e7imde k\u0131nanmal\u0131d\u0131r. Bu ilke, demokratik bir toplumun temel ta\u015f\u0131d\u0131r ve siyasi liderlere y\u00f6nelik \u015fiddetin hi\u00e7bir t\u00fcr\u00fc kabul edilemez. Cumhuriyet Halk Partisi Genel Ba\u015fkan\u0131 Say\u0131n \u00d6zg\u00fcr \u00d6zel&#8217;e y\u00f6nelik son sald\u0131r\u0131y\u0131 en g\u00fc\u00e7l\u00fc \u015fekilde k\u0131nad\u0131\u011f\u0131m\u0131z gibi, benzer olaylara kar\u015f\u0131 da ayn\u0131 hassasiyeti g\u00f6stermekteyiz.<\/p>\n\n<p>Ancak, ge\u00e7mi\u015fte Say\u0131n Bekir Bozda\u011f ve Say\u0131n Taner Y\u0131ld\u0131z&#8217;a y\u00f6nelik sald\u0131r\u0131larda Cumhuriyet Halk Partisi yetkililerinin sergiledi\u011fi sessizlik ve hatta baz\u0131 durumlarda sald\u0131rganlara destek veren a\u00e7\u0131klamalar\u0131, bu tutarl\u0131l\u0131k ilkesiyle \u00e7eli\u015fmektedir. Bu durum, siyasi etik ve demokratik de\u011ferlere olan ba\u011fl\u0131l\u0131k konusunda ciddi soru i\u015faretleri yaratmaktad\u0131r.<\/p>\n\n<p>Buradan hareketle, Cumhuriyet Halk Partisi yetkililerine \u015fu sorular\u0131 y\u00f6neltmek istiyorum:<\/p>\n\n<p>a) Siyasi \u015fiddetin k\u0131nanmas\u0131ndaki samimiyetiniz, sadece kendi partinize y\u00f6nelik sald\u0131r\u0131larla m\u0131 s\u0131n\u0131rl\u0131d\u0131r?<\/p>\n\n<p>b) Demokrasiyi i\u00e7selle\u015ftirme ve evrensel siyasi etik ilkelerine ba\u011fl\u0131l\u0131k, t\u00fcm siyasi akt\u00f6rler i\u00e7in ge\u00e7erli midir, yoksa sadece belirli durumlara \u00f6zg\u00fc m\u00fcd\u00fcr?<\/p>\n\n<p>c) Siyasi rakiplerinize y\u00f6nelik sald\u0131r\u0131lar kar\u015f\u0131s\u0131nda sergiledi\u011finiz tutum, toplumun t\u00fcm kesimlerine e\u015fit mesafede durma ilkesiyle ne kadar ba\u011fda\u015fmaktad\u0131r?<\/p>\n\n<p>d) Hala kendinizi milletin \u00fczerinde mi g\u00f6rmeye devam ediyorsunuz?<\/p>\n\n<p>Bu sorular, sadece ge\u00e7mi\u015fteki olaylar\u0131n muhasebesini yapmakla kalmay\u0131p, ayn\u0131 zamanda gelecekteki siyasi diyalog ve davran\u0131\u015f bi\u00e7imlerine de \u0131\u015f\u0131k tutmay\u0131 ama\u00e7lamaktad\u0131r.<\/p>\n\n<p>Siyasi liderlerin, demokratik de\u011ferlere olan ba\u011fl\u0131l\u0131klar\u0131n\u0131 s\u00f6zde de\u011fil, eylemde g\u00f6stermeleri, toplumun t\u00fcm kesimleri i\u00e7in b\u00fcy\u00fck \u00f6nem ta\u015f\u0131maktad\u0131r. Siyasi etik ilkelerine ba\u011fl\u0131l\u0131k, sadece belirli durumlarda de\u011fil, her zaman ve her ko\u015fulda ge\u00e7erli olmal\u0131d\u0131r.<\/p>\n\n<p>Bu ba\u011flamda, siyasi partilerin ve liderlerin, \u015fiddetin her t\u00fcrl\u00fcs\u00fcne kar\u015f\u0131 ortak bir duru\u015f sergilemeleri ve demokratik de\u011ferlere olan ba\u011fl\u0131l\u0131klar\u0131n\u0131 somut ad\u0131mlarla g\u00f6stermeleri, toplumun huzuru ve demokrasinin g\u00fc\u00e7lenmesi a\u00e7\u0131s\u0131ndan hayati \u00f6nem\u00a0ta\u015f\u0131maktad\u0131r.<\/p>\n\t\t\t\t\t\t\t\t<\/div>\n\t\t\t\t<\/div>\n\t\t\t\t\t<\/div>\n\t\t<\/div>\n\t\t\t\t\t<\/div>\n\t\t<\/section>\n\t\t\t\t<\/div>\n\t\t","protected":false},"excerpt":{"rendered":"<p>Siyasi arenada ger\u00e7ekle\u015fen her t\u00fcrl\u00fc fiziki ve s\u00f6zl\u00fc sald\u0131r\u0131, hangi siyasi g\u00f6r\u00fc\u015fe y\u00f6nelik olursa olsun, ko\u015fulsuz ve net bir bi\u00e7imde k\u0131nanmal\u0131d\u0131r. Bu ilke, demokratik bir toplumun temel ta\u015f\u0131d\u0131r ve siyasi liderlere y\u00f6nelik \u015fiddetin hi\u00e7bir t\u00fcr\u00fc kabul edilemez. Cumhuriyet Halk Partisi Genel Ba\u015fkan\u0131 Say\u0131n \u00d6zg\u00fcr \u00d6zel&#8217;e y\u00f6nelik son sald\u0131r\u0131y\u0131 en g\u00fc\u00e7l\u00fc \u015fekilde k\u0131nad\u0131\u011f\u0131m\u0131z gibi, benzer olaylara [&hellip;]<\/p>\n","protected":false},"author":2,"featured_media":10663,"comment_status":"closed","ping_status":"","sticky":false,"template":"","format":"standard","meta":{"_jetpack_memberships_contains_paid_content":false,"footnotes":""},"categories":[4],"tags":[],"class_list":["post-10672","post","type-post","status-publish","format-standard","has-post-thumbnail","hentry","category-sivil-toplum-hareketi"],"jetpack_featured_media_url":"https:\/\/altinisik.org\/wp-content\/uploads\/2025\/05\/Salih-Altinisik-Sirri-Sureyya-Onder-barisin-inatci-ses.jpg","jetpack_sharing_enabled":true,"_links":{"self":[{"href":"https:\/\/altinisik.org\/index.php?rest_route=\/wp\/v2\/posts\/10672","targetHints":{"allow":["GET"]}}],"collection":[{"href":"https:\/\/altinisik.org\/index.php?rest_route=\/wp\/v2\/posts"}],"about":[{"href":"https:\/\/altinisik.org\/index.php?rest_route=\/wp\/v2\/types\/post"}],"author":[{"embeddable":true,"href":"https:\/\/altinisik.org\/index.php?rest_route=\/wp\/v2\/users\/2"}],"replies":[{"embeddable":true,"href":"https:\/\/altinisik.org\/index.php?rest_route=%2Fwp%2Fv2%2Fcomments&post=10672"}],"version-history":[{"count":13,"href":"https:\/\/altinisik.org\/index.php?rest_route=\/wp\/v2\/posts\/10672\/revisions"}],"predecessor-version":[{"id":10691,"href":"https:\/\/altinisik.org\/index.php?rest_route=\/wp\/v2\/posts\/10672\/revisions\/10691"}],"wp:featuredmedia":[{"embeddable":true,"href":"https:\/\/altinisik.org\/index.php?rest_route=\/wp\/v2\/media\/10663"}],"wp:attachment":[{"href":"https:\/\/altinisik.org\/index.php?rest_route=%2Fwp%2Fv2%2Fmedia&parent=10672"}],"wp:term":[{"taxonomy":"category","embeddable":true,"href":"https:\/\/altinisik.org\/index.php?rest_route=%2Fwp%2Fv2%2Fcategories&post=10672"},{"taxonomy":"post_tag","embeddable":true,"href":"https:\/\/altinisik.org\/index.php?rest_route=%2Fwp%2Fv2%2Ftags&post=10672"}],"curies":[{"name":"wp","href":"https:\/\/api.w.org\/{rel}","templated":true}]}}