{"id":10653,"date":"2025-05-02T22:02:52","date_gmt":"2025-05-02T20:02:52","guid":{"rendered":"https:\/\/altinisik.org\/?p=10653"},"modified":"2025-05-08T13:37:18","modified_gmt":"2025-05-08T11:37:18","slug":"verfassungsschutz-bestatigt-afd-ist-erwiesen-rechtsextremistisch","status":"publish","type":"post","link":"https:\/\/altinisik.org\/?p=10653","title":{"rendered":"Verfassungsschutz best\u00e4tigt: AfD ist erwiesen rechtsextremistisch"},"content":{"rendered":"\t\t<div data-elementor-type=\"wp-post\" data-elementor-id=\"10653\" class=\"elementor elementor-10653\" data-elementor-post-type=\"post\">\n\t\t\t\t\t\t<section class=\"elementor-section elementor-top-section elementor-element elementor-element-5537707e elementor-section-boxed elementor-section-height-default elementor-section-height-default\" data-id=\"5537707e\" data-element_type=\"section\" data-e-type=\"section\">\n\t\t\t\t\t\t<div class=\"elementor-container elementor-column-gap-default\">\n\t\t\t\t\t<div class=\"elementor-column elementor-col-100 elementor-top-column elementor-element elementor-element-63e2eabf\" data-id=\"63e2eabf\" data-element_type=\"column\" data-e-type=\"column\">\n\t\t\t<div class=\"elementor-widget-wrap elementor-element-populated\">\n\t\t\t\t\t\t<div class=\"elementor-element elementor-element-ebb7753 elementor-widget elementor-widget-theme-post-featured-image elementor-widget-image\" data-id=\"ebb7753\" data-element_type=\"widget\" data-e-type=\"widget\" data-widget_type=\"theme-post-featured-image.default\">\n\t\t\t\t<div class=\"elementor-widget-container\">\n\t\t\t\t\t\t\t\t\t\t\t\t\t\t\t<img fetchpriority=\"high\" decoding=\"async\" width=\"800\" height=\"450\" src=\"https:\/\/altinisik.org\/wp-content\/uploads\/2025\/05\/Verfassungsschutz-1024x576.jpg\" class=\"attachment-large size-large wp-image-10654\" alt=\"\" srcset=\"https:\/\/altinisik.org\/wp-content\/uploads\/2025\/05\/Verfassungsschutz-1024x576.jpg 1024w, https:\/\/altinisik.org\/wp-content\/uploads\/2025\/05\/Verfassungsschutz-300x169.jpg 300w, https:\/\/altinisik.org\/wp-content\/uploads\/2025\/05\/Verfassungsschutz-768x432.jpg 768w, https:\/\/altinisik.org\/wp-content\/uploads\/2025\/05\/Verfassungsschutz-1536x864.jpg 1536w, https:\/\/altinisik.org\/wp-content\/uploads\/2025\/05\/Verfassungsschutz.jpg 1920w\" sizes=\"(max-width: 800px) 100vw, 800px\" \/>\t\t\t\t\t\t\t\t\t\t\t\t\t\t\t<\/div>\n\t\t\t\t<\/div>\n\t\t\t\t<div class=\"elementor-element elementor-element-22c44f6e elementor-widget elementor-widget-text-editor\" data-id=\"22c44f6e\" data-element_type=\"widget\" data-e-type=\"widget\" data-widget_type=\"text-editor.default\">\n\t\t\t\t<div class=\"elementor-widget-container\">\n\t\t\t\t\t\t\t\t\t\n<p>Der Bundesverfassungsschutz hat seine Einsch\u00e4tzung zur AfD versch\u00e4rft und die Partei nun als \u201eerwiesen rechtsextremistische Bestrebung\u201c eingestuft. Diese Entscheidung markiert einen Wendepunkt in der Auseinandersetzung mit der Partei und unterstreicht die Gefahren, die von ihren Positionen f\u00fcr die freiheitlich-demokratische Grundordnung ausgehen.<\/p>\n\n<p>Langj\u00e4hrige Beobachtung und Beweislage<\/p>\n\n<p>Die Einstufung der AfD als \u201eerwiesen rechtsextremistisch\u201c ist das Ergebnis einer jahrelangen Beobachtung und Analyse durch den Verfassungsschutz. Zuvor wurde die Partei als \u201eVerdachtsfall\u201c gef\u00fchrt, was bereits eine deutliche Warnung darstellte. Die nun erfolgte Hochstufung basiert auf einer umfassenden Sammlung von Beweisen, die die rechtsextremistischen Bestrebungen der AfD zweifelsfrei belegen.<\/p>\n\n<p>Kernpunkte der Entscheidung<\/p>\n\n<p>a) Verfassungsfeindliche Positionen: Der Verfassungsschutz hat zahlreiche \u00c4u\u00dferungen und Handlungen der AfD dokumentiert, die gegen die Grundprinzipien der Demokratie, die Menschenw\u00fcrde und die Rechtsstaatlichkeit versto\u00dfen.<\/p>\n\n<p>b) Vernetzung mit Rechtsextremisten: Die AfD pflegt enge Kontakte zu bekannten Rechtsextremisten und -organisationen. Diese Vernetzung tr\u00e4gt zur Verbreitung extremistischer Ideologien bei.<\/p>\n\n<p>c) Agitation gegen Minderheiten: Die AfD sch\u00fcrt gezielt Ressentiments gegen Minderheiten, insbesondere gegen Migranten und Muslime. Diese Agitation tr\u00e4gt zur Spaltung der Gesellschaft bei und f\u00f6rdert ein Klima der Angst und des Hasses.<\/p>\n\n<p>d) Relativierung des Nationalsozialismus: Einzelne AfD-Vertreter haben in der Vergangenheit den Nationalsozialismus relativiert oder verharmlost. Solche \u00c4u\u00dferungen sind ein direkter Angriff auf die historische Verantwortung Deutschlands.<\/p>\n\n<p>Bedeutung der Entscheidung<\/p>\n\n<p>Die Einstufung der AfD als \u201eerwiesen rechtsextremistisch\u201c hat weitreichende Konsequenzen. Sie erm\u00f6glicht es den Sicherheitsbeh\u00f6rden, die Partei und ihre Mitglieder umfassender zu \u00fcberwachen und gegebenenfalls Ma\u00dfnahmen zum Schutz der Verfassung zu ergreifen. Zudem sendet sie ein deutliches Signal an die \u00d6ffentlichkeit, dass die AfD eine Gefahr f\u00fcr die Demokratie darstellt.<\/p>\n\n<p>Schutz der Demokratie Die Entscheidung des Verfassungsschutzes ist ein wichtiger Schritt zum Schutz der freiheitlich-demokratischen Grundordnung. Sie unterstreicht die Notwendigkeit, rechtsextremistischen Bestrebungen entschieden entgegenzutreten und die Werte unserer Demokratie\u00a0zu\u00a0verteidigen.<\/p>\n\t\t\t\t\t\t\t\t<\/div>\n\t\t\t\t<\/div>\n\t\t\t\t\t<\/div>\n\t\t<\/div>\n\t\t\t\t\t<\/div>\n\t\t<\/section>\n\t\t\t\t<section class=\"elementor-section elementor-top-section elementor-element elementor-element-c6407b1 elementor-section-boxed elementor-section-height-default elementor-section-height-default\" data-id=\"c6407b1\" data-element_type=\"section\" data-e-type=\"section\">\n\t\t\t\t\t\t<div class=\"elementor-container elementor-column-gap-default\">\n\t\t\t\t\t<div class=\"elementor-column elementor-col-100 elementor-top-column elementor-element elementor-element-a823bdb\" data-id=\"a823bdb\" data-element_type=\"column\" data-e-type=\"column\">\n\t\t\t<div class=\"elementor-widget-wrap elementor-element-populated\">\n\t\t\t\t\t\t<div class=\"elementor-element elementor-element-c6ae484 elementor-share-buttons--view-icon-text elementor-share-buttons--skin-gradient elementor-share-buttons--shape-square elementor-grid-0 elementor-share-buttons--color-official elementor-widget elementor-widget-share-buttons\" data-id=\"c6ae484\" data-element_type=\"widget\" data-e-type=\"widget\" data-widget_type=\"share-buttons.default\">\n\t\t\t\t<div class=\"elementor-widget-container\">\n\t\t\t\t\t\t\t<div class=\"elementor-grid\" role=\"list\">\n\t\t\t\t\t\t\t\t<div class=\"elementor-grid-item\" role=\"listitem\">\n\t\t\t\t\t\t<div class=\"elementor-share-btn elementor-share-btn_facebook\" role=\"button\" tabindex=\"0\" aria-label=\"Share on facebook\">\n\t\t\t\t\t\t\t\t\t\t\t\t\t\t\t<span class=\"elementor-share-btn__icon\">\n\t\t\t\t\t\t\t\t<i class=\"fab fa-facebook\" aria-hidden=\"true\"><\/i>\t\t\t\t\t\t\t<\/span>\n\t\t\t\t\t\t\t\t\t\t\t\t\t\t\t\t\t\t\t\t\t\t<div class=\"elementor-share-btn__text\">\n\t\t\t\t\t\t\t\t\t\t\t\t\t\t\t\t\t\t\t<span class=\"elementor-share-btn__title\">\n\t\t\t\t\t\t\t\t\t\tFacebook\t\t\t\t\t\t\t\t\t<\/span>\n\t\t\t\t\t\t\t\t\t\t\t\t\t\t\t\t\t<\/div>\n\t\t\t\t\t\t\t\t\t\t\t\t\t<\/div>\n\t\t\t\t\t<\/div>\n\t\t\t\t\t\t\t\t\t<div class=\"elementor-grid-item\" role=\"listitem\">\n\t\t\t\t\t\t<div class=\"elementor-share-btn elementor-share-btn_twitter\" role=\"button\" tabindex=\"0\" aria-label=\"Share on twitter\">\n\t\t\t\t\t\t\t\t\t\t\t\t\t\t\t<span class=\"elementor-share-btn__icon\">\n\t\t\t\t\t\t\t\t<i class=\"fab fa-twitter\" aria-hidden=\"true\"><\/i>\t\t\t\t\t\t\t<\/span>\n\t\t\t\t\t\t\t\t\t\t\t\t\t\t\t\t\t\t\t\t\t\t<div class=\"elementor-share-btn__text\">\n\t\t\t\t\t\t\t\t\t\t\t\t\t\t\t\t\t\t\t<span class=\"elementor-share-btn__title\">\n\t\t\t\t\t\t\t\t\t\tTwitter\t\t\t\t\t\t\t\t\t<\/span>\n\t\t\t\t\t\t\t\t\t\t\t\t\t\t\t\t\t<\/div>\n\t\t\t\t\t\t\t\t\t\t\t\t\t<\/div>\n\t\t\t\t\t<\/div>\n\t\t\t\t\t\t\t\t\t<div class=\"elementor-grid-item\" role=\"listitem\">\n\t\t\t\t\t\t<div class=\"elementor-share-btn elementor-share-btn_linkedin\" role=\"button\" tabindex=\"0\" aria-label=\"Share on linkedin\">\n\t\t\t\t\t\t\t\t\t\t\t\t\t\t\t<span class=\"elementor-share-btn__icon\">\n\t\t\t\t\t\t\t\t<i class=\"fab fa-linkedin\" aria-hidden=\"true\"><\/i>\t\t\t\t\t\t\t<\/span>\n\t\t\t\t\t\t\t\t\t\t\t\t\t\t\t\t\t\t\t\t\t\t<div class=\"elementor-share-btn__text\">\n\t\t\t\t\t\t\t\t\t\t\t\t\t\t\t\t\t\t\t<span class=\"elementor-share-btn__title\">\n\t\t\t\t\t\t\t\t\t\tLinkedIn\t\t\t\t\t\t\t\t\t<\/span>\n\t\t\t\t\t\t\t\t\t\t\t\t\t\t\t\t\t<\/div>\n\t\t\t\t\t\t\t\t\t\t\t\t\t<\/div>\n\t\t\t\t\t<\/div>\n\t\t\t\t\t\t<\/div>\n\t\t\t\t\t\t<\/div>\n\t\t\t\t<\/div>\n\t\t\t\t\t<\/div>\n\t\t<\/div>\n\t\t\t\t\t<\/div>\n\t\t<\/section>\n\t\t\t\t<\/div>\n\t\t","protected":false},"excerpt":{"rendered":"<p>Der Bundesverfassungsschutz hat seine Einsch\u00e4tzung zur AfD versch\u00e4rft und die Partei nun als \u201eerwiesen rechtsextremistische Bestrebung\u201c eingestuft. Diese Entscheidung markiert einen Wendepunkt in der Auseinandersetzung mit der Partei und unterstreicht die Gefahren, die von ihren Positionen f\u00fcr die freiheitlich-demokratische Grundordnung ausgehen. Langj\u00e4hrige Beobachtung und Beweislage Die Einstufung der AfD als \u201eerwiesen rechtsextremistisch\u201c ist das Ergebnis [&hellip;]<\/p>\n","protected":false},"author":2,"featured_media":10654,"comment_status":"closed","ping_status":"","sticky":false,"template":"","format":"standard","meta":{"_jetpack_memberships_contains_paid_content":false,"footnotes":""},"categories":[83],"tags":[],"class_list":["post-10653","post","type-post","status-publish","format-standard","has-post-thumbnail","hentry","category-cevre-ve-politika"],"jetpack_featured_media_url":"https:\/\/altinisik.org\/wp-content\/uploads\/2025\/05\/Verfassungsschutz.jpg","jetpack_sharing_enabled":true,"_links":{"self":[{"href":"https:\/\/altinisik.org\/index.php?rest_route=\/wp\/v2\/posts\/10653","targetHints":{"allow":["GET"]}}],"collection":[{"href":"https:\/\/altinisik.org\/index.php?rest_route=\/wp\/v2\/posts"}],"about":[{"href":"https:\/\/altinisik.org\/index.php?rest_route=\/wp\/v2\/types\/post"}],"author":[{"embeddable":true,"href":"https:\/\/altinisik.org\/index.php?rest_route=\/wp\/v2\/users\/2"}],"replies":[{"embeddable":true,"href":"https:\/\/altinisik.org\/index.php?rest_route=%2Fwp%2Fv2%2Fcomments&post=10653"}],"version-history":[{"count":10,"href":"https:\/\/altinisik.org\/index.php?rest_route=\/wp\/v2\/posts\/10653\/revisions"}],"predecessor-version":[{"id":10678,"href":"https:\/\/altinisik.org\/index.php?rest_route=\/wp\/v2\/posts\/10653\/revisions\/10678"}],"wp:featuredmedia":[{"embeddable":true,"href":"https:\/\/altinisik.org\/index.php?rest_route=\/wp\/v2\/media\/10654"}],"wp:attachment":[{"href":"https:\/\/altinisik.org\/index.php?rest_route=%2Fwp%2Fv2%2Fmedia&parent=10653"}],"wp:term":[{"taxonomy":"category","embeddable":true,"href":"https:\/\/altinisik.org\/index.php?rest_route=%2Fwp%2Fv2%2Fcategories&post=10653"},{"taxonomy":"post_tag","embeddable":true,"href":"https:\/\/altinisik.org\/index.php?rest_route=%2Fwp%2Fv2%2Ftags&post=10653"}],"curies":[{"name":"wp","href":"https:\/\/api.w.org\/{rel}","templated":true}]}}